{"id":58393,"date":"2014-12-10T10:00:37","date_gmt":"2014-12-10T13:00:37","guid":{"rendered":"http:\/\/www.24baires.com\/?p=58393"},"modified":"2014-12-11T10:06:43","modified_gmt":"2014-12-11T13:06:43","slug":"capitanich-la-renuncia-de-insaurralde-a-la-banca-es-una-decision-politica-y-personal","status":"publish","type":"post","link":"http:\/\/www.24baires.com\/?p=58393","title":{"rendered":"Capitanich: la renuncia de Insaurralde a la banca es una decisi\u00f3n \u00abpol\u00edtica y personal\u00bb"},"content":{"rendered":"<p><img data-recalc-dims=\"1\" loading=\"lazy\" decoding=\"async\" class=\"aligncenter size-full wp-image-39278\" src=\"https:\/\/i0.wp.com\/www.24baires.com\/wp-content\/uploads\/2014\/01\/capitanich-dolares.jpg?resize=560%2C364\" alt=\"capitanich dolares\" width=\"560\" height=\"364\" srcset=\"https:\/\/i0.wp.com\/www.24baires.com\/wp-content\/uploads\/2014\/01\/capitanich-dolares.jpg?w=560 560w, https:\/\/i0.wp.com\/www.24baires.com\/wp-content\/uploads\/2014\/01\/capitanich-dolares.jpg?resize=300%2C195 300w\" sizes=\"auto, (max-width: 560px) 100vw, 560px\" \/>El jefe de Gabinete Jorge Capitanich, asegur\u00f3 que la renuncia de Insaurralde a la banca del Frente para la Victoria\u00a0en la C\u00e1mara de Diputados, es una decisi\u00f3n \u00abpol\u00edtica\u00bb y personal.<!--more--><\/p>\n<p>El funcionario, al ser consultado sobre la decisi\u00f3n de Insaurralde de retomar la jefatura de la municipalidad de Lomas\u00a0de Zamora, en una breve respuesta dijo: \u00abes una decisi\u00f3n personal y pol\u00edtica, y cada uno es responsable de sus propias\u00a0decisiones\u00bb.<\/p>\n<p>Capitanich, en su habitual conferencia de prensa con pocas palabras se refiri\u00f3 a la determinaci\u00f3n del lomense, quien\u00a0ser\u00e1 reemplazado por el dirigente peronista de La Matanza, Luis Cigogna, cuando la C\u00e1mara Baja oficialice la renuncia de\u00a0Insaurralde.<\/p>\n<p>&nbsp;<\/p>\n<p>&nbsp;<\/p>\n<p>&nbsp;<\/p>\n<p>&nbsp;<\/p>\n<p>&nbsp;<\/p>\n<p>&nbsp;<\/p>\n<p>&nbsp;<\/p>\n<p>&nbsp;<\/p>\n<p>&nbsp;<\/p>\n<p>&nbsp;<\/p>\n<p>&nbsp;<\/p>\n<p>&nbsp;<\/p>\n<p>&nbsp;<\/p>\n<p>&nbsp;<\/p>\n<p>&nbsp;<\/p>\n<p>&nbsp;<\/p>\n","protected":false},"excerpt":{"rendered":"<p>El jefe de Gabinete Jorge Capitanich, asegur\u00f3 que la renuncia de Insaurralde a la banca del Frente para la Victoria\u00a0en la C\u00e1mara de Diputados, es una decisi\u00f3n \u00abpol\u00edtica\u00bb y personal.<\/p>\n","protected":false},"author":4,"featured_media":0,"comment_status":"open","ping_status":"open","sticky":false,"template":"","format":"standard","meta":{"_jetpack_newsletter_access":"","_jetpack_dont_email_post_to_subs":false,"_jetpack_newsletter_tier_id":0,"_jetpack_memberships_contains_paywalled_content":false,"_jetpack_memberships_contains_paid_content":false,"footnotes":""},"categories":[51],"tags":[],"class_list":["post-58393","post","type-post","status-publish","format-standard","hentry","category-politica"],"jetpack_shortlink":"https:\/\/wp.me\/p2JWE0-fbP","jetpack-related-posts":[{"id":120523,"url":"http:\/\/www.24baires.com\/?p=120523","url_meta":{"origin":58393,"position":0},"title":"Mart\u00edn Insaurralde renunci\u00f3 a su candidatura en Lomas de Zamora","author":"GB","date":"02\/10\/2023","format":false,"excerpt":"Lo hab\u00eda reclamado Sergio Massa anoche, al t\u00e9rmino del debate, y hoy se hizo realidad: Mart\u00edn Insaurralde no ser\u00e1 candidato en Lomas de Zamora. Mart\u00edn Insaurralde renunci\u00f3 esta ma\u00f1ana a su candidatura a primer concejal de Lomas de Zamora, en medio del esc\u00e1ndalo que gener\u00f3 la filtraci\u00f3n de fotos de\u2026","rel":"","context":"En \u00abElecciones\u00bb","block_context":{"text":"Elecciones","link":"http:\/\/www.24baires.com\/?cat=316"},"img":{"alt_text":"","src":"https:\/\/i0.wp.com\/www.24baires.com\/wp-content\/uploads\/2023\/10\/insaurraldejpg.jpg?resize=350%2C200","width":350,"height":200,"srcset":"https:\/\/i0.wp.com\/www.24baires.com\/wp-content\/uploads\/2023\/10\/insaurraldejpg.jpg?resize=350%2C200 1x, https:\/\/i0.wp.com\/www.24baires.com\/wp-content\/uploads\/2023\/10\/insaurraldejpg.jpg?resize=525%2C300 1.5x, https:\/\/i0.wp.com\/www.24baires.com\/wp-content\/uploads\/2023\/10\/insaurraldejpg.jpg?resize=700%2C400 2x"},"classes":[]},{"id":115334,"url":"http:\/\/www.24baires.com\/?p=115334","url_meta":{"origin":58393,"position":1},"title":"El Presidente suspendi\u00f3 su viaje a Catamarca tras el coronavirus positivo de Insaurralde","author":"AF","date":"12\/06\/2020","format":false,"excerpt":"El ministro de Desarrollo Social, Daniel Arroyo, hab\u00eda tenido contacto con el intendente de Lomas de Zamora y forma parte de la comitiva presidencial. Por ese motivo, y por prevenci\u00f3n, el Presidente tom\u00f3 la decisi\u00f3n de suspender su visita a la \u00fanica provincia de Argentina sin casos de coronavirus. El\u2026","rel":"","context":"En \u00abPol\u00edtica\u00bb","block_context":{"text":"Pol\u00edtica","link":"http:\/\/www.24baires.com\/?cat=51"},"img":{"alt_text":"","src":"https:\/\/i0.wp.com\/www.24baires.com\/wp-content\/uploads\/2020\/06\/alberto-kicillof-larreta.jpg?resize=350%2C200","width":350,"height":200,"srcset":"https:\/\/i0.wp.com\/www.24baires.com\/wp-content\/uploads\/2020\/06\/alberto-kicillof-larreta.jpg?resize=350%2C200 1x, https:\/\/i0.wp.com\/www.24baires.com\/wp-content\/uploads\/2020\/06\/alberto-kicillof-larreta.jpg?resize=525%2C300 1.5x"},"classes":[]},{"id":120531,"url":"http:\/\/www.24baires.com\/?p=120531","url_meta":{"origin":58393,"position":2},"title":"Kicillof: \u00abHay una provincia que no va a poder soportar un programa de derecha\u201d","author":"GB","date":"05\/10\/2023","format":false,"excerpt":"El gobernador, Axel Kicillof, retom\u00f3 la campa\u00f1a electoral, habl\u00f3 sobre el futuro de la Provincia y apunt\u00f3 contra los candidatos opositores: \"Lo que proponen es una estafa\". El gobernador de la provincia de Buenos Aires, Axel Kicillof retom\u00f3 la campa\u00f1a de cara a las elecciones del 22 de octubre, luego\u2026","rel":"","context":"En \u00abProvincia\u00bb","block_context":{"text":"Provincia","link":"http:\/\/www.24baires.com\/?cat=40"},"img":{"alt_text":"","src":"https:\/\/i0.wp.com\/www.24baires.com\/wp-content\/uploads\/2023\/10\/kicillof.webp?resize=350%2C200","width":350,"height":200,"srcset":"https:\/\/i0.wp.com\/www.24baires.com\/wp-content\/uploads\/2023\/10\/kicillof.webp?resize=350%2C200 1x, https:\/\/i0.wp.com\/www.24baires.com\/wp-content\/uploads\/2023\/10\/kicillof.webp?resize=525%2C300 1.5x, https:\/\/i0.wp.com\/www.24baires.com\/wp-content\/uploads\/2023\/10\/kicillof.webp?resize=700%2C400 2x"},"classes":[]},{"id":102994,"url":"http:\/\/www.24baires.com\/?p=102994","url_meta":{"origin":58393,"position":3},"title":"Insaurralde lanz\u00f3 su carrera por la Gobernaci\u00f3n bonaerense","author":"GB","date":"26\/06\/2018","format":false,"excerpt":"El intendente de Lomas de Zamora, Mart\u00edn Insaurralde, se anot\u00f3 hoy oficialmente en la carrera por la Gobernaci\u00f3n bonaerense, al difundir el apoyo de una docena de intendentes para que empiece a \"caminar la provincia\". El intendente, uno de los principales referentes del peronismo \"dialoguista\" en la provincia, reuni\u00f3 hoy\u2026","rel":"","context":"En \u00abProvincia\u00bb","block_context":{"text":"Provincia","link":"http:\/\/www.24baires.com\/?cat=40"},"img":{"alt_text":"","src":"https:\/\/i0.wp.com\/www.24baires.com\/wp-content\/uploads\/2018\/06\/insaurralde-300x200.jpg?resize=350%2C200","width":350,"height":200},"classes":[]},{"id":58455,"url":"http:\/\/www.24baires.com\/?p=58455","url_meta":{"origin":58393,"position":4},"title":"Bossio asegur\u00f3 que Insaurralde \u00abes el Borocot\u00f3 de estos tiempos\u00bb","author":"AF","date":"11\/12\/2014","format":false,"excerpt":"El titular de la Anses, Diego Bossio, afirm\u00f3 este jueves que la renuncia del diputado nacional Mart\u00edn Insaurralde es \u201cdesconcertante\u201d; advirti\u00f3 que con esa decisi\u00f3n se est\u00e1 \u201cdando la espalda al mandato popular\u201d que asumi\u00f3 en 2013 cuando fue candidato del kirchnerismo\u201d y que \u201cposiblemente estemos en presencia del nuevo\u2026","rel":"","context":"En \u00abPol\u00edtica\u00bb","block_context":{"text":"Pol\u00edtica","link":"http:\/\/www.24baires.com\/?cat=51"},"img":{"alt_text":"diego-bossio-anses","src":"https:\/\/i0.wp.com\/www.24baires.com\/wp-content\/uploads\/2014\/07\/diego-bossio-anses.jpg?resize=350%2C200","width":350,"height":200,"srcset":"https:\/\/i0.wp.com\/www.24baires.com\/wp-content\/uploads\/2014\/07\/diego-bossio-anses.jpg?resize=350%2C200 1x, https:\/\/i0.wp.com\/www.24baires.com\/wp-content\/uploads\/2014\/07\/diego-bossio-anses.jpg?resize=525%2C300 1.5x"},"classes":[]},{"id":46074,"url":"http:\/\/www.24baires.com\/?p=46074","url_meta":{"origin":58393,"position":5},"title":"No escupir para arriba: Posse critic\u00f3 a Insaurralde por algo que \u00e9l tambi\u00e9n hace","author":"Grupo Sierra","date":"15\/05\/2014","format":false,"excerpt":"El intendente de San Isidro quiso cuestionar a Mart\u00edn Insaurralde porque no renunci\u00f3 al municipio para ser intendente pero se olvid\u00f3 que en el Frente Renovador hay varios jefes comunales que hicieron lo mismo que el lomense e incluso \u00e9l hace a\u00f1os que est\u00e1 en el cargo. \u00bfSe viene un\u2026","rel":"","context":"En \u00abPol\u00edtica\u00bb","block_context":{"text":"Pol\u00edtica","link":"http:\/\/www.24baires.com\/?cat=51"},"img":{"alt_text":"gustavo-posse","src":"https:\/\/i0.wp.com\/www.24baires.com\/wp-content\/uploads\/2014\/01\/gustavo-posse.jpg?resize=350%2C200","width":350,"height":200,"srcset":"https:\/\/i0.wp.com\/www.24baires.com\/wp-content\/uploads\/2014\/01\/gustavo-posse.jpg?resize=350%2C200 1x, https:\/\/i0.wp.com\/www.24baires.com\/wp-content\/uploads\/2014\/01\/gustavo-posse.jpg?resize=525%2C300 1.5x"},"classes":[]}],"jetpack_sharing_enabled":true,"jetpack_likes_enabled":true,"jetpack_featured_media_url":"","_links":{"self":[{"href":"http:\/\/www.24baires.com\/index.php?rest_route=\/wp\/v2\/posts\/58393","targetHints":{"allow":["GET"]}}],"collection":[{"href":"http:\/\/www.24baires.com\/index.php?rest_route=\/wp\/v2\/posts"}],"about":[{"href":"http:\/\/www.24baires.com\/index.php?rest_route=\/wp\/v2\/types\/post"}],"author":[{"embeddable":true,"href":"http:\/\/www.24baires.com\/index.php?rest_route=\/wp\/v2\/users\/4"}],"replies":[{"embeddable":true,"href":"http:\/\/www.24baires.com\/index.php?rest_route=%2Fwp%2Fv2%2Fcomments&post=58393"}],"version-history":[{"count":2,"href":"http:\/\/www.24baires.com\/index.php?rest_route=\/wp\/v2\/posts\/58393\/revisions"}],"predecessor-version":[{"id":58395,"href":"http:\/\/www.24baires.com\/index.php?rest_route=\/wp\/v2\/posts\/58393\/revisions\/58395"}],"wp:attachment":[{"href":"http:\/\/www.24baires.com\/index.php?rest_route=%2Fwp%2Fv2%2Fmedia&parent=58393"}],"wp:term":[{"taxonomy":"category","embeddable":true,"href":"http:\/\/www.24baires.com\/index.php?rest_route=%2Fwp%2Fv2%2Fcategories&post=58393"},{"taxonomy":"post_tag","embeddable":true,"href":"http:\/\/www.24baires.com\/index.php?rest_route=%2Fwp%2Fv2%2Ftags&post=58393"}],"curies":[{"name":"wp","href":"https:\/\/api.w.org\/{rel}","templated":true}]}}