{"id":58369,"date":"2014-12-09T17:30:39","date_gmt":"2014-12-09T20:30:39","guid":{"rendered":"http:\/\/www.24baires.com\/?p=58369"},"modified":"2014-12-09T17:10:58","modified_gmt":"2014-12-09T20:10:58","slug":"scioli-en-corrientes-mas-industrializacion-significa-mas-desarrollo","status":"publish","type":"post","link":"http:\/\/www.24baires.com\/?p=58369","title":{"rendered":"Scioli en Corrientes: \u00abM\u00e1s industrializaci\u00f3n significa m\u00e1s desarrollo\u00bb"},"content":{"rendered":"<p><img data-recalc-dims=\"1\" loading=\"lazy\" decoding=\"async\" class=\"aligncenter size-full wp-image-52743\" src=\"https:\/\/i0.wp.com\/www.24baires.com\/wp-content\/uploads\/2014\/08\/scioli-saludo.jpg?resize=560%2C373\" alt=\"scioli saludo\" width=\"560\" height=\"373\" srcset=\"https:\/\/i0.wp.com\/www.24baires.com\/wp-content\/uploads\/2014\/08\/scioli-saludo.jpg?w=560 560w, https:\/\/i0.wp.com\/www.24baires.com\/wp-content\/uploads\/2014\/08\/scioli-saludo.jpg?resize=300%2C199 300w\" sizes=\"auto, (max-width: 560px) 100vw, 560px\" \/>El Gobernador particip\u00f3 de la inauguraci\u00f3n en Corrientes de una obra de asfalto y firmar un convenio de Cooperaci\u00f3n e Intercambio de informaci\u00f3n para promover la industria.<!--more--><\/p>\n<p>El gobernador Daniel Scioli reafirm\u00f3 hoy que \u00abm\u00e1s industrializaci\u00f3n significa m\u00e1s desarrollo\u00bb, al participar de la inauguraci\u00f3n en Corrientes de una obra de asfalto y firmar un convenio de Cooperaci\u00f3n e Intercambio de informaci\u00f3n para promover la industria junto al intendente de la capital provincial, Fabi\u00e1n R\u00edos.<\/p>\n<p>\u00abInfraestructura, el corredor bioce\u00e1nico, trenes, acueductos, gasoductos, puentes, puertos, esa es la gran agenda del desarrollo\u00bb, afirm\u00f3 Scioli, al tiempo que manifest\u00f3 que para eso se necesita \u00abcada vez m\u00e1s, a partir de una pa\u00eds desendeudado, la posibilidad de financiamiento, para la p\u00fablico y lo privado\u00bb.<\/p>\n<p>Asimismo, acompa\u00f1ado por el ministro de la Producci\u00f3n, Ciencia y Tecnolog\u00eda, Cristian Breitenstein, tras firmar convenios de Cooperaci\u00f3n e Intercambio de informaci\u00f3n para promover la industria, parques, \u00e1reas, distritos y agrupamientos industriales, celebr\u00f3 que se est\u00e9 \u00abarticulando una pujanza en los parques industriales para tener inversiones que, conjuntamente con el gas, con la electricidad, permitan desarrollarse a flamantes sectores productivos no tradicionales que no se generaban a partir de la matriz energ\u00e9tica\u00bb.<\/p>\n<p>Por \u00faltimo, Scioli adelant\u00f3 que fue invitado a Estados Unidos por el ex presidente Bill Clinton, para reunirse el pr\u00f3ximo jueves con el presidente del BID, Luis Alberto Moreno, para trabajar en el futuro del desarrollo del pa\u00eds de los pr\u00f3ximos a\u00f1os.<\/p>\n<p>&nbsp;<\/p>\n<p>&nbsp;<\/p>\n<p>&nbsp;<\/p>\n<p>&nbsp;<\/p>\n<p>&nbsp;<\/p>\n<p>&nbsp;<\/p>\n<p>&nbsp;<\/p>\n<p>&nbsp;<\/p>\n<p>&nbsp;<\/p>\n<p>&nbsp;<\/p>\n<p>&nbsp;<\/p>\n<p>&nbsp;<\/p>\n","protected":false},"excerpt":{"rendered":"<p>El Gobernador particip\u00f3 de la inauguraci\u00f3n en Corrientes de una obra de asfalto y firmar un convenio de Cooperaci\u00f3n e Intercambio de informaci\u00f3n para promover la industria.<\/p>\n","protected":false},"author":8,"featured_media":0,"comment_status":"open","ping_status":"open","sticky":false,"template":"","format":"standard","meta":{"_jetpack_newsletter_access":"","_jetpack_dont_email_post_to_subs":false,"_jetpack_newsletter_tier_id":0,"_jetpack_memberships_contains_paywalled_content":false,"_jetpack_memberships_contains_paid_content":false,"footnotes":""},"categories":[51],"tags":[],"class_list":["post-58369","post","type-post","status-publish","format-standard","hentry","category-politica"],"jetpack_shortlink":"https:\/\/wp.me\/p2JWE0-fbr","jetpack-related-posts":[{"id":56918,"url":"http:\/\/www.24baires.com\/?p=56918","url_meta":{"origin":58369,"position":0},"title":"Scioli firm\u00f3 convenio de cooperaci\u00f3n con un municipio de China","author":"AF","date":"11\/11\/2014","format":false,"excerpt":"El gobernador Daniel Scioli firmar\u00e1 hoy un memorando de entendimiento sobre cooperaci\u00f3n entre el municipio de Chongqing de la Rep\u00fablica Popular de China y la provincia de Buenos Aires, en el Polo Industrial de General Rodr\u00edguez (Ruta provincial 24 y calle Corrientes). Junto al ministro de Producci\u00f3n, Ciencia y Tecnolog\u00eda,\u2026","rel":"","context":"En \u00abPol\u00edtica\u00bb","block_context":{"text":"Pol\u00edtica","link":"http:\/\/www.24baires.com\/?cat=51"},"img":{"alt_text":"scioli sorteo","src":"https:\/\/i0.wp.com\/www.24baires.com\/wp-content\/uploads\/2014\/05\/scioli-sorteo.jpg?resize=350%2C200","width":350,"height":200,"srcset":"https:\/\/i0.wp.com\/www.24baires.com\/wp-content\/uploads\/2014\/05\/scioli-sorteo.jpg?resize=350%2C200 1x, https:\/\/i0.wp.com\/www.24baires.com\/wp-content\/uploads\/2014\/05\/scioli-sorteo.jpg?resize=525%2C300 1.5x"},"classes":[]},{"id":64795,"url":"http:\/\/www.24baires.com\/?p=64795","url_meta":{"origin":58369,"position":1},"title":"\u201cQue el verdadero cambio no sea volver a empezar\u201d, dijo Scioli","author":"GB","date":"23\/04\/2015","format":false,"excerpt":"El gobernador bonaerense, Daniel Scioli, pidi\u00f3 \u201cque el verdadero cambio no sea volver a empezar\u201d, en referencia a las elecciones presidenciales de octubre pr\u00f3ximo, y sostuvo que \u201ceste espacio pol\u00edtico fue el que m\u00e1s defendi\u00f3 a los trabajadores y a los m\u00e1s humildes, que son los que necesitaron la ayuda\u2026","rel":"","context":"En \u00abPol\u00edtica\u00bb","block_context":{"text":"Pol\u00edtica","link":"http:\/\/www.24baires.com\/?cat=51"},"img":{"alt_text":"scioli saludo","src":"https:\/\/i0.wp.com\/www.24baires.com\/wp-content\/uploads\/2014\/08\/scioli-saludo.jpg?resize=350%2C200","width":350,"height":200,"srcset":"https:\/\/i0.wp.com\/www.24baires.com\/wp-content\/uploads\/2014\/08\/scioli-saludo.jpg?resize=350%2C200 1x, https:\/\/i0.wp.com\/www.24baires.com\/wp-content\/uploads\/2014\/08\/scioli-saludo.jpg?resize=525%2C300 1.5x"},"classes":[]},{"id":101122,"url":"http:\/\/www.24baires.com\/?p=101122","url_meta":{"origin":58369,"position":2},"title":"Indagar\u00e1n a Scioli por irregularidades en la construcci\u00f3n de las UPA 24","author":"AF","date":"17\/03\/2018","format":false,"excerpt":"El ex gobernador Daniel Scioli y quien fuera su ministro de Salud, Alejandro Collia, fueron imputados y citados a prestar declaraci\u00f3n indagatoria en el marco de una causa que investiga presuntas irregularidades en la adjudicaci\u00f3n de ocho Unidades de Pronta Atenci\u00f3n (UPA 24) para las que se destinaron m\u00e1s de\u2026","rel":"","context":"En \u00abJUDICIALES\u00bb","block_context":{"text":"JUDICIALES","link":"http:\/\/www.24baires.com\/?cat=68"},"img":{"alt_text":"","src":"https:\/\/i0.wp.com\/www.24baires.com\/wp-content\/uploads\/2014\/05\/Daniel-Scioli.jpg?resize=350%2C200","width":350,"height":200,"srcset":"https:\/\/i0.wp.com\/www.24baires.com\/wp-content\/uploads\/2014\/05\/Daniel-Scioli.jpg?resize=350%2C200 1x, https:\/\/i0.wp.com\/www.24baires.com\/wp-content\/uploads\/2014\/05\/Daniel-Scioli.jpg?resize=525%2C300 1.5x"},"classes":[]},{"id":120034,"url":"http:\/\/www.24baires.com\/?p=120034","url_meta":{"origin":58369,"position":3},"title":"Con una agenda industrial, Axel Kicillof llega a Brasil","author":"GB","date":"24\/04\/2023","format":false,"excerpt":"El gobernador de la provincia de Buenos Aires, Axel Kicillof, estar\u00e1 hoy y ma\u00f1ana en la ciudad de S\u00e3o Paulo. Como hab\u00eda anticipado INFOCIELO, el gobernador de la provincia de Buenos Aires, Axel Kicillof, comienza su semana en Brasil. El mandatario estar\u00e1 en S\u00e3o Paulo, la ciudad m\u00e1s poblada del\u2026","rel":"","context":"En \u00abEconom\u00eda\u00bb","block_context":{"text":"Econom\u00eda","link":"http:\/\/www.24baires.com\/?cat=45"},"img":{"alt_text":"","src":"https:\/\/i0.wp.com\/www.24baires.com\/wp-content\/uploads\/2023\/04\/kicillof-brasil.webp?resize=350%2C200","width":350,"height":200,"srcset":"https:\/\/i0.wp.com\/www.24baires.com\/wp-content\/uploads\/2023\/04\/kicillof-brasil.webp?resize=350%2C200 1x, https:\/\/i0.wp.com\/www.24baires.com\/wp-content\/uploads\/2023\/04\/kicillof-brasil.webp?resize=525%2C300 1.5x, https:\/\/i0.wp.com\/www.24baires.com\/wp-content\/uploads\/2023\/04\/kicillof-brasil.webp?resize=700%2C400 2x"},"classes":[]},{"id":108387,"url":"http:\/\/www.24baires.com\/?p=108387","url_meta":{"origin":58369,"position":4},"title":"Scioli ratific\u00f3 su candidatura presidencial","author":"GB","date":"25\/05\/2019","format":false,"excerpt":"El exgobernador de la Provincia de Buenos Aires particip\u00f3 del Congreso Educativo de Ajedrez que se realiz\u00f3 en la ciudad balnearia y manifest\u00f3 sus deseos de ser el primer mandatario del pa\u00eds despu\u00e9s del 10 de diciembre, sin embargo aclar\u00f3: \u201cVer\u00e9 como peronista en qu\u00e9 lugar puedo hacer mi mayor\u2026","rel":"","context":"En \u00abPol\u00edtica\u00bb","block_context":{"text":"Pol\u00edtica","link":"http:\/\/www.24baires.com\/?cat=51"},"img":{"alt_text":"","src":"https:\/\/i0.wp.com\/www.24baires.com\/wp-content\/uploads\/2019\/05\/scioli-mar-del.jpg?resize=350%2C200","width":350,"height":200,"srcset":"https:\/\/i0.wp.com\/www.24baires.com\/wp-content\/uploads\/2019\/05\/scioli-mar-del.jpg?resize=350%2C200 1x, https:\/\/i0.wp.com\/www.24baires.com\/wp-content\/uploads\/2019\/05\/scioli-mar-del.jpg?resize=525%2C300 1.5x"},"classes":[]},{"id":121711,"url":"http:\/\/www.24baires.com\/?p=121711","url_meta":{"origin":58369,"position":5},"title":"Kicillof firm\u00f3 un convenio con M\u00e9xico para impulsar el desarrollo del litio","author":"GB","date":"03\/10\/2024","format":false,"excerpt":"El acuerdo firmado por Axel Kicillof en M\u00e9xico impulsa la cooperaci\u00f3n en investigaci\u00f3n sobre el litio, marcando un avance significativo en la ciencia bonaerense. Durante su reciente visita a M\u00e9xico, el gobernador de la provincia de Buenos Aires, Axel Kicillof, firm\u00f3 un convenio de cooperaci\u00f3n que busca fomentar la colaboraci\u00f3n\u2026","rel":"","context":"En \u00abProvincia\u00bb","block_context":{"text":"Provincia","link":"http:\/\/www.24baires.com\/?cat=40"},"img":{"alt_text":"","src":"https:\/\/i0.wp.com\/www.24baires.com\/wp-content\/uploads\/2024\/10\/kici-litio-mex.webp?resize=350%2C200","width":350,"height":200,"srcset":"https:\/\/i0.wp.com\/www.24baires.com\/wp-content\/uploads\/2024\/10\/kici-litio-mex.webp?resize=350%2C200 1x, https:\/\/i0.wp.com\/www.24baires.com\/wp-content\/uploads\/2024\/10\/kici-litio-mex.webp?resize=525%2C300 1.5x, https:\/\/i0.wp.com\/www.24baires.com\/wp-content\/uploads\/2024\/10\/kici-litio-mex.webp?resize=700%2C400 2x"},"classes":[]}],"jetpack_sharing_enabled":true,"jetpack_likes_enabled":true,"jetpack_featured_media_url":"","_links":{"self":[{"href":"http:\/\/www.24baires.com\/index.php?rest_route=\/wp\/v2\/posts\/58369","targetHints":{"allow":["GET"]}}],"collection":[{"href":"http:\/\/www.24baires.com\/index.php?rest_route=\/wp\/v2\/posts"}],"about":[{"href":"http:\/\/www.24baires.com\/index.php?rest_route=\/wp\/v2\/types\/post"}],"author":[{"embeddable":true,"href":"http:\/\/www.24baires.com\/index.php?rest_route=\/wp\/v2\/users\/8"}],"replies":[{"embeddable":true,"href":"http:\/\/www.24baires.com\/index.php?rest_route=%2Fwp%2Fv2%2Fcomments&post=58369"}],"version-history":[{"count":1,"href":"http:\/\/www.24baires.com\/index.php?rest_route=\/wp\/v2\/posts\/58369\/revisions"}],"predecessor-version":[{"id":58370,"href":"http:\/\/www.24baires.com\/index.php?rest_route=\/wp\/v2\/posts\/58369\/revisions\/58370"}],"wp:attachment":[{"href":"http:\/\/www.24baires.com\/index.php?rest_route=%2Fwp%2Fv2%2Fmedia&parent=58369"}],"wp:term":[{"taxonomy":"category","embeddable":true,"href":"http:\/\/www.24baires.com\/index.php?rest_route=%2Fwp%2Fv2%2Fcategories&post=58369"},{"taxonomy":"post_tag","embeddable":true,"href":"http:\/\/www.24baires.com\/index.php?rest_route=%2Fwp%2Fv2%2Ftags&post=58369"}],"curies":[{"name":"wp","href":"https:\/\/api.w.org\/{rel}","templated":true}]}}