{"id":58361,"date":"2014-12-09T18:00:17","date_gmt":"2014-12-09T21:00:17","guid":{"rendered":"http:\/\/www.24baires.com\/?p=58361"},"modified":"2014-12-09T16:05:55","modified_gmt":"2014-12-09T19:05:55","slug":"carrio-le-dijo-no-a-la-unificacion-de-la-lista-al-parlasur","status":"publish","type":"post","link":"http:\/\/www.24baires.com\/?p=58361","title":{"rendered":"Carri\u00f3 le dijo NO a la unificaci\u00f3n de la lista al Parlasur"},"content":{"rendered":"<p><img data-recalc-dims=\"1\" loading=\"lazy\" decoding=\"async\" class=\"aligncenter size-full wp-image-44736\" src=\"https:\/\/i0.wp.com\/www.24baires.com\/wp-content\/uploads\/2014\/04\/carri%C3%B3.jpg?resize=560%2C313\" alt=\"carri\u00f3\" width=\"560\" height=\"313\" srcset=\"https:\/\/i0.wp.com\/www.24baires.com\/wp-content\/uploads\/2014\/04\/carri%C3%B3.jpg?w=560 560w, https:\/\/i0.wp.com\/www.24baires.com\/wp-content\/uploads\/2014\/04\/carri%C3%B3.jpg?resize=300%2C167 300w\" sizes=\"auto, (max-width: 560px) 100vw, 560px\" \/>La diputada nacional rechaz\u00f3 la propuesta de la oposici\u00f3n en una lista \u00fanica \u00abes una propuesta del establishment\u00bb.<!--more--><\/p>\n<p>El FpV busca sancionar la ley sobre elecciones del Parlasur en las sesiones de la semana pr\u00f3xima.<\/p>\n<p>La diputada nacional Elisa Carri\u00f3 (Coalici\u00f3n C\u00edvica ARI) afirm\u00f3 hoy que la unificaci\u00f3n de la oposici\u00f3n en una lista \u00fanica de diputados al Parlasur \u00abes una propuesta del establishment, los sectores concentrados de la econom\u00eda y los grupos medi\u00e1ticos que pretenden lo que se llama el Pacto de M\u00e9xico que tiene una cl\u00e1usula no escrita, la vista gorda al narcotr\u00e1fico\u201d.<\/p>\n<p>Carri\u00f3 dijo en su nota, publicada en su cuenta de Twitter, que \u201cpor eso ah\u00ed no vamos a estar\u201d.<\/p>\n<p>Agreg\u00f3 que \u201ceste es el gran Pacto de M\u00e9xico que tiene por detr\u00e1s a Eduardo Duhalde y a De Mendiguren\u201d, previo a su participaci\u00f3n en una conferencia de prensa en C\u00f3rdoba, que brindar\u00e1 junto a los diputados Oscar Aguad y H\u00e9ctor Baldassi.<\/p>\n<p>La legisladora indic\u00f3 que le ofrecieron \u00abformar parte de este acuerdo, pero no vamos a participar\u201d.<\/p>\n<p>&nbsp;<\/p>\n<p>&nbsp;<\/p>\n<p>&nbsp;<\/p>\n<p>&nbsp;<\/p>\n","protected":false},"excerpt":{"rendered":"<p>La diputada nacional rechaz\u00f3 la propuesta de la oposici\u00f3n en una lista \u00fanica \u00abes una propuesta del establishment\u00bb.<\/p>\n","protected":false},"author":11,"featured_media":0,"comment_status":"open","ping_status":"open","sticky":false,"template":"","format":"standard","meta":{"_jetpack_newsletter_access":"","_jetpack_dont_email_post_to_subs":false,"_jetpack_newsletter_tier_id":0,"_jetpack_memberships_contains_paywalled_content":false,"_jetpack_memberships_contains_paid_content":false,"footnotes":""},"categories":[51],"tags":[],"class_list":["post-58361","post","type-post","status-publish","format-standard","hentry","category-politica"],"jetpack_shortlink":"https:\/\/wp.me\/p2JWE0-fbj","jetpack-related-posts":[{"id":84019,"url":"http:\/\/www.24baires.com\/?p=84019","url_meta":{"origin":58361,"position":0},"title":"Rossi denunci\u00f3 que el gobierno de Macri esp\u00eda a ex funcionarios kirchneristas","author":"GB","date":"21\/06\/2016","format":false,"excerpt":"Fue durante la sesi\u00f3n del Parlasur donde intentaron expulsar a Jos\u00e9 L\u00f3pez. \"\u00bfSe est\u00e1 construyendo en Argentina una fuerza paraestatal como en los 70, comandado por dirigentes pol\u00edticos entre los que est\u00e1n Zuvic y Carri\u00f3, con apoyo de servicios de inteligencia?\", dispar\u00f3. El diputado del Parlasur Agust\u00edn Rossi (FPV) denunci\u00f3,\u2026","rel":"","context":"En \u00abPol\u00edtica\u00bb","block_context":{"text":"Pol\u00edtica","link":"http:\/\/www.24baires.com\/?cat=51"},"img":{"alt_text":"rossi","src":"https:\/\/i0.wp.com\/www.24baires.com\/wp-content\/uploads\/2015\/02\/rossi1.jpg?resize=350%2C200","width":350,"height":200,"srcset":"https:\/\/i0.wp.com\/www.24baires.com\/wp-content\/uploads\/2015\/02\/rossi1.jpg?resize=350%2C200 1x, https:\/\/i0.wp.com\/www.24baires.com\/wp-content\/uploads\/2015\/02\/rossi1.jpg?resize=525%2C300 1.5x"},"classes":[]},{"id":63340,"url":"http:\/\/www.24baires.com\/?p=63340","url_meta":{"origin":58361,"position":1},"title":"Carri\u00f3: \u00abA diferencia de Macri y del radicalismo yo no me financio con grandes empresarios\u00bb","author":"AF","date":"18\/03\/2015","format":false,"excerpt":"La diputada nacional por la Coalici\u00f3n C\u00edvica-ARI (CC-ARI) y precandidata presidencial, Elisa Carri\u00f3, dispar\u00f3 contra el radicalismo y el l\u00edder del PRO, Mauricio Macri. \"La gente me pidi\u00f3 Rep\u00fablica, ya est\u00e1 la posibilidad de la Rep\u00fablica; ahora guarda con lo que van a elegir porque la libertad y la responsabilidad\u2026","rel":"","context":"En \u00abElecciones 2015\u00bb","block_context":{"text":"Elecciones 2015","link":"http:\/\/www.24baires.com\/?cat=74"},"img":{"alt_text":"carri\u00f3","src":"https:\/\/i0.wp.com\/www.24baires.com\/wp-content\/uploads\/2014\/04\/carri%C3%B3.jpg?resize=350%2C200","width":350,"height":200,"srcset":"https:\/\/i0.wp.com\/www.24baires.com\/wp-content\/uploads\/2014\/04\/carri%C3%B3.jpg?resize=350%2C200 1x, https:\/\/i0.wp.com\/www.24baires.com\/wp-content\/uploads\/2014\/04\/carri%C3%B3.jpg?resize=525%2C300 1.5x"},"classes":[]},{"id":69686,"url":"http:\/\/www.24baires.com\/?p=69686","url_meta":{"origin":58361,"position":2},"title":"Rossi: \u201cLa oposici\u00f3n busca frenar el proceso de integraci\u00f3n latinoamericana\u201d","author":"AF","date":"28\/07\/2015","format":false,"excerpt":"El ministro de Defensa y candidato nacional al Parlasur, Agust\u00edn Rossi, particip\u00f3 hoy del Encuentro Nacional de Candidatos al Parlasur por el Frente para la Victoria que cerraron el candidato a presidente Daniel Scioli y a vice, Carlos Zannini, en la provincia de Mendoza. \u201cLa oposici\u00f3n busca frenar el proceso\u2026","rel":"","context":"En \u00abPol\u00edtica\u00bb","block_context":{"text":"Pol\u00edtica","link":"http:\/\/www.24baires.com\/?cat=51"},"img":{"alt_text":"rossi","src":"https:\/\/i0.wp.com\/www.24baires.com\/wp-content\/uploads\/2015\/02\/rossi1.jpg?resize=350%2C200","width":350,"height":200,"srcset":"https:\/\/i0.wp.com\/www.24baires.com\/wp-content\/uploads\/2015\/02\/rossi1.jpg?resize=350%2C200 1x, https:\/\/i0.wp.com\/www.24baires.com\/wp-content\/uploads\/2015\/02\/rossi1.jpg?resize=525%2C300 1.5x"},"classes":[]},{"id":70010,"url":"http:\/\/www.24baires.com\/?p=70010","url_meta":{"origin":58361,"position":3},"title":"Son casi 12 millones los bonaerenses habilitados para votar en las PASO","author":"AF","date":"04\/08\/2015","format":false,"excerpt":"Casi 12 millones de bonaerenses est\u00e1n habilitados para votar en las Primarias Abiertas, Simult\u00e1neas y Obligatorias (PASO) del pr\u00f3ximo domingo 9 de agosto en la que definir\u00e1n los candidatos a presidente y vice, diputados nacionales, representantes al Parlasur, gobernador y vice, legisladores provinciales, intendentes, concejales y consejeros escolares. Seg\u00fan datos\u2026","rel":"","context":"En \u00abElecciones 2015\u00bb","block_context":{"text":"Elecciones 2015","link":"http:\/\/www.24baires.com\/?cat=74"},"img":{"alt_text":"urna3","src":"https:\/\/i0.wp.com\/www.24baires.com\/wp-content\/uploads\/2013\/08\/urna3.jpg?resize=350%2C200","width":350,"height":200,"srcset":"https:\/\/i0.wp.com\/www.24baires.com\/wp-content\/uploads\/2013\/08\/urna3.jpg?resize=350%2C200 1x, https:\/\/i0.wp.com\/www.24baires.com\/wp-content\/uploads\/2013\/08\/urna3.jpg?resize=525%2C300 1.5x"},"classes":[]},{"id":103209,"url":"http:\/\/www.24baires.com\/?p=103209","url_meta":{"origin":58361,"position":4},"title":"La UCR dispar\u00f3 contra Carri\u00f3: \u00abHoy le aporta menos a Cambiemos que las propinas que deja\u00bb","author":"AF","date":"06\/07\/2018","format":false,"excerpt":"La Uni\u00f3n C\u00edvica Radical, que comparte la Alianza Cambiemos con el PRO, emiti\u00f3 un dur\u00edsimo comunicado con la diputada Elisa Carri\u00f3. Deslizaron que la pol\u00e9mica legisladora utiliza al partido como \"proyecto personal\" y \"liderazgo mesi\u00e1nico\". La UCR le respondi\u00f3 con un comunicado a Elisa Carri\u00f3 y desde el partido, no\u2026","rel":"","context":"En \u00abPol\u00edtica\u00bb","block_context":{"text":"Pol\u00edtica","link":"http:\/\/www.24baires.com\/?cat=51"},"img":{"alt_text":"","src":"https:\/\/i0.wp.com\/www.24baires.com\/wp-content\/uploads\/2018\/07\/carri%C3%B3.jpg?resize=350%2C200","width":350,"height":200,"srcset":"https:\/\/i0.wp.com\/www.24baires.com\/wp-content\/uploads\/2018\/07\/carri%C3%B3.jpg?resize=350%2C200 1x, https:\/\/i0.wp.com\/www.24baires.com\/wp-content\/uploads\/2018\/07\/carri%C3%B3.jpg?resize=525%2C300 1.5x"},"classes":[]},{"id":58487,"url":"http:\/\/www.24baires.com\/?p=58487","url_meta":{"origin":58361,"position":5},"title":"\u00abMassa es un monstruo que cre\u00f3 Clar\u00edn\u00bb","author":"Grupo Sierra","date":"11\/12\/2014","format":false,"excerpt":"\"Lilita\" Carri\u00f3 profundiz\u00f3 sus cr\u00edticas contra el Grupo y asegur\u00f3 que ella nunca \u201cdefender\u00e1 los negocios de poder de los medios\u201d. La diputada nacional Elisa Carri\u00f3 (Coalici\u00f3n C\u00edvica-ARI) profundiz\u00f3 sus cr\u00edticas al Grupo Clar\u00edn, le pidi\u00f3 que se haga cargo del \"monstruo que construy\u00f3\", en alusi\u00f3n al candidato presidencial del\u2026","rel":"","context":"En \u00abPol\u00edtica\u00bb","block_context":{"text":"Pol\u00edtica","link":"http:\/\/www.24baires.com\/?cat=51"},"img":{"alt_text":"massa carri\u00f3","src":"https:\/\/i0.wp.com\/www.24baires.com\/wp-content\/uploads\/2014\/11\/massa-carri%C3%B3.jpg?resize=350%2C200","width":350,"height":200,"srcset":"https:\/\/i0.wp.com\/www.24baires.com\/wp-content\/uploads\/2014\/11\/massa-carri%C3%B3.jpg?resize=350%2C200 1x, https:\/\/i0.wp.com\/www.24baires.com\/wp-content\/uploads\/2014\/11\/massa-carri%C3%B3.jpg?resize=525%2C300 1.5x"},"classes":[]}],"jetpack_sharing_enabled":true,"jetpack_likes_enabled":true,"jetpack_featured_media_url":"","_links":{"self":[{"href":"http:\/\/www.24baires.com\/index.php?rest_route=\/wp\/v2\/posts\/58361","targetHints":{"allow":["GET"]}}],"collection":[{"href":"http:\/\/www.24baires.com\/index.php?rest_route=\/wp\/v2\/posts"}],"about":[{"href":"http:\/\/www.24baires.com\/index.php?rest_route=\/wp\/v2\/types\/post"}],"author":[{"embeddable":true,"href":"http:\/\/www.24baires.com\/index.php?rest_route=\/wp\/v2\/users\/11"}],"replies":[{"embeddable":true,"href":"http:\/\/www.24baires.com\/index.php?rest_route=%2Fwp%2Fv2%2Fcomments&post=58361"}],"version-history":[{"count":1,"href":"http:\/\/www.24baires.com\/index.php?rest_route=\/wp\/v2\/posts\/58361\/revisions"}],"predecessor-version":[{"id":58362,"href":"http:\/\/www.24baires.com\/index.php?rest_route=\/wp\/v2\/posts\/58361\/revisions\/58362"}],"wp:attachment":[{"href":"http:\/\/www.24baires.com\/index.php?rest_route=%2Fwp%2Fv2%2Fmedia&parent=58361"}],"wp:term":[{"taxonomy":"category","embeddable":true,"href":"http:\/\/www.24baires.com\/index.php?rest_route=%2Fwp%2Fv2%2Fcategories&post=58361"},{"taxonomy":"post_tag","embeddable":true,"href":"http:\/\/www.24baires.com\/index.php?rest_route=%2Fwp%2Fv2%2Ftags&post=58361"}],"curies":[{"name":"wp","href":"https:\/\/api.w.org\/{rel}","templated":true}]}}