{"id":58347,"date":"2014-12-09T14:00:58","date_gmt":"2014-12-09T17:00:58","guid":{"rendered":"http:\/\/www.24baires.com\/?p=58347"},"modified":"2014-12-09T13:53:32","modified_gmt":"2014-12-09T16:53:32","slug":"cristina-inaugurara-el-nuevo-hospital-de-moron","status":"publish","type":"post","link":"http:\/\/www.24baires.com\/?p=58347","title":{"rendered":"Cristina inaugurar\u00e1 el nuevo hospital de Mor\u00f3n"},"content":{"rendered":"<p><img data-recalc-dims=\"1\" loading=\"lazy\" decoding=\"async\" class=\"aligncenter size-full wp-image-54683\" src=\"https:\/\/i0.wp.com\/www.24baires.com\/wp-content\/uploads\/2014\/10\/cristina.jpg?resize=560%2C381\" alt=\"cristina\" width=\"560\" height=\"381\" srcset=\"https:\/\/i0.wp.com\/www.24baires.com\/wp-content\/uploads\/2014\/10\/cristina.jpg?w=560 560w, https:\/\/i0.wp.com\/www.24baires.com\/wp-content\/uploads\/2014\/10\/cristina.jpg?resize=300%2C204 300w\" sizes=\"auto, (max-width: 560px) 100vw, 560px\" \/>La ceremonia se llevar\u00e1 a cabo a partir de las 17 en el microestadio del Polideportivo Municipal \u00abGorki Grana\u00bb, en la localidad de Castelar; y junto a la jefa de Estado estar\u00e1n all\u00ed el gobernador Daniel Scioli y el intendente local, Lucas Ghi; entre otras autoridades.<!--more--><\/p>\n<p>El nuevo hospital, que demand\u00f3 una inversi\u00f3n de 310 millones de pesos, tiene seis pisos, planta baja y subsuelo, ascensores para pacientes y para el personal, una maternidad, un centro obst\u00e9trico, salas de trabajo de parto y un sistema de cuidados progresivos.<\/p>\n<p>Asimismo, cuenta con habitaciones dobles de internaci\u00f3n con ba\u00f1o privado, televisores Led de 32&#8243; y aire acondicionado; camas de maternidad con sus correspondientes cunas para internaci\u00f3n conjunta, neonatolog\u00eda, terapia intensiva y m\u00e1s quir\u00f3fanos; entre otras prestaciones.<\/p>\n<p>&nbsp;<\/p>\n<p>&nbsp;<\/p>\n<p>&nbsp;<\/p>\n<p>&nbsp;<\/p>\n<p>&nbsp;<\/p>\n<p>&nbsp;<\/p>\n<p>&nbsp;<\/p>\n<p>&nbsp;<\/p>\n<p>&nbsp;<\/p>\n<p>&nbsp;<\/p>\n<p>&nbsp;<\/p>\n<p>&nbsp;<\/p>\n<p>&nbsp;<\/p>\n<p>&nbsp;<\/p>\n","protected":false},"excerpt":{"rendered":"<p>La ceremonia se llevar\u00e1 a cabo a partir de las 17 en el microestadio del Polideportivo Municipal \u00abGorki Grana\u00bb, en la localidad de Castelar; y junto a la jefa de Estado estar\u00e1n all\u00ed el gobernador Daniel Scioli y el intendente local, Lucas Ghi; entre otras autoridades.<\/p>\n","protected":false},"author":8,"featured_media":0,"comment_status":"open","ping_status":"open","sticky":false,"template":"","format":"standard","meta":{"_jetpack_newsletter_access":"","_jetpack_dont_email_post_to_subs":false,"_jetpack_newsletter_tier_id":0,"_jetpack_memberships_contains_paywalled_content":false,"_jetpack_memberships_contains_paid_content":false,"footnotes":""},"categories":[51],"tags":[],"class_list":["post-58347","post","type-post","status-publish","format-standard","hentry","category-politica"],"jetpack_shortlink":"https:\/\/wp.me\/p2JWE0-fb5","jetpack-related-posts":[{"id":58356,"url":"http:\/\/www.24baires.com\/?p=58356","url_meta":{"origin":58347,"position":0},"title":"Se reprogram\u00f3 la inauguraci\u00f3n del hospital de Mor\u00f3n","author":"GB","date":"09\/12\/2014","format":false,"excerpt":"Cristina Fern\u00e1ndez de Kirchner dispuso pasar para ma\u00f1ana el acto por las condiciones meteorol\u00f3gicas previstas para el d\u00eda de la fecha. Por la tarde, recibir\u00e1 por separado a los ministros en su gabinete de trabajo de la residencia de Olivos. La presidenta Cristina Fern\u00e1ndez de Kirchner recibir\u00e1 esta tarde, por\u2026","rel":"","context":"En \u00abLocales\u00bb","block_context":{"text":"Locales","link":"http:\/\/www.24baires.com\/?cat=38"},"img":{"alt_text":"cristina23","src":"https:\/\/i0.wp.com\/www.24baires.com\/wp-content\/uploads\/2014\/10\/cristina23.jpg?resize=350%2C200","width":350,"height":200,"srcset":"https:\/\/i0.wp.com\/www.24baires.com\/wp-content\/uploads\/2014\/10\/cristina23.jpg?resize=350%2C200 1x, https:\/\/i0.wp.com\/www.24baires.com\/wp-content\/uploads\/2014\/10\/cristina23.jpg?resize=525%2C300 1.5x"},"classes":[]},{"id":115930,"url":"http:\/\/www.24baires.com\/?p=115930","url_meta":{"origin":58347,"position":1},"title":"Naci\u00f3n y Provincia firmaron convenio para sumar m\u00e1s camas","author":"GB","date":"13\/08\/2020","format":false,"excerpt":"El acuerdo en con cl\u00ednicas privadas de La Matanza y permitir\u00e1 sumar 782 plazas para internaci\u00f3n. El ministro de Salud de la Naci\u00f3n, Gin\u00e9s Gonzales Garc\u00eda, junto a su par provincial, Daniel Gollan y el intendente de La Matanza, Fernando Espinoza acordaron la ampliaci\u00f3n de camas para pacientes con coronavirus.\u2026","rel":"","context":"En \u00abPol\u00edtica\u00bb","block_context":{"text":"Pol\u00edtica","link":"http:\/\/www.24baires.com\/?cat=51"},"img":{"alt_text":"","src":"https:\/\/i0.wp.com\/www.24baires.com\/wp-content\/uploads\/2020\/08\/gines-espinoza.jpeg?resize=350%2C200","width":350,"height":200,"srcset":"https:\/\/i0.wp.com\/www.24baires.com\/wp-content\/uploads\/2020\/08\/gines-espinoza.jpeg?resize=350%2C200 1x, https:\/\/i0.wp.com\/www.24baires.com\/wp-content\/uploads\/2020\/08\/gines-espinoza.jpeg?resize=525%2C300 1.5x"},"classes":[]},{"id":38008,"url":"http:\/\/www.24baires.com\/?p=38008","url_meta":{"origin":58347,"position":2},"title":"Mar del Plata: contin\u00faan las obras de ampliaci\u00f3n del Materno Infantil","author":"Grupo Sierra","date":"06\/01\/2014","format":false,"excerpt":"Por un monto de m\u00e1s de 23 millones de pesos de inversi\u00f3n, el ministerio de Infraestructura bonaerense inform\u00f3 la continuidad de la obra de ampliaci\u00f3n del Centro Obst\u00e9trico, Internaci\u00f3n Maternidad, Pediatr\u00eda y Neonatolog\u00eda del Hospital Tetamanti, de Mar del Plata. En ese marco, el ministro Alejandro Arl\u00eda explic\u00f3 que \u201chemos\u2026","rel":"","context":"En \u00abLocales\u00bb","block_context":{"text":"Locales","link":"http:\/\/www.24baires.com\/?cat=38"},"img":{"alt_text":"","src":"","width":0,"height":0},"classes":[]},{"id":55001,"url":"http:\/\/www.24baires.com\/?p=55001","url_meta":{"origin":58347,"position":3},"title":"Licitan remodelaci\u00f3n y ampliaci\u00f3n del hospital Gandulfo de Lomas de Zamora","author":"AF","date":"08\/10\/2014","format":false,"excerpt":"La Direcci\u00f3n Provincial de Arquitectura \u2013 dependiente del Ministerio de Infraestructura \u2013 licit\u00f3 este martes remodelaci\u00f3n y ampliaci\u00f3n del Hospital Interzonal General de Agudos - \"Luisa C. de Gandulfo\", de Lomas de Zamora. \"Es una obra necesaria para la comunidad de Lomas de Zamora, con un presupuesto oficial de m\u00e1s\u2026","rel":"","context":"En \u00abLocales\u00bb","block_context":{"text":"Locales","link":"http:\/\/www.24baires.com\/?cat=38"},"img":{"alt_text":"","src":"https:\/\/i0.wp.com\/www.24baires.com\/wp-content\/uploads\/2014\/10\/gandulfo.png?resize=350%2C200","width":350,"height":200,"srcset":"https:\/\/i0.wp.com\/www.24baires.com\/wp-content\/uploads\/2014\/10\/gandulfo.png?resize=350%2C200 1x, https:\/\/i0.wp.com\/www.24baires.com\/wp-content\/uploads\/2014\/10\/gandulfo.png?resize=525%2C300 1.5x"},"classes":[]},{"id":91475,"url":"http:\/\/www.24baires.com\/?p=91475","url_meta":{"origin":58347,"position":4},"title":"Grave inundaci\u00f3n en el hospital Materno Infantil de San Isidro","author":"GB","date":"09\/01\/2017","format":false,"excerpt":"El fuerte temporal que azot\u00f3 la regi\u00f3n el fin de semana provoc\u00f3 la inundaci\u00f3n de ese centro de salud. La oposici\u00f3n le apunt\u00f3 a Posse por la falta de obras. El Hospital Materno Infantil de San Isidro sufri\u00f3 una grave inundaci\u00f3n el fin de semana ante el fuerte temporal que\u2026","rel":"","context":"En \u00abLocales\u00bb","block_context":{"text":"Locales","link":"http:\/\/www.24baires.com\/?cat=38"},"img":{"alt_text":"","src":"https:\/\/i0.wp.com\/www.24baires.com\/wp-content\/uploads\/2017\/01\/hospital-materno-san-isidro.jpg?resize=350%2C200","width":350,"height":200,"srcset":"https:\/\/i0.wp.com\/www.24baires.com\/wp-content\/uploads\/2017\/01\/hospital-materno-san-isidro.jpg?resize=350%2C200 1x, https:\/\/i0.wp.com\/www.24baires.com\/wp-content\/uploads\/2017\/01\/hospital-materno-san-isidro.jpg?resize=525%2C300 1.5x"},"classes":[]},{"id":115446,"url":"http:\/\/www.24baires.com\/?p=115446","url_meta":{"origin":58347,"position":5},"title":"Pilar: se inaugur\u00f3 un hospital para pacientes con COVID-19","author":"GB","date":"24\/06\/2020","format":false,"excerpt":"Se trata del Hospital Municipal de Presidente Derqui que funcionar\u00e1 como el primer Centro de Internaci\u00f3n de la localidad. El acto cont\u00f3 con la presencia del Gobernador Axel Kicillof quien estuvo acompa\u00f1ado por el intendente del distrito, Federico Ach\u00e1val, y por el ministro de Salud de la provincia, Daniel Goll\u00e1n.\u2026","rel":"","context":"En \u00abMunicipios\u00bb","block_context":{"text":"Municipios","link":"http:\/\/www.24baires.com\/?cat=44"},"img":{"alt_text":"","src":"https:\/\/i0.wp.com\/www.24baires.com\/wp-content\/uploads\/2020\/06\/hospital-covid-pilar.jpeg?resize=350%2C200","width":350,"height":200,"srcset":"https:\/\/i0.wp.com\/www.24baires.com\/wp-content\/uploads\/2020\/06\/hospital-covid-pilar.jpeg?resize=350%2C200 1x, https:\/\/i0.wp.com\/www.24baires.com\/wp-content\/uploads\/2020\/06\/hospital-covid-pilar.jpeg?resize=525%2C300 1.5x"},"classes":[]}],"jetpack_sharing_enabled":true,"jetpack_likes_enabled":true,"jetpack_featured_media_url":"","_links":{"self":[{"href":"http:\/\/www.24baires.com\/index.php?rest_route=\/wp\/v2\/posts\/58347","targetHints":{"allow":["GET"]}}],"collection":[{"href":"http:\/\/www.24baires.com\/index.php?rest_route=\/wp\/v2\/posts"}],"about":[{"href":"http:\/\/www.24baires.com\/index.php?rest_route=\/wp\/v2\/types\/post"}],"author":[{"embeddable":true,"href":"http:\/\/www.24baires.com\/index.php?rest_route=\/wp\/v2\/users\/8"}],"replies":[{"embeddable":true,"href":"http:\/\/www.24baires.com\/index.php?rest_route=%2Fwp%2Fv2%2Fcomments&post=58347"}],"version-history":[{"count":1,"href":"http:\/\/www.24baires.com\/index.php?rest_route=\/wp\/v2\/posts\/58347\/revisions"}],"predecessor-version":[{"id":58348,"href":"http:\/\/www.24baires.com\/index.php?rest_route=\/wp\/v2\/posts\/58347\/revisions\/58348"}],"wp:attachment":[{"href":"http:\/\/www.24baires.com\/index.php?rest_route=%2Fwp%2Fv2%2Fmedia&parent=58347"}],"wp:term":[{"taxonomy":"category","embeddable":true,"href":"http:\/\/www.24baires.com\/index.php?rest_route=%2Fwp%2Fv2%2Fcategories&post=58347"},{"taxonomy":"post_tag","embeddable":true,"href":"http:\/\/www.24baires.com\/index.php?rest_route=%2Fwp%2Fv2%2Ftags&post=58347"}],"curies":[{"name":"wp","href":"https:\/\/api.w.org\/{rel}","templated":true}]}}