{"id":58298,"date":"2014-12-08T12:30:06","date_gmt":"2014-12-08T15:30:06","guid":{"rendered":"http:\/\/www.24baires.com\/?p=58298"},"modified":"2014-12-08T12:25:03","modified_gmt":"2014-12-08T15:25:03","slug":"macri-promete-terminar-con-el-curro-de-los-derechos-humanos","status":"publish","type":"post","link":"http:\/\/www.24baires.com\/?p=58298","title":{"rendered":"Macri promete terminar con \u201cel curro de los derechos humanos\u201d"},"content":{"rendered":"<p><img data-recalc-dims=\"1\" loading=\"lazy\" decoding=\"async\" class=\"aligncenter size-full wp-image-53420\" src=\"https:\/\/i0.wp.com\/www.24baires.com\/wp-content\/uploads\/2014\/09\/macri-41.jpg?resize=560%2C282\" alt=\"macri 4\" width=\"560\" height=\"282\" srcset=\"https:\/\/i0.wp.com\/www.24baires.com\/wp-content\/uploads\/2014\/09\/macri-41.jpg?w=560 560w, https:\/\/i0.wp.com\/www.24baires.com\/wp-content\/uploads\/2014\/09\/macri-41.jpg?resize=300%2C151 300w\" sizes=\"auto, (max-width: 560px) 100vw, 560px\" \/>El precandidato presidencial del PRO opin\u00f3 que es bueno endeudarse \u201cpara crecer\u201d y que \u201ces imposible\u201d mantener el alto costo de Aerol\u00edneas Argentinas. Tambi\u00e9n manifest\u00f3 no tenerle temor al peronismo como oposici\u00f3n, pues \u201csi no pudieron pararnos en la Ciudad, menos lo van a hacer en la Naci\u00f3n\u201d.<!--more--><\/p>\n<p>El jefe de Gobierno porte\u00f1o y precandidato presidencial del PRO, Mauricio Macri, dijo estar convencido de que el endeudamiento para crecer \u201ces saludable\u201d, al tiempo que adelant\u00f3 que \u201ces imposible\u201d sostener el alto costo de Aerol\u00edneas Argentinas y prometi\u00f3 que de llegar a la Casa Rosada terminar\u00e1 con \u201ctodos los curros\u201d vinculados a los derechos humanos.<\/p>\n<p>Entrevistado por el diario La Naci\u00f3n, el alcalde metropolitano sostuvo que se ve \u201cempezando una etapa sensacional en la Argentina junto a todos los argentinos\u201d y que siente que \u201cla ola de cambio es imparable\u201d.<\/p>\n<p>De cara a una eventual presidencia, manifest\u00f3 que la prioridad es \u201cllevar adelante toda la infraestructura posible lo m\u00e1s r\u00e1pido que se pueda\u201d, para lo que estim\u00f3 que \u201cendeudarse para crecer e invertir es muy saludable\u201d y sintetiz\u00f3 que su plan ser\u00eda \u201cuna versi\u00f3n del New Deal en la Argentina\u201d, en alusi\u00f3n al programa de reactivaci\u00f3n llevado adelante en Estados Unidos por Franklin Delano Roosevelt, tras la gran depresi\u00f3n del 30.<\/p>\n<p>Consultado por la posibilidad de alianzas electorales, Macri aclar\u00f3 que \u201csi hay extrapartidarios capaces, honestos y con ganas de sumarse, tendr\u00e1n lugar\u201d. Adem\u00e1s, se jact\u00f3 de no temerle al peronismo como oposici\u00f3n. \u201cSi no pudieron pararnos en la Ciudad, menos lo van a hacer en la Naci\u00f3n\u201d, exclam\u00f3.<\/p>\n<p>En alusi\u00f3n a YPF, el expresidente de Boca Juniors reconoci\u00f3 que es un caso en el que \u201cel Gobierno incre\u00edblemente convoc\u00f3 gente que sabe\u201d, en referencia al CEO de la empresa petrolera, Miguel Galuccio, pero se\u00f1al\u00f3 que \u201ctenemos que lograr ampliar\u201d el mercado.<\/p>\n<p>En contraposici\u00f3n, sobre Aerol\u00edneas Argentinas plante\u00f3 que \u201ces imposible sostener una empresa que pierde por a\u00f1o lo que costar\u00eda urbanizar las villas de Buenos Aires. La soluci\u00f3n es un buen servicio que no nos cueste una fortuna\u201d.<\/p>\n<p>Consultado sobre la pol\u00edtica de derechos humanos de su posible Gobierno, se declar\u00f3 \u201cdefensor de los derechos humanos\u201d pero puntualiz\u00f3 que \u201cno son \u2018Sue\u00f1os Compartidos\u2019 y los curros que han inventado. Con nosotros todos esos curros se acabaron\u201d.<\/p>\n<p>\u201cHa habido un abuso de sectores bajo esas banderas, el m\u00e1s emblem\u00e1tico es el de las Madres de Plaza de Mayo y (Sergio) Schoklender\u201d, concluy\u00f3 el l\u00edder PRO.<\/p>\n<p>&nbsp;<\/p>\n<p>&nbsp;<\/p>\n<p>&nbsp;<\/p>\n<p>&nbsp;<\/p>\n<p>&nbsp;<\/p>\n<p>&nbsp;<\/p>\n<p>&nbsp;<\/p>\n<p>&nbsp;<\/p>\n<p>&nbsp;<\/p>\n<p>&nbsp;<\/p>\n<p>&nbsp;<\/p>\n<p>&nbsp;<\/p>\n<p>&nbsp;<\/p>\n<p>&nbsp;<\/p>\n","protected":false},"excerpt":{"rendered":"<p>El precandidato presidencial del PRO opin\u00f3 que es bueno endeudarse \u201cpara crecer\u201d y que \u201ces imposible\u201d mantener el alto costo de Aerol\u00edneas Argentinas. Tambi\u00e9n manifest\u00f3 no tenerle temor al peronismo como oposici\u00f3n, pues \u201csi no pudieron pararnos en la Ciudad, menos lo van a hacer en la Naci\u00f3n\u201d.<\/p>\n","protected":false},"author":8,"featured_media":0,"comment_status":"open","ping_status":"open","sticky":false,"template":"","format":"standard","meta":{"_jetpack_newsletter_access":"","_jetpack_dont_email_post_to_subs":false,"_jetpack_newsletter_tier_id":0,"_jetpack_memberships_contains_paywalled_content":false,"_jetpack_memberships_contains_paid_content":false,"footnotes":""},"categories":[51],"tags":[],"class_list":["post-58298","post","type-post","status-publish","format-standard","hentry","category-politica"],"jetpack_shortlink":"https:\/\/wp.me\/p2JWE0-fai","jetpack-related-posts":[{"id":62505,"url":"http:\/\/www.24baires.com\/?p=62505","url_meta":{"origin":58298,"position":0},"title":"Scioli: \u00abQuien me suceda recibir\u00e1 una Provincia desendeudada\u00bb","author":"GB","date":"02\/03\/2015","format":false,"excerpt":"El gobernador de la provincia de Buenos Aires, Daniel Scioli, dej\u00f3 inaugurado este lunes el 143\u00b0 per\u00edodo de sesiones ordinarias de la Legislatura bonaerense con un discurso en el que destac\u00f3 tanto las pol\u00edticas impulsadas por su gobierno como por las promovidas desde el gobierno nacional. \"Quien me suceda recibir\u00e1\u2026","rel":"","context":"En \u00abPol\u00edtica\u00bb","block_context":{"text":"Pol\u00edtica","link":"http:\/\/www.24baires.com\/?cat=51"},"img":{"alt_text":"","src":"https:\/\/i0.wp.com\/www.24baires.com\/wp-content\/uploads\/2015\/03\/scioli-congreso.png?resize=350%2C200","width":350,"height":200,"srcset":"https:\/\/i0.wp.com\/www.24baires.com\/wp-content\/uploads\/2015\/03\/scioli-congreso.png?resize=350%2C200 1x, https:\/\/i0.wp.com\/www.24baires.com\/wp-content\/uploads\/2015\/03\/scioli-congreso.png?resize=525%2C300 1.5x"},"classes":[]},{"id":120291,"url":"http:\/\/www.24baires.com\/?p=120291","url_meta":{"origin":58298,"position":1},"title":"Cristina: \u201cEl FMI se tiene que hacer cargo de los desmanejos de la directora anterior\u201d","author":"AF","date":"17\/07\/2023","format":false,"excerpt":"En el acto por los 15 a\u00f1os de estatizaci\u00f3n de Aerol\u00edneas Argentinas que comparti\u00f3 con el ministro y precandidato presidencial Sergio Massa, la vicepresidenta Cristina Fern\u00e1ndez de Kirchner inst\u00f3 a la conducci\u00f3n del Fondo Monetario Internacional a \u201chacerse cargo del desmanejo que tuvo la anterior directora\u201d, en referencia a Christine\u2026","rel":"","context":"En \u00abPol\u00edtica\u00bb","block_context":{"text":"Pol\u00edtica","link":"http:\/\/www.24baires.com\/?cat=51"},"img":{"alt_text":"","src":"https:\/\/i0.wp.com\/www.24baires.com\/wp-content\/uploads\/2023\/07\/WhatsApp-Image-2023-07-17-at-23.04.06.jpeg?resize=350%2C200","width":350,"height":200,"srcset":"https:\/\/i0.wp.com\/www.24baires.com\/wp-content\/uploads\/2023\/07\/WhatsApp-Image-2023-07-17-at-23.04.06.jpeg?resize=350%2C200 1x, https:\/\/i0.wp.com\/www.24baires.com\/wp-content\/uploads\/2023\/07\/WhatsApp-Image-2023-07-17-at-23.04.06.jpeg?resize=525%2C300 1.5x, https:\/\/i0.wp.com\/www.24baires.com\/wp-content\/uploads\/2023\/07\/WhatsApp-Image-2023-07-17-at-23.04.06.jpeg?resize=700%2C400 2x, https:\/\/i0.wp.com\/www.24baires.com\/wp-content\/uploads\/2023\/07\/WhatsApp-Image-2023-07-17-at-23.04.06.jpeg?resize=1050%2C600 3x"},"classes":[]},{"id":111107,"url":"http:\/\/www.24baires.com\/?p=111107","url_meta":{"origin":58298,"position":2},"title":"Alberto Fern\u00e1ndez: \u00abSi los argentinos quieren pobreza y ajuste, que voten a Macri\u00bb","author":"AF","date":"08\/07\/2019","format":false,"excerpt":"El precandidato a presidente por el Frente de Todos responsabiliz\u00f3 al Gobierno de \"apagar la econom\u00eda\" y pidi\u00f3 la ayuda de todos para \"cambiar este presente\". De visita en Mar del Plata, el precandidato presidencial por el Frente de Todos, Alberto Fern\u00e1ndez, critic\u00f3 duramente el modelo econ\u00f3mico del gobierno de\u2026","rel":"","context":"En \u00abPol\u00edtica\u00bb","block_context":{"text":"Pol\u00edtica","link":"http:\/\/www.24baires.com\/?cat=51"},"img":{"alt_text":"","src":"https:\/\/i0.wp.com\/www.24baires.com\/wp-content\/uploads\/2019\/07\/fernandez.jpg?resize=350%2C200","width":350,"height":200,"srcset":"https:\/\/i0.wp.com\/www.24baires.com\/wp-content\/uploads\/2019\/07\/fernandez.jpg?resize=350%2C200 1x, https:\/\/i0.wp.com\/www.24baires.com\/wp-content\/uploads\/2019\/07\/fernandez.jpg?resize=525%2C300 1.5x"},"classes":[]},{"id":58431,"url":"http:\/\/www.24baires.com\/?p=58431","url_meta":{"origin":58298,"position":3},"title":"Cristina: \u00abQue los candidatos hablen de los Derechos Humanos, el gran logro de Argentina\u00bb","author":"Grupo Sierra","date":"10\/12\/2014","format":false,"excerpt":"La Presidenta se refiri\u00f3 a las cr\u00edticas a la pol\u00edtica que lleva adelante el gobierno nacional y pidi\u00f3 que no ignoren \"semejante pol\u00edtica de Estado\". La presidenta Cristina Fern\u00e1ndez de Kirchner exhort\u00f3 hoy a los postulantes presidenciales para el 2015 a que expresen cu\u00e1l ser\u00e1 su pol\u00edtica de derechos humanos\u2026","rel":"","context":"En \u00abPol\u00edtica\u00bb","block_context":{"text":"Pol\u00edtica","link":"http:\/\/www.24baires.com\/?cat=51"},"img":{"alt_text":"","src":"https:\/\/i0.wp.com\/www.24baires.com\/wp-content\/uploads\/2014\/12\/cristina1.jpg?resize=350%2C200","width":350,"height":200,"srcset":"https:\/\/i0.wp.com\/www.24baires.com\/wp-content\/uploads\/2014\/12\/cristina1.jpg?resize=350%2C200 1x, https:\/\/i0.wp.com\/www.24baires.com\/wp-content\/uploads\/2014\/12\/cristina1.jpg?resize=525%2C300 1.5x"},"classes":[]},{"id":110811,"url":"http:\/\/www.24baires.com\/?p=110811","url_meta":{"origin":58298,"position":4},"title":"\u00abEstamos virtualmente en default, eso no quiere decir que no vamos a pagar la deuda\u00bb","author":"AF","date":"14\/06\/2019","format":false,"excerpt":"El precandidato presidencial del Frente de Todos habl\u00f3 ante m\u00e1s de 2 mil empresarios PyME a los que asegur\u00f3 son \"los que van a poner en pie a la Argentina otra vez\". Toda una toma de posici\u00f3n frente al abandono del sector por parte del gobierno de Macri. Ante m\u00e1s\u2026","rel":"","context":"En \u00abPol\u00edtica\u00bb","block_context":{"text":"Pol\u00edtica","link":"http:\/\/www.24baires.com\/?cat=51"},"img":{"alt_text":"","src":"https:\/\/i0.wp.com\/www.24baires.com\/wp-content\/uploads\/2019\/06\/alberto-fernandez.jpg?resize=350%2C200","width":350,"height":200,"srcset":"https:\/\/i0.wp.com\/www.24baires.com\/wp-content\/uploads\/2019\/06\/alberto-fernandez.jpg?resize=350%2C200 1x, https:\/\/i0.wp.com\/www.24baires.com\/wp-content\/uploads\/2019\/06\/alberto-fernandez.jpg?resize=525%2C300 1.5x"},"classes":[]},{"id":120322,"url":"http:\/\/www.24baires.com\/?p=120322","url_meta":{"origin":58298,"position":5},"title":"Massa apunt\u00f3 a los que \u00abmiran la Argentina desde la comodidad de La Recoleta\u00bb","author":"AF","date":"01\/08\/2023","format":false,"excerpt":"El ministro de Econom\u00eda y precandidato a presidente por UxP asegur\u00f3 que el cr\u00e9dito de 45 mil millones de d\u00f3lares heredado de la gesti\u00f3n de Juntos por el Cambio \u00abno qued\u00f3 en empresas, rutas ni hospitales\u00bb. \u00abSe juegan dos miradas de pa\u00eds\u00bb, advirti\u00f3. El ministro de Econom\u00eda y precandidato presidencial\u2026","rel":"","context":"En \u00abEconom\u00eda\u00bb","block_context":{"text":"Econom\u00eda","link":"http:\/\/www.24baires.com\/?cat=45"},"img":{"alt_text":"","src":"https:\/\/i0.wp.com\/www.24baires.com\/wp-content\/uploads\/2023\/05\/massa-scaled.jpg?resize=350%2C200","width":350,"height":200,"srcset":"https:\/\/i0.wp.com\/www.24baires.com\/wp-content\/uploads\/2023\/05\/massa-scaled.jpg?resize=350%2C200 1x, https:\/\/i0.wp.com\/www.24baires.com\/wp-content\/uploads\/2023\/05\/massa-scaled.jpg?resize=525%2C300 1.5x, https:\/\/i0.wp.com\/www.24baires.com\/wp-content\/uploads\/2023\/05\/massa-scaled.jpg?resize=700%2C400 2x"},"classes":[]}],"jetpack_sharing_enabled":true,"jetpack_likes_enabled":true,"jetpack_featured_media_url":"","_links":{"self":[{"href":"http:\/\/www.24baires.com\/index.php?rest_route=\/wp\/v2\/posts\/58298","targetHints":{"allow":["GET"]}}],"collection":[{"href":"http:\/\/www.24baires.com\/index.php?rest_route=\/wp\/v2\/posts"}],"about":[{"href":"http:\/\/www.24baires.com\/index.php?rest_route=\/wp\/v2\/types\/post"}],"author":[{"embeddable":true,"href":"http:\/\/www.24baires.com\/index.php?rest_route=\/wp\/v2\/users\/8"}],"replies":[{"embeddable":true,"href":"http:\/\/www.24baires.com\/index.php?rest_route=%2Fwp%2Fv2%2Fcomments&post=58298"}],"version-history":[{"count":1,"href":"http:\/\/www.24baires.com\/index.php?rest_route=\/wp\/v2\/posts\/58298\/revisions"}],"predecessor-version":[{"id":58299,"href":"http:\/\/www.24baires.com\/index.php?rest_route=\/wp\/v2\/posts\/58298\/revisions\/58299"}],"wp:attachment":[{"href":"http:\/\/www.24baires.com\/index.php?rest_route=%2Fwp%2Fv2%2Fmedia&parent=58298"}],"wp:term":[{"taxonomy":"category","embeddable":true,"href":"http:\/\/www.24baires.com\/index.php?rest_route=%2Fwp%2Fv2%2Fcategories&post=58298"},{"taxonomy":"post_tag","embeddable":true,"href":"http:\/\/www.24baires.com\/index.php?rest_route=%2Fwp%2Fv2%2Ftags&post=58298"}],"curies":[{"name":"wp","href":"https:\/\/api.w.org\/{rel}","templated":true}]}}