{"id":58292,"date":"2014-12-08T11:00:01","date_gmt":"2014-12-08T14:00:01","guid":{"rendered":"http:\/\/www.24baires.com\/?p=58292"},"modified":"2014-12-08T10:59:21","modified_gmt":"2014-12-08T13:59:21","slug":"comienza-la-paritaria-salarial-con-los-docentes-bonaerenses-para-2015","status":"publish","type":"post","link":"http:\/\/www.24baires.com\/?p=58292","title":{"rendered":"Comienza la paritaria salarial con los docentes bonaerenses para 2015"},"content":{"rendered":"<p><img data-recalc-dims=\"1\" loading=\"lazy\" decoding=\"async\" class=\"alignleft size-full wp-image-42872\" src=\"https:\/\/i0.wp.com\/www.24baires.com\/wp-content\/uploads\/2014\/03\/aulas-vac%C3%ADas.jpg?resize=273%2C185\" alt=\"aulas vac\u00edas\" width=\"273\" height=\"185\" \/>El encuentro entre funcionarios y representantes de los cinco sindicatos del Frente Gremial Docente Bonaerense (FGDB) se llevar\u00e1 a cabo ma\u00f1ana por la tarde en la sede de la cartera laboral provincial.<!--more--><\/p>\n<p>El gobierno bonaerense iniciar\u00e1 ma\u00f1ana la paritaria salarial 2015 con los gremios de docentes estatales y privados.<\/p>\n<p>El encuentro entre funcionarios y representantes del Frente Gremial Docente Bonaerense (FGDB) ser\u00e1 a partir de las 17 en la Subsecretar\u00eda de la Negociaci\u00f3n Colectiva con el Sector P\u00fablico del Ministerio de Trabajo, ubicada en calle 56 entre 17 y 18, en La Plata.<\/p>\n<p>A la paritaria fueron citados los cinco sindicatos del FGDB, que integran Suteba, FEB, UDA, los t\u00e9cnicos de AMET y los privados de Sadop, y adem\u00e1s la Uni\u00f3n de Docentes de Buenos Aires y la representaci\u00f3n sectorial de UPCN.<\/p>\n<p>La semana pasada, el jefe de Gabinete bonaerense, Alberto P\u00e9rez, indic\u00f3 que \u201cesta convocatoria obedece a una demanda de todos los sectores para ir trabajando en una misma mesa los acuerdos que posibiliten comenzar las clases en tiempo y forma\u201d.<\/p>\n<p>&nbsp;<\/p>\n<p>&nbsp;<\/p>\n<p>&nbsp;<\/p>\n<p>&nbsp;<\/p>\n<p>&nbsp;<\/p>\n<p>&nbsp;<\/p>\n<p>&nbsp;<\/p>\n<p>&nbsp;<\/p>\n<p>&nbsp;<\/p>\n<p>&nbsp;<\/p>\n<p>&nbsp;<\/p>\n<p>&nbsp;<\/p>\n<p>&nbsp;<\/p>\n<p>&nbsp;<\/p>\n<p>&nbsp;<\/p>\n","protected":false},"excerpt":{"rendered":"<p>El encuentro entre funcionarios y representantes de los cinco sindicatos del Frente Gremial Docente Bonaerense (FGDB) se llevar\u00e1 a cabo ma\u00f1ana por la tarde en la sede de la cartera laboral provincial.<\/p>\n","protected":false},"author":8,"featured_media":0,"comment_status":"open","ping_status":"open","sticky":false,"template":"","format":"standard","meta":{"_jetpack_newsletter_access":"","_jetpack_dont_email_post_to_subs":false,"_jetpack_newsletter_tier_id":0,"_jetpack_memberships_contains_paywalled_content":false,"_jetpack_memberships_contains_paid_content":false,"footnotes":""},"categories":[51],"tags":[],"class_list":["post-58292","post","type-post","status-publish","format-standard","hentry","category-politica"],"jetpack_shortlink":"https:\/\/wp.me\/p2JWE0-fac","jetpack-related-posts":[{"id":58331,"url":"http:\/\/www.24baires.com\/?p=58331","url_meta":{"origin":58292,"position":0},"title":"La Provincia abre la paritaria salarial con docentes","author":"AF","date":"09\/12\/2014","format":false,"excerpt":"El gobierno bonaerense y los gremios docentes iniciar\u00e1n hoy la paritaria 2015 en la cual los sindicatos adelantaron su expectativa de \"ir a fondo con un planteo salarial que contemple la recuperaci\u00f3n del poder adquisitivo del haber \", mientras el gobierno provincial pretende, con la convocatoria este mes, cerrar acuerdos\u2026","rel":"","context":"En \u00abProvincia\u00bb","block_context":{"text":"Provincia","link":"http:\/\/www.24baires.com\/?cat=40"},"img":{"alt_text":"marcha docente","src":"https:\/\/i0.wp.com\/www.24baires.com\/wp-content\/uploads\/2013\/09\/marcha-docente.jpg?resize=350%2C200","width":350,"height":200,"srcset":"https:\/\/i0.wp.com\/www.24baires.com\/wp-content\/uploads\/2013\/09\/marcha-docente.jpg?resize=350%2C200 1x, https:\/\/i0.wp.com\/www.24baires.com\/wp-content\/uploads\/2013\/09\/marcha-docente.jpg?resize=525%2C300 1.5x"},"classes":[]},{"id":84934,"url":"http:\/\/www.24baires.com\/?p=84934","url_meta":{"origin":58292,"position":1},"title":"Docentes bonaerenses anticipan un retorno a clases \u00abconflictivo\u00bb","author":"GB","date":"13\/07\/2016","format":false,"excerpt":"Los gremios docentes exigen una recomposici\u00f3n salarial ante la desbandada de la inflaci\u00f3n y desde el gobierno provincial hoy le contestaron: \"No hay m\u00e1s plata\". Los maestros ponen en duda el reinicio de las clases luego del receso invernal que comenzar\u00e1 la pr\u00f3xima semana. El Frente Gremial Docente Bonaerense (FGDB)\u2026","rel":"","context":"En \u00abProvincia\u00bb","block_context":{"text":"Provincia","link":"http:\/\/www.24baires.com\/?cat=40"},"img":{"alt_text":"paritaria docentes","src":"https:\/\/i0.wp.com\/www.24baires.com\/wp-content\/uploads\/2015\/12\/paritaria-docentes.jpg?resize=350%2C200","width":350,"height":200,"srcset":"https:\/\/i0.wp.com\/www.24baires.com\/wp-content\/uploads\/2015\/12\/paritaria-docentes.jpg?resize=350%2C200 1x, https:\/\/i0.wp.com\/www.24baires.com\/wp-content\/uploads\/2015\/12\/paritaria-docentes.jpg?resize=525%2C300 1.5x"},"classes":[]},{"id":40181,"url":"http:\/\/www.24baires.com\/?p=40181","url_meta":{"origin":58292,"position":2},"title":"El Gobierno Provincial se reunir\u00e1 ma\u00f1ana con los gremios","author":"Grupo Sierra","date":"10\/02\/2014","format":false,"excerpt":"Representantes de los gremios docentes y estatales bonaerenses se reunir\u00e1n este martes con autoridades del ministerio de Trabajo en el marco de un encuentro t\u00e9cnico no salarial, convocado por la cartera laboral, en tanto desde el Frente Gremial Docente Bonaerense se reclam\u00f3 una \"urgente convocatoria\" para discutir aumentos. El encuentro\u2026","rel":"","context":"En \u00abProvincia\u00bb","block_context":{"text":"Provincia","link":"http:\/\/www.24baires.com\/?cat=40"},"img":{"alt_text":"docentes marcha provincial","src":"https:\/\/i0.wp.com\/www.24baires.com\/wp-content\/uploads\/2013\/03\/docentes-marcha-provincial.jpg?resize=350%2C200","width":350,"height":200,"srcset":"https:\/\/i0.wp.com\/www.24baires.com\/wp-content\/uploads\/2013\/03\/docentes-marcha-provincial.jpg?resize=350%2C200 1x, https:\/\/i0.wp.com\/www.24baires.com\/wp-content\/uploads\/2013\/03\/docentes-marcha-provincial.jpg?resize=525%2C300 1.5x"},"classes":[]},{"id":113592,"url":"http:\/\/www.24baires.com\/?p=113592","url_meta":{"origin":58292,"position":3},"title":"Kicillof se reuni\u00f3 con docentes antes de la negociaci\u00f3n paritaria","author":"AF","date":"26\/12\/2019","format":false,"excerpt":"Los docentes valoraron haber sido recibidos por primera en cuatro a\u00f1os en la Gobernaci\u00f3n bonaerense. Esperan poder discutir pol\u00edticas educativas, cuestiones salariales y la infraestructura escolar. El gobernador de la provincia de Buenos Aires, Axel Kicillof, y su ministra de Educaci\u00f3n, Agustina Vila, recibieron este jueves a los representantes del\u2026","rel":"","context":"En \u00abSociedad\u00bb","block_context":{"text":"Sociedad","link":"http:\/\/www.24baires.com\/?cat=1"},"img":{"alt_text":"","src":"https:\/\/i0.wp.com\/www.24baires.com\/wp-content\/uploads\/2019\/11\/kicillof.jpg?resize=350%2C200","width":350,"height":200,"srcset":"https:\/\/i0.wp.com\/www.24baires.com\/wp-content\/uploads\/2019\/11\/kicillof.jpg?resize=350%2C200 1x, https:\/\/i0.wp.com\/www.24baires.com\/wp-content\/uploads\/2019\/11\/kicillof.jpg?resize=525%2C300 1.5x"},"classes":[]},{"id":8898,"url":"http:\/\/www.24baires.com\/?p=8898","url_meta":{"origin":58292,"position":4},"title":"Scioli concedi\u00f3 gran parte de los reclamos docentes y se inicia una tregua","author":"Grupo Sierra","date":"12\/12\/2012","format":false,"excerpt":"El Frente Gremial Docente Bonaerense (FGDB) se reuni\u00f3 con el Gobernador de la Provincia de Buenos Aires, Daniel Scioli, con la Directora General de Cultura y Educaci\u00f3n, Nora De Lucia, y con el Jefe de Gabinete de la Provincia de Buenos Aires, Alberto P\u00e9rez, en Capital Federal donde se encuentra\u2026","rel":"","context":"En \u00abProvincia\u00bb","block_context":{"text":"Provincia","link":"http:\/\/www.24baires.com\/?cat=40"},"img":{"alt_text":"","src":"","width":0,"height":0},"classes":[]},{"id":41708,"url":"http:\/\/www.24baires.com\/?p=41708","url_meta":{"origin":58292,"position":5},"title":"Docentes bonaerenses: ir\u00e1n a las paritarias pero har\u00e1n paro lunes y martes","author":"Grupo Sierra","date":"07\/03\/2014","format":false,"excerpt":"El Frente Gremial Docente Bonaerense (FGDB) anunci\u00f3 un paro para el lunes y martes pr\u00f3ximo en las escuelas de la provincia de Buenos Aires, aunque aclar\u00f3 que concurrir\u00e1n a la reuni\u00f3n paritaria convocada por el gobierno. En un comunicado, el gremio explic\u00f3 que el Frente \"ratifica la continuidad del plan\u2026","rel":"","context":"En \u00abPol\u00edtica\u00bb","block_context":{"text":"Pol\u00edtica","link":"http:\/\/www.24baires.com\/?cat=51"},"img":{"alt_text":"docentes marcha provincial","src":"https:\/\/i0.wp.com\/www.24baires.com\/wp-content\/uploads\/2013\/03\/docentes-marcha-provincial.jpg?resize=350%2C200","width":350,"height":200,"srcset":"https:\/\/i0.wp.com\/www.24baires.com\/wp-content\/uploads\/2013\/03\/docentes-marcha-provincial.jpg?resize=350%2C200 1x, https:\/\/i0.wp.com\/www.24baires.com\/wp-content\/uploads\/2013\/03\/docentes-marcha-provincial.jpg?resize=525%2C300 1.5x"},"classes":[]}],"jetpack_sharing_enabled":true,"jetpack_likes_enabled":true,"jetpack_featured_media_url":"","_links":{"self":[{"href":"http:\/\/www.24baires.com\/index.php?rest_route=\/wp\/v2\/posts\/58292","targetHints":{"allow":["GET"]}}],"collection":[{"href":"http:\/\/www.24baires.com\/index.php?rest_route=\/wp\/v2\/posts"}],"about":[{"href":"http:\/\/www.24baires.com\/index.php?rest_route=\/wp\/v2\/types\/post"}],"author":[{"embeddable":true,"href":"http:\/\/www.24baires.com\/index.php?rest_route=\/wp\/v2\/users\/8"}],"replies":[{"embeddable":true,"href":"http:\/\/www.24baires.com\/index.php?rest_route=%2Fwp%2Fv2%2Fcomments&post=58292"}],"version-history":[{"count":1,"href":"http:\/\/www.24baires.com\/index.php?rest_route=\/wp\/v2\/posts\/58292\/revisions"}],"predecessor-version":[{"id":58293,"href":"http:\/\/www.24baires.com\/index.php?rest_route=\/wp\/v2\/posts\/58292\/revisions\/58293"}],"wp:attachment":[{"href":"http:\/\/www.24baires.com\/index.php?rest_route=%2Fwp%2Fv2%2Fmedia&parent=58292"}],"wp:term":[{"taxonomy":"category","embeddable":true,"href":"http:\/\/www.24baires.com\/index.php?rest_route=%2Fwp%2Fv2%2Fcategories&post=58292"},{"taxonomy":"post_tag","embeddable":true,"href":"http:\/\/www.24baires.com\/index.php?rest_route=%2Fwp%2Fv2%2Ftags&post=58292"}],"curies":[{"name":"wp","href":"https:\/\/api.w.org\/{rel}","templated":true}]}}