{"id":58287,"date":"2014-12-08T10:00:01","date_gmt":"2014-12-08T13:00:01","guid":{"rendered":"http:\/\/www.24baires.com\/?p=58287"},"modified":"2014-12-08T09:51:35","modified_gmt":"2014-12-08T12:51:35","slug":"alicia-kirchner-considero-que-hay-que-aprender-a-trabajar-en-equipo","status":"publish","type":"post","link":"http:\/\/www.24baires.com\/?p=58287","title":{"rendered":"Alicia Kirchner consider\u00f3 que \u00abhay que aprender a trabajar en equipo\u00bb"},"content":{"rendered":"<p><img data-recalc-dims=\"1\" loading=\"lazy\" decoding=\"async\" class=\"aligncenter size-full wp-image-1285\" src=\"https:\/\/i0.wp.com\/www.24baires.com\/wp-content\/uploads\/2012\/10\/kirchner-alicia.jpg?resize=560%2C335\" alt=\"kirchner alicia\" width=\"560\" height=\"335\" srcset=\"https:\/\/i0.wp.com\/www.24baires.com\/wp-content\/uploads\/2012\/10\/kirchner-alicia.jpg?w=560 560w, https:\/\/i0.wp.com\/www.24baires.com\/wp-content\/uploads\/2012\/10\/kirchner-alicia.jpg?resize=300%2C179 300w\" sizes=\"auto, (max-width: 560px) 100vw, 560px\" \/>Lo afirm\u00f3 la ministra de Desarrollo Social al visitar antes de su apertura la Primera Feria de Emprendedores de la Econom\u00eda Social de R\u00edo Gallegos, donde recorri\u00f3 los diferentes puestos y se interioriz\u00f3 de los productos.<!--more--><\/p>\n<p>En ese marco, la titular de la cartera social asegur\u00f3: \u00abCuando uno se integra, no s\u00f3lo se potencia los recursos, el trabajo es distinto y tiene otro efecto, el individualismo no sirve, hay que aprender a trabajar en equipo, los valores del trabajo asociado y de igualdad de oportunidades se ve reflejado en cada producto de nuestros emprendedores\u00bb.<\/p>\n<p>\u00abLos santacruce\u00f1os, al igual que todos los argentinos son muy habilidosos, tienen mucha creatividad para vivir de sus productos y de esa forma poder mantener a sus familias\u00bb, al tiempo que record\u00f3 que hay 650.000 productores registrados, de ese total un alto porcentaje trabaja a trav\u00e9s de cooperativas y el resto son emprendedores\u00bb, afirm\u00f3 la ministra.<\/p>\n<p>Estuvieron presentes, la subsecretaria de Organizaci\u00f3n de Ingresos Sociales del Ministerio de Desarrollo Social de la Naci\u00f3n, Mariana Sosa; la coordinadora t\u00e9cnica del Consejo Nacional de Coordinaci\u00f3n de Pol\u00edticas Sociales, Paola Vesvesian; el titular del Centro de Referencia de Santa Cruz, Ariel Fern\u00e1ndez; el coordinador Regional de la Patagonia del Ministerio de Salud de la Naci\u00f3n, Rolando Nervi; la directora del Programa de Atenci\u00f3n M\u00e9dica Integral (PAMI), Mirta Rojas; la coordinadora de Articulaci\u00f3n Local de Pol\u00edticas Socio Sanitarias del Ministerio de Salud, Roc\u00edo Garc\u00eda; los diputados provinciales, Claudia Mart\u00ednez y Mat\u00edas Bezi.<\/p>\n<p>Con el objetivo de desarrollar v\u00ednculos de cooperaci\u00f3n, practicas de comercio justo y consumo responsable, el evento se desarroll\u00f3 durante todo este domingo, en las instalaciones de la Escuela Rep\u00fablica de Guatemala, donde los visitantes pudieron disfrutar de distintos patios de comidas, sorteos, shows en vivo, entre otras actividades.<\/p>\n<p>Las Ferias de Emprendedores de la Econom\u00eda Social est\u00e1n presentes en distintos puntos del pa\u00eds, son una alternativa justa, sustentable y solidaria que ponen en contacto al productor directamente con los consumidores, promoviendo el consumo responsable y revalorizando el trabajo de cada productor.<\/p>\n<p>&nbsp;<\/p>\n<p>&nbsp;<\/p>\n<p>&nbsp;<\/p>\n<p>&nbsp;<\/p>\n<p>&nbsp;<\/p>\n<p>&nbsp;<\/p>\n<p>&nbsp;<\/p>\n<p>&nbsp;<\/p>\n<p>&nbsp;<\/p>\n<p>&nbsp;<\/p>\n<p>&nbsp;<\/p>\n<p>&nbsp;<\/p>\n<p>&nbsp;<\/p>\n<p>&nbsp;<\/p>\n<p>&nbsp;<\/p>\n<p>&nbsp;<\/p>\n<p>&nbsp;<\/p>\n","protected":false},"excerpt":{"rendered":"<p>Lo afirm\u00f3 la ministra de Desarrollo Social al visitar antes de su apertura la Primera Feria de Emprendedores de la Econom\u00eda Social de R\u00edo Gallegos, donde recorri\u00f3 los diferentes puestos y se interioriz\u00f3 de los productos.<\/p>\n","protected":false},"author":8,"featured_media":0,"comment_status":"open","ping_status":"open","sticky":false,"template":"","format":"standard","meta":{"_jetpack_newsletter_access":"","_jetpack_dont_email_post_to_subs":false,"_jetpack_newsletter_tier_id":0,"_jetpack_memberships_contains_paywalled_content":false,"_jetpack_memberships_contains_paid_content":false,"footnotes":""},"categories":[51],"tags":[],"class_list":["post-58287","post","type-post","status-publish","format-standard","hentry","category-politica"],"jetpack_shortlink":"https:\/\/wp.me\/p2JWE0-fa7","jetpack-related-posts":[{"id":45009,"url":"http:\/\/www.24baires.com\/?p=45009","url_meta":{"origin":58287,"position":0},"title":"Buscan generar m\u00e1s herramientas para emprendedores","author":"Grupo Sierra","date":"29\/04\/2014","format":false,"excerpt":"El segundo encuentro de la Mesa Interministerial tuvo lugar en la sede del Ministerio de Desarrollo Social, que preside Eduardo Aparicio, de la cual participaron representantes de los diversos organismos p\u00fablicos de la Provincia de Buenos Aires. All\u00ed, se avanz\u00f3 sobre la conformaci\u00f3n de una \u201cGu\u00eda de Herramientas para el\u2026","rel":"","context":"En \u00abEconom\u00eda\u00bb","block_context":{"text":"Econom\u00eda","link":"http:\/\/www.24baires.com\/?cat=45"},"img":{"alt_text":"feria-artesania","src":"https:\/\/i0.wp.com\/www.24baires.com\/wp-content\/uploads\/2014\/03\/feria-artesania-300x225.jpg?resize=350%2C200","width":350,"height":200},"classes":[]},{"id":253,"url":"http:\/\/www.24baires.com\/?p=253","url_meta":{"origin":58287,"position":1},"title":"Treinta municipios promover\u00e1n acciones de econom\u00eda social en la Provincia","author":"Grupo Sierra","date":"24\/09\/2012","format":false,"excerpt":"El ministerio de Desarrollo Social avanzar\u00e1 en lo que resta del a\u00f1o en la implementaci\u00f3n de acciones que promuevan procesos de econom\u00eda social y solidaria en 30 municipios, con el fin de lograr una mayor inclusi\u00f3n social a partir del trabajo y la gesti\u00f3n asociativa. Se Trata del Plan de\u2026","rel":"","context":"En \u00abEconom\u00eda\u00bb","block_context":{"text":"Econom\u00eda","link":"http:\/\/www.24baires.com\/?cat=45"},"img":{"alt_text":"","src":"https:\/\/i0.wp.com\/www.24baires.com\/wp-content\/uploads\/2012\/09\/ferre-martin.jpg?resize=350%2C200","width":350,"height":200,"srcset":"https:\/\/i0.wp.com\/www.24baires.com\/wp-content\/uploads\/2012\/09\/ferre-martin.jpg?resize=350%2C200 1x, https:\/\/i0.wp.com\/www.24baires.com\/wp-content\/uploads\/2012\/09\/ferre-martin.jpg?resize=525%2C300 1.5x"},"classes":[]},{"id":49540,"url":"http:\/\/www.24baires.com\/?p=49540","url_meta":{"origin":58287,"position":2},"title":"Realizan en La Plata la 2\u00aa Muestra de Emprendedores Locales","author":"AF","date":"09\/07\/2014","format":false,"excerpt":"El director de Eventos Comunales, Mart\u00edn Moreno, dijo que entre 400 y 500 artesanos podr\u00e1n exponer y comercializar sus productos en Meridiano V. En el d\u00eda de hoy, la Municipalidad de La Plata, a trav\u00e9s de la Direcci\u00f3n de Eventos Comunales y el Circuito Cultural Meridiano V, desarrolla la Segunda\u2026","rel":"","context":"En \u00abLocales\u00bb","block_context":{"text":"Locales","link":"http:\/\/www.24baires.com\/?cat=38"},"img":{"alt_text":"muestra emprendedores la plata","src":"https:\/\/i0.wp.com\/www.24baires.com\/wp-content\/uploads\/2014\/07\/muestra-emprendedores-la-plata.jpg?resize=350%2C200","width":350,"height":200},"classes":[]},{"id":24710,"url":"http:\/\/www.24baires.com\/?p=24710","url_meta":{"origin":58287,"position":3},"title":"Lanzaron en San Mart\u00edn el Registro Municipal de Microemprendimientos","author":"AF","date":"30\/05\/2013","format":false,"excerpt":"En el municipio de San Mart\u00edn, presentaron la implementaci\u00f3n del Registro Municipal de Microemprendimientos Productivos y diferentes programas que ofrecen los gobiernos nacional, provincial y municipal para la promoci\u00f3n del empleo. En la Incubadora de San Mart\u00edn, el intendente Gabriel Katopodis, y el secretario de la Producci\u00f3n y Desarrollo Econ\u00f3mico,\u2026","rel":"","context":"En \u00abLocales\u00bb","block_context":{"text":"Locales","link":"http:\/\/www.24baires.com\/?cat=38"},"img":{"alt_text":"san mart\u00edn","src":"https:\/\/i0.wp.com\/www.24baires.com\/wp-content\/uploads\/2013\/05\/san-mart%C3%ADn.jpg?resize=350%2C200","width":350,"height":200},"classes":[]},{"id":34659,"url":"http:\/\/www.24baires.com\/?p=34659","url_meta":{"origin":58287,"position":4},"title":"Realizar\u00e1n aportes a comunas que brinden microcr\u00e9ditos","author":"AF","date":"05\/11\/2013","format":false,"excerpt":"El ministerio de Desarrollo Social, a trav\u00e9s del programa Fuerza Solidaria, aprob\u00f3 financiamientos por casi 6 millones de pesos, para que una veintena de municipios de la Provincia act\u00faen como instituciones de microcr\u00e9ditos y apoyen con peque\u00f1os pr\u00e9stamos a los emprendedores locales. \u201cNuestro objetivo es llegar cada vez m\u00e1s a\u2026","rel":"","context":"En \u00abMunicipios\u00bb","block_context":{"text":"Municipios","link":"http:\/\/www.24baires.com\/?cat=44"},"img":{"alt_text":"","src":"","width":0,"height":0},"classes":[]},{"id":118896,"url":"http:\/\/www.24baires.com\/?p=118896","url_meta":{"origin":58287,"position":5},"title":"\u00abLa ley de Cannabis medicinal es otro triunfo de la sociedad contra la hipocres\u00eda\u00bb","author":"AF","date":"24\/05\/2022","format":false,"excerpt":"As\u00ed lo asegur\u00f3 el Presidente en el acto que se celebra en el Sal\u00f3n de las Mujeres de Casa de Gobierno y cuenta con la presencia de referentes del sector. Junto al Presidente se encuentra el ministro de Desarrollo Productivo, Mat\u00edas Kulfas. El presidente Alberto Fern\u00e1ndez afirm\u00f3 este martes que\u2026","rel":"","context":"En \u00abPol\u00edtica\u00bb","block_context":{"text":"Pol\u00edtica","link":"http:\/\/www.24baires.com\/?cat=51"},"img":{"alt_text":"","src":"https:\/\/i0.wp.com\/www.24baires.com\/wp-content\/uploads\/2022\/05\/628d614ea4782_900.jpg?resize=350%2C200","width":350,"height":200,"srcset":"https:\/\/i0.wp.com\/www.24baires.com\/wp-content\/uploads\/2022\/05\/628d614ea4782_900.jpg?resize=350%2C200 1x, https:\/\/i0.wp.com\/www.24baires.com\/wp-content\/uploads\/2022\/05\/628d614ea4782_900.jpg?resize=525%2C300 1.5x, https:\/\/i0.wp.com\/www.24baires.com\/wp-content\/uploads\/2022\/05\/628d614ea4782_900.jpg?resize=700%2C400 2x"},"classes":[]}],"jetpack_sharing_enabled":true,"jetpack_likes_enabled":true,"jetpack_featured_media_url":"","_links":{"self":[{"href":"http:\/\/www.24baires.com\/index.php?rest_route=\/wp\/v2\/posts\/58287","targetHints":{"allow":["GET"]}}],"collection":[{"href":"http:\/\/www.24baires.com\/index.php?rest_route=\/wp\/v2\/posts"}],"about":[{"href":"http:\/\/www.24baires.com\/index.php?rest_route=\/wp\/v2\/types\/post"}],"author":[{"embeddable":true,"href":"http:\/\/www.24baires.com\/index.php?rest_route=\/wp\/v2\/users\/8"}],"replies":[{"embeddable":true,"href":"http:\/\/www.24baires.com\/index.php?rest_route=%2Fwp%2Fv2%2Fcomments&post=58287"}],"version-history":[{"count":1,"href":"http:\/\/www.24baires.com\/index.php?rest_route=\/wp\/v2\/posts\/58287\/revisions"}],"predecessor-version":[{"id":58288,"href":"http:\/\/www.24baires.com\/index.php?rest_route=\/wp\/v2\/posts\/58287\/revisions\/58288"}],"wp:attachment":[{"href":"http:\/\/www.24baires.com\/index.php?rest_route=%2Fwp%2Fv2%2Fmedia&parent=58287"}],"wp:term":[{"taxonomy":"category","embeddable":true,"href":"http:\/\/www.24baires.com\/index.php?rest_route=%2Fwp%2Fv2%2Fcategories&post=58287"},{"taxonomy":"post_tag","embeddable":true,"href":"http:\/\/www.24baires.com\/index.php?rest_route=%2Fwp%2Fv2%2Ftags&post=58287"}],"curies":[{"name":"wp","href":"https:\/\/api.w.org\/{rel}","templated":true}]}}