{"id":58285,"date":"2014-12-07T21:32:07","date_gmt":"2014-12-08T00:32:07","guid":{"rendered":"http:\/\/www.24baires.com\/?p=58285"},"modified":"2014-12-08T09:48:51","modified_gmt":"2014-12-08T12:48:51","slug":"para-rossi-la-oposicion-parece-un-cabaret","status":"publish","type":"post","link":"http:\/\/www.24baires.com\/?p=58285","title":{"rendered":"Para Rossi, \u00abla oposici\u00f3n parece un cabaret\u00bb"},"content":{"rendered":"<p><img data-recalc-dims=\"1\" loading=\"lazy\" decoding=\"async\" class=\"aligncenter size-full wp-image-52226\" src=\"https:\/\/i0.wp.com\/www.24baires.com\/wp-content\/uploads\/2014\/08\/rossi.jpg?resize=560%2C372\" alt=\"rossi\" width=\"560\" height=\"372\" srcset=\"https:\/\/i0.wp.com\/www.24baires.com\/wp-content\/uploads\/2014\/08\/rossi.jpg?w=560 560w, https:\/\/i0.wp.com\/www.24baires.com\/wp-content\/uploads\/2014\/08\/rossi.jpg?resize=300%2C199 300w\" sizes=\"auto, (max-width: 560px) 100vw, 560px\" \/>El ministro de Defensa arremeti\u00f3 contra los sectores opositores. Tambi\u00e9n remarc\u00f3 que la presidenta Cristina Fern\u00e1ndez de Kirchner seguir\u00e1 \u00abconduciendo\u00bb al FpV despu\u00e9s de las elecciones. <!--more--><\/p>\n<p>El ministro de Defensa, Agust\u00edn Rossi, se\u00f1al\u00f3 que los precandidatos del Frente para la Victoria parecen \u00abun liceo de se\u00f1oritas\u00bb y los de la oposici\u00f3n \u00abun cabaret, en el que todos se insultan y se pelean\u00bb.<\/p>\n<p>\u00abUno le dice narcotraficante, el otro la denuncia en la Justicia. Ahora le\u00ed que hay una audiencia de conciliaci\u00f3n dictada por la Justicia entre dos dirigentes opositores (Massa y Carri\u00f3). La verdad es que el espect\u00e1culo que ha dado la oposici\u00f3n en estos \u00faltimos meses result\u00f3 poco edificante desde el punto de vista pol\u00edtico\u00bb, observ\u00f3 Rossi.<\/p>\n<p>Y al respecto, agreg\u00f3: \u00abNosotros participamos de un proyecto colectivo y tenemos un \u00fanico liderazgo que es el de la presidenta. Cristina es quien conduce este espacio pol\u00edtico y lo va a seguir haciendo despu\u00e9s del 10 de diciembre de 2015\u00bb.<\/p>\n<p>Rossi consider\u00f3 que \u00aben la oposici\u00f3n prevalecen las ambiciones personales y las expectativas de poder individuales\u00bb, y observ\u00f3 que \u00aben funci\u00f3n de eso se producen las tensiones y los movimientos entre sus dirigentes\u00bb.<\/p>\n<p>&nbsp;<\/p>\n<p>&nbsp;<\/p>\n<p>&nbsp;<\/p>\n<p>&nbsp;<\/p>\n","protected":false},"excerpt":{"rendered":"<p>El ministro de Defensa arremeti\u00f3 contra los sectores opositores. Tambi\u00e9n remarc\u00f3 que la presidenta Cristina Fern\u00e1ndez de Kirchner seguir\u00e1 \u00abconduciendo\u00bb al FpV despu\u00e9s de las elecciones.<\/p>\n","protected":false},"author":11,"featured_media":0,"comment_status":"open","ping_status":"open","sticky":false,"template":"","format":"standard","meta":{"_jetpack_newsletter_access":"","_jetpack_dont_email_post_to_subs":false,"_jetpack_newsletter_tier_id":0,"_jetpack_memberships_contains_paywalled_content":false,"_jetpack_memberships_contains_paid_content":false,"footnotes":""},"categories":[51],"tags":[],"class_list":["post-58285","post","type-post","status-publish","format-standard","hentry","category-politica"],"jetpack_shortlink":"https:\/\/wp.me\/p2JWE0-fa5","jetpack-related-posts":[{"id":61926,"url":"http:\/\/www.24baires.com\/?p=61926","url_meta":{"origin":58285,"position":0},"title":"\u00abA la Casa Rosada se llega a trav\u00e9s de los votos o yendo a las visitas guiadas\u00bb","author":"Grupo Sierra","date":"18\/02\/2015","format":false,"excerpt":"El ministro de Defensa y candidato presidencial, Agust\u00edn Rossi, cuestion\u00f3 a los sectores opositores que participan de la Marcha del 18F. \u201cLa oposici\u00f3n, de la que la corporaci\u00f3n judicial forma parte, utiliza la tr\u00e1gica muerte de Nisman para posicionarse pol\u00edtica y electoralmente, pero tambi\u00e9n, para generar desgaste en torno a\u2026","rel":"","context":"En \u00abPol\u00edtica\u00bb","block_context":{"text":"Pol\u00edtica","link":"http:\/\/www.24baires.com\/?cat=51"},"img":{"alt_text":"","src":"https:\/\/i0.wp.com\/www.24baires.com\/wp-content\/uploads\/2015\/02\/rossi-cristina.jpg?resize=350%2C200","width":350,"height":200,"srcset":"https:\/\/i0.wp.com\/www.24baires.com\/wp-content\/uploads\/2015\/02\/rossi-cristina.jpg?resize=350%2C200 1x, https:\/\/i0.wp.com\/www.24baires.com\/wp-content\/uploads\/2015\/02\/rossi-cristina.jpg?resize=525%2C300 1.5x"},"classes":[]},{"id":61363,"url":"http:\/\/www.24baires.com\/?p=61363","url_meta":{"origin":58285,"position":1},"title":"Para Rossi \u00abla marcha de Nisman se puede convertir en un reclamo pol\u00edtico\u00bb","author":"Grupo Sierra","date":"06\/02\/2015","format":false,"excerpt":"El ministro de Defensa de la Naci\u00f3n dijo que \"en Argentina est\u00e1 garantizada la capacidad de que cada uno se exprese\", aunque le \"preocupa que se desvirt\u00fae el reclamo\". Rossi plante\u00f3 que \"m\u00e1s que una marcha para recordar la figura de Nisman, tiene un contenido claramente pol\u00edtico\", y que le\u2026","rel":"","context":"En \u00abSociedad\u00bb","block_context":{"text":"Sociedad","link":"http:\/\/www.24baires.com\/?cat=1"},"img":{"alt_text":"rossi","src":"https:\/\/i0.wp.com\/www.24baires.com\/wp-content\/uploads\/2014\/08\/rossi.jpg?resize=350%2C200","width":350,"height":200,"srcset":"https:\/\/i0.wp.com\/www.24baires.com\/wp-content\/uploads\/2014\/08\/rossi.jpg?resize=350%2C200 1x, https:\/\/i0.wp.com\/www.24baires.com\/wp-content\/uploads\/2014\/08\/rossi.jpg?resize=525%2C300 1.5x"},"classes":[]},{"id":69686,"url":"http:\/\/www.24baires.com\/?p=69686","url_meta":{"origin":58285,"position":2},"title":"Rossi: \u201cLa oposici\u00f3n busca frenar el proceso de integraci\u00f3n latinoamericana\u201d","author":"AF","date":"28\/07\/2015","format":false,"excerpt":"El ministro de Defensa y candidato nacional al Parlasur, Agust\u00edn Rossi, particip\u00f3 hoy del Encuentro Nacional de Candidatos al Parlasur por el Frente para la Victoria que cerraron el candidato a presidente Daniel Scioli y a vice, Carlos Zannini, en la provincia de Mendoza. \u201cLa oposici\u00f3n busca frenar el proceso\u2026","rel":"","context":"En \u00abPol\u00edtica\u00bb","block_context":{"text":"Pol\u00edtica","link":"http:\/\/www.24baires.com\/?cat=51"},"img":{"alt_text":"rossi","src":"https:\/\/i0.wp.com\/www.24baires.com\/wp-content\/uploads\/2015\/02\/rossi1.jpg?resize=350%2C200","width":350,"height":200,"srcset":"https:\/\/i0.wp.com\/www.24baires.com\/wp-content\/uploads\/2015\/02\/rossi1.jpg?resize=350%2C200 1x, https:\/\/i0.wp.com\/www.24baires.com\/wp-content\/uploads\/2015\/02\/rossi1.jpg?resize=525%2C300 1.5x"},"classes":[]},{"id":61893,"url":"http:\/\/www.24baires.com\/?p=61893","url_meta":{"origin":58285,"position":3},"title":"Rossi: \u00abClar\u00edn y los fiscales que convocan a la marcha se quieren llevar puesta a Fein\u00bb","author":"AF","date":"18\/02\/2015","format":false,"excerpt":"El ministro de Defensa consider\u00f3 que los fiscales \"no tienen nada de independientes, son arietes de la oposici\u00f3n pol\u00edtica argentina\". En ese marco, el funcionario hizo menci\u00f3n al \"c\u00edrculo rojo\" y les dijo que \"los esperamos en las elecciones\". El ministro de Defensa, Agust\u00edn Rossi, dijo hoy que \"Clar\u00edn y\u2026","rel":"","context":"En \u00abPol\u00edtica\u00bb","block_context":{"text":"Pol\u00edtica","link":"http:\/\/www.24baires.com\/?cat=51"},"img":{"alt_text":"rossi","src":"https:\/\/i0.wp.com\/www.24baires.com\/wp-content\/uploads\/2015\/02\/rossi1.jpg?resize=350%2C200","width":350,"height":200,"srcset":"https:\/\/i0.wp.com\/www.24baires.com\/wp-content\/uploads\/2015\/02\/rossi1.jpg?resize=350%2C200 1x, https:\/\/i0.wp.com\/www.24baires.com\/wp-content\/uploads\/2015\/02\/rossi1.jpg?resize=525%2C300 1.5x"},"classes":[]},{"id":47900,"url":"http:\/\/www.24baires.com\/?p=47900","url_meta":{"origin":58285,"position":4},"title":"\u00abNo hay punto de coincidencia entre ser kirchnerista y sentarse con Magnetto\u00bb","author":"GB","date":"12\/06\/2014","format":false,"excerpt":"El ministro de Defensa se refiri\u00f3 a la participaci\u00f3n del gobernador bonaerense, Daniel Scioli, al ciclo organizado por el CEO del Grupo Clar\u00edn con dirigentes opositores realizado el martes. \"Es negativo y un error pol\u00edtico desconocer el caracter opositor del grupo Clar\u00edn con la figura de Magnetto como jefe corporativo\u2026","rel":"","context":"En \u00abPol\u00edtica\u00bb","block_context":{"text":"Pol\u00edtica","link":"http:\/\/www.24baires.com\/?cat=51"},"img":{"alt_text":"Rossi1","src":"https:\/\/i0.wp.com\/www.24baires.com\/wp-content\/uploads\/2013\/08\/Rossi1.jpg?resize=350%2C200","width":350,"height":200},"classes":[]},{"id":52225,"url":"http:\/\/www.24baires.com\/?p=52225","url_meta":{"origin":58285,"position":5},"title":"Rossi critic\u00f3 la \u00abmezquindad de la oposici\u00f3n\u00bb","author":"Grupo Sierra","date":"21\/08\/2014","format":false,"excerpt":"LUJ\u00c1N- El ministro de Defensa habl\u00f3 de las posturas que diversos dirigentes expresaron en torno al proyecto de ley de Pago Soberano. \u201cEs lamentable la mezquindad de la oposici\u00f3n. Mandamos al Congreso una ley que busca incorporar una sede de pago m\u00e1s para que los bonistas pueden elegir d\u00f3nde desean\u2026","rel":"","context":"En \u00abPol\u00edtica\u00bb","block_context":{"text":"Pol\u00edtica","link":"http:\/\/www.24baires.com\/?cat=51"},"img":{"alt_text":"","src":"https:\/\/i0.wp.com\/www.24baires.com\/wp-content\/uploads\/2014\/08\/rossi.jpg?resize=350%2C200","width":350,"height":200,"srcset":"https:\/\/i0.wp.com\/www.24baires.com\/wp-content\/uploads\/2014\/08\/rossi.jpg?resize=350%2C200 1x, https:\/\/i0.wp.com\/www.24baires.com\/wp-content\/uploads\/2014\/08\/rossi.jpg?resize=525%2C300 1.5x"},"classes":[]}],"jetpack_sharing_enabled":true,"jetpack_likes_enabled":true,"jetpack_featured_media_url":"","_links":{"self":[{"href":"http:\/\/www.24baires.com\/index.php?rest_route=\/wp\/v2\/posts\/58285","targetHints":{"allow":["GET"]}}],"collection":[{"href":"http:\/\/www.24baires.com\/index.php?rest_route=\/wp\/v2\/posts"}],"about":[{"href":"http:\/\/www.24baires.com\/index.php?rest_route=\/wp\/v2\/types\/post"}],"author":[{"embeddable":true,"href":"http:\/\/www.24baires.com\/index.php?rest_route=\/wp\/v2\/users\/11"}],"replies":[{"embeddable":true,"href":"http:\/\/www.24baires.com\/index.php?rest_route=%2Fwp%2Fv2%2Fcomments&post=58285"}],"version-history":[{"count":1,"href":"http:\/\/www.24baires.com\/index.php?rest_route=\/wp\/v2\/posts\/58285\/revisions"}],"predecessor-version":[{"id":58286,"href":"http:\/\/www.24baires.com\/index.php?rest_route=\/wp\/v2\/posts\/58285\/revisions\/58286"}],"wp:attachment":[{"href":"http:\/\/www.24baires.com\/index.php?rest_route=%2Fwp%2Fv2%2Fmedia&parent=58285"}],"wp:term":[{"taxonomy":"category","embeddable":true,"href":"http:\/\/www.24baires.com\/index.php?rest_route=%2Fwp%2Fv2%2Fcategories&post=58285"},{"taxonomy":"post_tag","embeddable":true,"href":"http:\/\/www.24baires.com\/index.php?rest_route=%2Fwp%2Fv2%2Ftags&post=58285"}],"curies":[{"name":"wp","href":"https:\/\/api.w.org\/{rel}","templated":true}]}}