{"id":58261,"date":"2014-12-07T14:00:44","date_gmt":"2014-12-07T17:00:44","guid":{"rendered":"http:\/\/www.24baires.com\/?p=58261"},"modified":"2014-12-08T09:49:48","modified_gmt":"2014-12-08T12:49:48","slug":"los-que-dicen-que-la-inflacion-es-del-40-son-irresponsables-aseguro-calo","status":"publish","type":"post","link":"http:\/\/www.24baires.com\/?p=58261","title":{"rendered":"\u00abLos que dicen que la inflaci\u00f3n es del 40% son irresponsables\u00bb, asegur\u00f3 Cal\u00f3"},"content":{"rendered":"<p><img data-recalc-dims=\"1\" loading=\"lazy\" decoding=\"async\" class=\"alignleft size-full wp-image-3430\" src=\"https:\/\/i0.wp.com\/www.24baires.com\/wp-content\/uploads\/2012\/10\/cal%C3%B3.jpg?resize=382%2C224\" alt=\"cal\u00f3\" width=\"382\" height=\"224\" srcset=\"https:\/\/i0.wp.com\/www.24baires.com\/wp-content\/uploads\/2012\/10\/cal%C3%B3.jpg?w=382 382w, https:\/\/i0.wp.com\/www.24baires.com\/wp-content\/uploads\/2012\/10\/cal%C3%B3.jpg?resize=300%2C175 300w\" sizes=\"auto, (max-width: 382px) 100vw, 382px\" \/>El secretario general de la Confederaci\u00f3n General del Trabajo desestim\u00f3 en forma tajante el \u00cdndice de Precios al Consumidor que difunden diputados de la oposici\u00f3n con ese porcentaje.<!--more--><\/p>\n<p>El secretario general de la Confederaci\u00f3n General del Trabajo (CGT), Antonio Cal\u00f3, consider\u00f3 esta ma\u00f1ana que \u201clos que dicen que la inflaci\u00f3n es del 40 por ciento son irresponsables\u201d, al desestimar el Indice de Precios al Consumidor (IPC) que difunden diputados de la oposici\u00f3n con ese porcentaje.<\/p>\n<p>\u00abNo sab\u00eda que la C\u00e1mara de Diputados ten\u00eda una oficina que med\u00eda cu\u00e1l es la inflaci\u00f3n sino que ten\u00edan que legislar\u00bb, ironiz\u00f3 el tambi\u00e9n titular de la Uni\u00f3n Obrera Metal\u00fargica (UOM).<\/p>\n<p>En una entrevista con Nacional Rock, el dirigente sindical cuestion\u00f3 el denominado IPC-Congreso al plantear que no cree \u201cque sea ni 24 ni 40 por ciento\u201d.<\/p>\n<p>\u201cEst\u00e1n diciendo alegremente que es el 40 por ciento y no miden las consecuencias de lo que es decirlo en diciembre cuando tenemos que definir los salarios en marzo\u00bb, reproch\u00f3.<\/p>\n<p>Seg\u00fan Cal\u00f3, \u201clos que dicen que la inflaci\u00f3n es del 40 por ciento son irresponsables, porque es fomentar que haya m\u00e1s inflaci\u00f3n y que los que forman precios remarquen por las dudas\u00bb.<\/p>\n<p>\u00abLa inflaci\u00f3n nos lleva puestos si seguimos diciendo que es el 40 o el 50 por ciento, tenemos que ir a la a baja\u201d, afirm\u00f3 para agregar: \u201ca los trabajadores no nos conviene que haya inflaci\u00f3n\u201d.<\/p>\n<p>En cuanto a la exenci\u00f3n del Impuesto a las Ganancias al medio aguinaldo de diciembre para los trabajadores que ganan menos de 35.000 pesos mensuales anunciado por la Presidenta, el titular de la CGT dijo que el sector laboral la recibi\u00f3 en forma positiva.<\/p>\n<p>\u00abRecibimos la noticia como corresponde, la recibimos bien\u201d, remarc\u00f3 y destac\u00f3 que \u201cpara nuestra CGT no fue f\u00e1cil, porque hace mucho tiempo que estamos hablando con ministros\u00bb.<\/p>\n<p>Evalu\u00f3 que la decisi\u00f3n presidencial tuvo \u00abmucho sentido pol\u00edtico y lleg\u00f3 el momento justo para decir que se exceptuaba de Ganancias al aguinaldo\u00bb.<\/p>\n<p>Acerca de su relaci\u00f3n con sindicalistas de la oposici\u00f3n, Cal\u00f3 prefiri\u00f3 \u00abno opinar de otros compa\u00f1eros, somos todos conocidos, estuvimos mucho tiempo juntos\u201d, aunque se diferenci\u00f3 al indicar que la CGT \u00abapuesta al di\u00e1logo y otros compa\u00f1eros a hacer medidas de fuerza\u00bb.<\/p>\n<p>\u201cFue un acierto y un pedido de los trabajadores y la se\u00f1ora entendi\u00f3 que era justo\u00bb, remarc\u00f3 en referencia a la presidenta Cristina Fern\u00e1ndez de Kirchner.<\/p>\n<p>Sobre la posibilidad de la unificaci\u00f3n de las distintas corrientes gremiales, el secretario general de la UOM admiti\u00f3 que \u201csiempre est\u00e1 en la mira, ojal\u00e1 alg\u00fan d\u00eda se d\u00e9, pero los compa\u00f1eros tendremos mucho que hablar, y ver para qu\u00e9 hacer la unificaci\u00f3n\u201d.<\/p>\n<p>\u201cSi algunos seguimos dialogando y otros tiran piedras desde afuera, para qu\u00e9 lo vamos a hacer\u00bb, se pregunt\u00f3.<\/p>\n<p>Para el titular de la UOM, \u201cfaltan muchas cosas para pulir y en este momento me parece que no est\u00e1n dadas las condiciones\u201d.<\/p>\n<p>Por \u00faltimo, se refiri\u00f3 al bono extra que realizan a fin de a\u00f1o algunas empresas, al reconocer que est\u00e1n avanzadas las negociaciones en el sector metal\u00fargico.<\/p>\n<p>\u00abNos vamos a reunir la semana que viene con el objetivo de pedirles (a los empresarios) una colaboraci\u00f3n para que los trabajadores pueden tener una mejor Navidad\u00bb, indic\u00f3.<\/p>\n<p>&nbsp;<\/p>\n<p>&nbsp;<\/p>\n<p>&nbsp;<\/p>\n<p>&nbsp;<\/p>\n<p>&nbsp;<\/p>\n<p>&nbsp;<\/p>\n<p>&nbsp;<\/p>\n<p>&nbsp;<\/p>\n<p>&nbsp;<\/p>\n<p>&nbsp;<\/p>\n<p>&nbsp;<\/p>\n<p>&nbsp;<\/p>\n<p>&nbsp;<\/p>\n<p>&nbsp;<\/p>\n<p>&nbsp;<\/p>\n","protected":false},"excerpt":{"rendered":"<p>El secretario general de la Confederaci\u00f3n General del Trabajo desestim\u00f3 en forma tajante el \u00cdndice de Precios al Consumidor que difunden diputados de la oposici\u00f3n con ese porcentaje.<\/p>\n","protected":false},"author":8,"featured_media":0,"comment_status":"open","ping_status":"open","sticky":false,"template":"","format":"standard","meta":{"_jetpack_newsletter_access":"","_jetpack_dont_email_post_to_subs":false,"_jetpack_newsletter_tier_id":0,"_jetpack_memberships_contains_paywalled_content":false,"_jetpack_memberships_contains_paid_content":false,"footnotes":""},"categories":[51],"tags":[],"class_list":["post-58261","post","type-post","status-publish","format-standard","hentry","category-politica"],"jetpack_shortlink":"https:\/\/wp.me\/p2JWE0-f9H","jetpack-related-posts":[{"id":103764,"url":"http:\/\/www.24baires.com\/?p=103764","url_meta":{"origin":58261,"position":0},"title":"La CGT pidi\u00f3 un salario b\u00e1sico de $19600","author":"AF","date":"08\/08\/2018","format":false,"excerpt":"Recalcaron que la inflaci\u00f3n es \"s\u00f3lo un \u00edndice que mide el crecimiento de los precios relativos de la econom\u00eda sin establecer el efecto que cada uno de ellos tiene sobre la vida de poblaci\u00f3n m\u00e1s vulnerable\". La Confederaci\u00f3n General del? Trabajo de la Rep\u00fablica Argentina, convocada a?la apertura del Consejo\u2026","rel":"","context":"En \u00abSociedad\u00bb","block_context":{"text":"Sociedad","link":"http:\/\/www.24baires.com\/?cat=1"},"img":{"alt_text":"","src":"https:\/\/i0.wp.com\/www.24baires.com\/wp-content\/uploads\/2018\/04\/cgt.jpg?resize=350%2C200","width":350,"height":200,"srcset":"https:\/\/i0.wp.com\/www.24baires.com\/wp-content\/uploads\/2018\/04\/cgt.jpg?resize=350%2C200 1x, https:\/\/i0.wp.com\/www.24baires.com\/wp-content\/uploads\/2018\/04\/cgt.jpg?resize=525%2C300 1.5x"},"classes":[]},{"id":84937,"url":"http:\/\/www.24baires.com\/?p=84937","url_meta":{"origin":58261,"position":1},"title":"Seg\u00fan el Indec, la inflaci\u00f3n de junio fue de 3,1%","author":"GB","date":"13\/07\/2016","format":false,"excerpt":"Esta variaci\u00f3n resulta 1,1 punto menor a la de mayo, exhibiendo una desaceleraci\u00f3n, pero de menor ritmo a la esperada. El Instituto Nacional de Estad\u00edsticas y Censos (INDEC) difundi\u00f3 este mi\u00e9rcoles el \u00cdndice de Precios al Consumidor (IPC) correspondiente a junio \u00faltimo, que registr\u00f3 una suba de 3,1%. Debido a\u2026","rel":"","context":"En \u00abEconom\u00eda\u00bb","block_context":{"text":"Econom\u00eda","link":"http:\/\/www.24baires.com\/?cat=45"},"img":{"alt_text":"canasto supermercado","src":"https:\/\/i0.wp.com\/www.24baires.com\/wp-content\/uploads\/2014\/01\/canasto-supermercado-300x230.jpg?resize=350%2C200","width":350,"height":200},"classes":[]},{"id":121408,"url":"http:\/\/www.24baires.com\/?p=121408","url_meta":{"origin":58261,"position":2},"title":"La oposici\u00f3n aprob\u00f3 una nueva f\u00f3rmula de movilidad jubilatoria","author":"GB","date":"05\/06\/2024","format":false,"excerpt":"Bloques dialoguistas y Uni\u00f3n por la Patria acordaron una nueva f\u00f3rmula de movilidad jubilatoria. Sumar\u00e1n 8,1% adicional para recomponer la inflaci\u00f3n de enero. La oposici\u00f3n obtuvo un resonante triunfo legislativo y dio media sanci\u00f3n en Diputados a una nueva f\u00f3rmula de movilidad jubilatoria que recompone el impacto de la inflaci\u00f3n\u2026","rel":"","context":"En \u00abPol\u00edtica\u00bb","block_context":{"text":"Pol\u00edtica","link":"http:\/\/www.24baires.com\/?cat=51"},"img":{"alt_text":"","src":"https:\/\/i0.wp.com\/www.24baires.com\/wp-content\/uploads\/2024\/02\/WhatsApp-Image-2024-02-06-at-22.13.09.jpeg?resize=350%2C200","width":350,"height":200,"srcset":"https:\/\/i0.wp.com\/www.24baires.com\/wp-content\/uploads\/2024\/02\/WhatsApp-Image-2024-02-06-at-22.13.09.jpeg?resize=350%2C200 1x, https:\/\/i0.wp.com\/www.24baires.com\/wp-content\/uploads\/2024\/02\/WhatsApp-Image-2024-02-06-at-22.13.09.jpeg?resize=525%2C300 1.5x, https:\/\/i0.wp.com\/www.24baires.com\/wp-content\/uploads\/2024\/02\/WhatsApp-Image-2024-02-06-at-22.13.09.jpeg?resize=700%2C400 2x"},"classes":[]},{"id":91537,"url":"http:\/\/www.24baires.com\/?p=91537","url_meta":{"origin":58261,"position":3},"title":"Seg\u00fan Indec, la inflaci\u00f3n de diciembre fue 1.2%","author":"GB","date":"11\/01\/2017","format":false,"excerpt":"D\u00edas atr\u00e1s estudios privados que la suba de precios de todo el 2016 fue del 40% y alcanz\u00f3 el nivel m\u00e1s alto en 14 a\u00f1os. El \u00edndice de precios al consumidor (IPC) registr\u00f3 en diciembre una suba de 1,2% en la Ciudad de Buenos Aires y el Conurbano bonaerense, seg\u00fan\u2026","rel":"","context":"En \u00abEconom\u00eda\u00bb","block_context":{"text":"Econom\u00eda","link":"http:\/\/www.24baires.com\/?cat=45"},"img":{"alt_text":"","src":"https:\/\/i0.wp.com\/www.24baires.com\/wp-content\/uploads\/2013\/02\/indec-300x225.jpg?resize=350%2C200","width":350,"height":200},"classes":[]},{"id":106847,"url":"http:\/\/www.24baires.com\/?p=106847","url_meta":{"origin":58261,"position":4},"title":"Seg\u00fan el INDEC, la inflaci\u00f3n de enero fue de 2,9% y la interanual, 49,3%","author":"AF","date":"14\/02\/2019","format":false,"excerpt":"El nivel general del \u00cdndice de Precios al Consumidor (IPC), representativo del total de hogares del pa\u00eds, registr\u00f3 en enero una variaci\u00f3n de 2,9% con relaci\u00f3n al mes anterior. Los precios al consumidor (#IPC) subieron 2,9% en enero de 2019 respecto de diciembre y 49,3% interanual inform\u00f3 hoy el INDEC.\u2026","rel":"","context":"En \u00abEconom\u00eda\u00bb","block_context":{"text":"Econom\u00eda","link":"http:\/\/www.24baires.com\/?cat=45"},"img":{"alt_text":"","src":"https:\/\/i0.wp.com\/www.24baires.com\/wp-content\/uploads\/2014\/08\/supermercado.jpg?resize=350%2C200","width":350,"height":200,"srcset":"https:\/\/i0.wp.com\/www.24baires.com\/wp-content\/uploads\/2014\/08\/supermercado.jpg?resize=350%2C200 1x, https:\/\/i0.wp.com\/www.24baires.com\/wp-content\/uploads\/2014\/08\/supermercado.jpg?resize=525%2C300 1.5x"},"classes":[]},{"id":119115,"url":"http:\/\/www.24baires.com\/?p=119115","url_meta":{"origin":58261,"position":5},"title":"Habr\u00e1 descuento del 35% en medicamentos para quienes no tengan obra social","author":"AF","date":"19\/07\/2022","format":false,"excerpt":"Se trata del programa \"Pacientes Cuidados\" que ofrece que ofrece el beneficio en \"todos los medicamentos de prescripci\u00f3n a la poblaci\u00f3n con cobertura p\u00fablica exclusiva\". Adem\u00e1s, el Gobierno acord\u00f3 con las c\u00e1maras farmac\u00e9uticas: los precios \"no van a estar por encima de la inflaci\u00f3n, sino que se van a mantener\u2026","rel":"","context":"En \u00abSociedad\u00bb","block_context":{"text":"Sociedad","link":"http:\/\/www.24baires.com\/?cat=1"},"img":{"alt_text":"","src":"https:\/\/i0.wp.com\/www.24baires.com\/wp-content\/uploads\/2018\/04\/farmacity.jpg?resize=350%2C200","width":350,"height":200,"srcset":"https:\/\/i0.wp.com\/www.24baires.com\/wp-content\/uploads\/2018\/04\/farmacity.jpg?resize=350%2C200 1x, https:\/\/i0.wp.com\/www.24baires.com\/wp-content\/uploads\/2018\/04\/farmacity.jpg?resize=525%2C300 1.5x, https:\/\/i0.wp.com\/www.24baires.com\/wp-content\/uploads\/2018\/04\/farmacity.jpg?resize=700%2C400 2x"},"classes":[]}],"jetpack_sharing_enabled":true,"jetpack_likes_enabled":true,"jetpack_featured_media_url":"","_links":{"self":[{"href":"http:\/\/www.24baires.com\/index.php?rest_route=\/wp\/v2\/posts\/58261","targetHints":{"allow":["GET"]}}],"collection":[{"href":"http:\/\/www.24baires.com\/index.php?rest_route=\/wp\/v2\/posts"}],"about":[{"href":"http:\/\/www.24baires.com\/index.php?rest_route=\/wp\/v2\/types\/post"}],"author":[{"embeddable":true,"href":"http:\/\/www.24baires.com\/index.php?rest_route=\/wp\/v2\/users\/8"}],"replies":[{"embeddable":true,"href":"http:\/\/www.24baires.com\/index.php?rest_route=%2Fwp%2Fv2%2Fcomments&post=58261"}],"version-history":[{"count":1,"href":"http:\/\/www.24baires.com\/index.php?rest_route=\/wp\/v2\/posts\/58261\/revisions"}],"predecessor-version":[{"id":58262,"href":"http:\/\/www.24baires.com\/index.php?rest_route=\/wp\/v2\/posts\/58261\/revisions\/58262"}],"wp:attachment":[{"href":"http:\/\/www.24baires.com\/index.php?rest_route=%2Fwp%2Fv2%2Fmedia&parent=58261"}],"wp:term":[{"taxonomy":"category","embeddable":true,"href":"http:\/\/www.24baires.com\/index.php?rest_route=%2Fwp%2Fv2%2Fcategories&post=58261"},{"taxonomy":"post_tag","embeddable":true,"href":"http:\/\/www.24baires.com\/index.php?rest_route=%2Fwp%2Fv2%2Ftags&post=58261"}],"curies":[{"name":"wp","href":"https:\/\/api.w.org\/{rel}","templated":true}]}}