{"id":58245,"date":"2014-12-06T21:00:38","date_gmt":"2014-12-07T00:00:38","guid":{"rendered":"http:\/\/www.24baires.com\/?p=58245"},"modified":"2014-12-06T20:29:19","modified_gmt":"2014-12-06T23:29:19","slug":"la-campora-debate-sobre-politicas-publicas-en-plenario-nacional","status":"publish","type":"post","link":"http:\/\/www.24baires.com\/?p=58245","title":{"rendered":"La C\u00e1mpora debate sobre pol\u00edticas p\u00fablicas en plenario nacional"},"content":{"rendered":"<p>Los militantes de la agrupaci\u00f3n pol\u00edtica La Campora que integran el frente de profesionales contin\u00faan esta tarde el debate sobre \u201cintervenciones territoriales y acciones pol\u00edticas, conducci\u00f3n de organizaciones intermedias y lineamientos de gesti\u00f3n, programas y proyectos\u201d, en un plenario nacional que se desarrolla en la Universidad Nacional de General Sarmiento.<!--more--><\/p>\n<p>La jornada comenz\u00f3 a las 12 con una apertura que se llev\u00f3 a cabo en el anfiteatro de esa Casa de Altos Estudios en el partido de Malvinas Argentinas, con las palabras del concejal del FPV Rodolfo Tailhade que convoc\u00f3 \u00aba dar inicio al trabajo de debate y producci\u00f3n\u00bb y apunt\u00f3 que \u00abes necesario contar con los cuadros t\u00e9cnicos para poder brindar una mejor gesti\u00f3n que la de (Jes\u00fas) Cariglino -intendente de Malvinas Argentinas- que gestiona s\u00f3lo para llenarse los bolsillos\u00bb.<\/p>\n<p>Despu\u00e9s de la apertura, los m\u00e1s de 400 j\u00f3venes de todo el pa\u00eds participan de los tres paneles simult\u00e1neos en los que exponen diputados, funcionarios e investigadores.<\/p>\n<p>Sobre el debate, el militante Juan Pablo Diez Osan de Tucum\u00e1n marc\u00f3 que \u201cel eje del debate fue la inserci\u00f3n del frente de profesionales en los nuevos territorios al tiempo que enfatiz\u00f3 que se realiz\u00f3 un an\u00e1lisis pol\u00edtico del frente de profesionales anual\u201d.<\/p>\n<p>Por otra parte, destac\u00f3 que \u201calgunos de los panelistas eran j\u00f3venes militantes profesionales que trabajan en las pol\u00edticas p\u00fablicas que lleva adelante el Estado de cara a la sociedad y no detr\u00e1s de los escritorios\u201d.<\/p>\n<p>En la misma l\u00ednea, Eduardo Mart\u00ednez de San Juan se\u00f1al\u00f3 que \u201cel plenario busca unificar criterios y analizar sobre lo que ha sido el trabajo de los profesionales de La C\u00e1mpora en las diferentes provincias\u201d.<\/p>\n<p>En tanto, Francisco Bonpadre de La Pampa manifest\u00f3 que durante el encuentro \u201cse puso en discusi\u00f3n varias tem\u00e1ticas sobre la militancia de los profesionales que se cree que est\u00e1 alejada del territorio y eso no es as\u00ed\u201d.<\/p>\n<p>A su vez, destaco que el plenario se realiza en una de las universidades que nacieron con el kirchnerismo y, en ese sentido, asever\u00f3: \u201cEl peronimso no tiene distancia con las universidades\u201d.<\/p>\n<p>Una vez finalizado el trabajo en los paneles, los participantes comenzar\u00e1n el trabajo coordinados en nueve comisiones para seguir debatiendo y articulando las tem\u00e1ticas planteadas en las tres mesas iniciales y el cierre de la jornada est\u00e1 previsto para las 19 con la presencia de dirigentes nacionales de la organizaci\u00f3n.<\/p>\n","protected":false},"excerpt":{"rendered":"<p>Los militantes de la agrupaci\u00f3n pol\u00edtica La Campora que integran el frente de profesionales contin\u00faan esta tarde el debate sobre \u201cintervenciones territoriales y acciones pol\u00edticas, conducci\u00f3n de organizaciones intermedias y lineamientos de gesti\u00f3n, programas y proyectos\u201d, en un plenario nacional que se desarrolla en la Universidad Nacional de General Sarmiento.<\/p>\n","protected":false},"author":4,"featured_media":0,"comment_status":"open","ping_status":"open","sticky":false,"template":"","format":"standard","meta":{"_jetpack_newsletter_access":"","_jetpack_dont_email_post_to_subs":false,"_jetpack_newsletter_tier_id":0,"_jetpack_memberships_contains_paywalled_content":false,"_jetpack_memberships_contains_paid_content":false,"footnotes":""},"categories":[51],"tags":[],"class_list":["post-58245","post","type-post","status-publish","format-standard","hentry","category-politica"],"jetpack_shortlink":"https:\/\/wp.me\/p2JWE0-f9r","jetpack-related-posts":[{"id":108655,"url":"http:\/\/www.24baires.com\/?p=108655","url_meta":{"origin":58245,"position":0},"title":"M\u00e1ximo Kirchner: \u00abEl 10 de diciembre del 2015 todo empez\u00f3 a empeorar, lo que no quiere decir que antes era perfecto\u201d","author":"GB","date":"10\/06\/2019","format":false,"excerpt":"El diputado particip\u00f3 de un acto en Ituzaing\u00f3 acompa\u00f1ado de intendentes bonaerenses. All\u00ed, sostuvo que \"Macri deja un pa\u00eds mucho peor que el que encontr\u00f3\", aunque aclar\u00f3 que eso no significa que antes todo estuviera \"bien ni perfecto\u201d. Adem\u00e1s, afirm\u00f3 que \"la desocupaci\u00f3n es el peor infierno\" para los argentinos\u2026","rel":"","context":"En \u00abPol\u00edtica\u00bb","block_context":{"text":"Pol\u00edtica","link":"http:\/\/www.24baires.com\/?cat=51"},"img":{"alt_text":"","src":"https:\/\/i0.wp.com\/www.24baires.com\/wp-content\/uploads\/2019\/06\/maximo-kirchner.jpg?resize=350%2C200","width":350,"height":200,"srcset":"https:\/\/i0.wp.com\/www.24baires.com\/wp-content\/uploads\/2019\/06\/maximo-kirchner.jpg?resize=350%2C200 1x, https:\/\/i0.wp.com\/www.24baires.com\/wp-content\/uploads\/2019\/06\/maximo-kirchner.jpg?resize=525%2C300 1.5x"},"classes":[]},{"id":46251,"url":"http:\/\/www.24baires.com\/?p=46251","url_meta":{"origin":58245,"position":1},"title":"Mariotto sorprendi\u00f3 al participar de un acto massista en Olavarr\u00eda","author":"AF","date":"18\/05\/2014","format":false,"excerpt":"Este s\u00e1bado se realizaron dos encuentros de militantes pol\u00edticos en Olavarr\u00eda. Uno de ellos el del FPV, que se realiz\u00f3 en el parque Mitre, recibi\u00f3 la visita del vicegobernador Gabriel Mariotto y el otro en la Casa del Deporte con un encuentro de m\u00e1s de 250 mujeres del massismo denominado\u2026","rel":"","context":"En \u00abPol\u00edtica\u00bb","block_context":{"text":"Pol\u00edtica","link":"http:\/\/www.24baires.com\/?cat=51"},"img":{"alt_text":"","src":"https:\/\/i0.wp.com\/www.24baires.com\/wp-content\/uploads\/2014\/05\/mariotto-olava.jpg?resize=350%2C200","width":350,"height":200,"srcset":"https:\/\/i0.wp.com\/www.24baires.com\/wp-content\/uploads\/2014\/05\/mariotto-olava.jpg?resize=350%2C200 1x, https:\/\/i0.wp.com\/www.24baires.com\/wp-content\/uploads\/2014\/05\/mariotto-olava.jpg?resize=525%2C300 1.5x"},"classes":[]},{"id":122185,"url":"http:\/\/www.24baires.com\/?p=122185","url_meta":{"origin":58245,"position":2},"title":"Kicillof volvi\u00f3 a respaldar el desdoblamiento y dispar\u00f3: \u00abQue nadie vea fantasmas\u00bb","author":"GB","date":"04\/04\/2025","format":false,"excerpt":"Mientras aumenta la tensi\u00f3n en el peronismo, el gobernador bonaerense Axel Kicillof respald\u00f3 el desdoblamiento electoral y cuestion\u00f3 la propuesta impulsada por el kirchnerismo para unificar los comicios. Con la Legislatura pisando la suspensi\u00f3n de las PASO y a solo una hora de la publicaci\u00f3n de una carta abierta de\u2026","rel":"","context":"En \u00abProvincia\u00bb","block_context":{"text":"Provincia","link":"http:\/\/www.24baires.com\/?cat=40"},"img":{"alt_text":"","src":"https:\/\/i0.wp.com\/www.24baires.com\/wp-content\/uploads\/2025\/04\/kiciloff.webp?resize=350%2C200","width":350,"height":200,"srcset":"https:\/\/i0.wp.com\/www.24baires.com\/wp-content\/uploads\/2025\/04\/kiciloff.webp?resize=350%2C200 1x, https:\/\/i0.wp.com\/www.24baires.com\/wp-content\/uploads\/2025\/04\/kiciloff.webp?resize=525%2C300 1.5x, https:\/\/i0.wp.com\/www.24baires.com\/wp-content\/uploads\/2025\/04\/kiciloff.webp?resize=700%2C400 2x"},"classes":[]},{"id":118428,"url":"http:\/\/www.24baires.com\/?p=118428","url_meta":{"origin":58245,"position":3},"title":"\u00abSomos parte de una Patria Grande, aunque muchos quieran dividirnos y someternos\u00bb","author":"AF","date":"07\/01\/2022","format":false,"excerpt":"El presidente manifest\u00f3 sentirse \"honrado por el reconocimiento al pa\u00eds\", que pas\u00f3 a presidir el organismo, y destac\u00f3 que la Celac \u201cno naci\u00f3 para oponerse a nadie\u201d. Adem\u00e1s, agradeci\u00f3 a los pa\u00edses miembros el apoyo a las negociaciones que mantiene la Argentina con el FMI y por el reclamo de\u2026","rel":"","context":"En \u00abPol\u00edtica\u00bb","block_context":{"text":"Pol\u00edtica","link":"http:\/\/www.24baires.com\/?cat=51"},"img":{"alt_text":"","src":"https:\/\/i0.wp.com\/www.24baires.com\/wp-content\/uploads\/2022\/01\/61d884c42a49f_900.jpg?resize=350%2C200","width":350,"height":200,"srcset":"https:\/\/i0.wp.com\/www.24baires.com\/wp-content\/uploads\/2022\/01\/61d884c42a49f_900.jpg?resize=350%2C200 1x, https:\/\/i0.wp.com\/www.24baires.com\/wp-content\/uploads\/2022\/01\/61d884c42a49f_900.jpg?resize=525%2C300 1.5x"},"classes":[]},{"id":17141,"url":"http:\/\/www.24baires.com\/?p=17141","url_meta":{"origin":58245,"position":4},"title":"La Presidenta hizo hincapi\u00e9 en los 30 a\u00f1os de democracia y esta &#8216;d\u00e9cada ganada&#8217;","author":"Grupo Sierra","date":"01\/03\/2013","format":false,"excerpt":"Cristina Fern\u00e1ndez de Kirchner inaugur\u00f3 el 131 per\u00edodo de sesiones ordinarias del Congreso Nacional. En su discurso, recalc\u00f3 el crecimiento del empleo y agradeci\u00f3 \u201ca todas las fuerzas pol\u00edticas por estos 30 a\u00f1os de democracia\u201d. \u00a0 \u00a0 El discurso de la Presidenta, el m\u00e1s extenso de su gesti\u00f3n, que demand\u00f3\u2026","rel":"","context":"En \u00abPol\u00edtica\u00bb","block_context":{"text":"Pol\u00edtica","link":"http:\/\/www.24baires.com\/?cat=51"},"img":{"alt_text":"","src":"","width":0,"height":0},"classes":[]},{"id":1122,"url":"http:\/\/www.24baires.com\/?p=1122","url_meta":{"origin":58245,"position":5},"title":"Mariotto y Concejales juntos para ampliar la participaci\u00f3n ciudadana","author":"AF","date":"05\/10\/2012","format":false,"excerpt":"Con la participaron de un centenar de ediles, el vicegobernador Gabriel Mariotto avanz\u00f3 en la construcci\u00f3n de una agenda que apunta a fortalecer la calidad institucional en los distritos. \u201cEnriquecer el debate nos permite votar las mejores leyes\u201d, dijo al abrir la jornada. El vicegobernador bonaerense, Gabriel Mariotto, lanz\u00f3 hoy\u2026","rel":"","context":"En \u00abSociedad\u00bb","block_context":{"text":"Sociedad","link":"http:\/\/www.24baires.com\/?cat=1"},"img":{"alt_text":"","src":"https:\/\/i0.wp.com\/www.24baires.com\/wp-content\/uploads\/2012\/10\/mariotto1-300x222.jpg?resize=350%2C200","width":350,"height":200},"classes":[]}],"jetpack_sharing_enabled":true,"jetpack_likes_enabled":true,"jetpack_featured_media_url":"","_links":{"self":[{"href":"http:\/\/www.24baires.com\/index.php?rest_route=\/wp\/v2\/posts\/58245","targetHints":{"allow":["GET"]}}],"collection":[{"href":"http:\/\/www.24baires.com\/index.php?rest_route=\/wp\/v2\/posts"}],"about":[{"href":"http:\/\/www.24baires.com\/index.php?rest_route=\/wp\/v2\/types\/post"}],"author":[{"embeddable":true,"href":"http:\/\/www.24baires.com\/index.php?rest_route=\/wp\/v2\/users\/4"}],"replies":[{"embeddable":true,"href":"http:\/\/www.24baires.com\/index.php?rest_route=%2Fwp%2Fv2%2Fcomments&post=58245"}],"version-history":[{"count":1,"href":"http:\/\/www.24baires.com\/index.php?rest_route=\/wp\/v2\/posts\/58245\/revisions"}],"predecessor-version":[{"id":58246,"href":"http:\/\/www.24baires.com\/index.php?rest_route=\/wp\/v2\/posts\/58245\/revisions\/58246"}],"wp:attachment":[{"href":"http:\/\/www.24baires.com\/index.php?rest_route=%2Fwp%2Fv2%2Fmedia&parent=58245"}],"wp:term":[{"taxonomy":"category","embeddable":true,"href":"http:\/\/www.24baires.com\/index.php?rest_route=%2Fwp%2Fv2%2Fcategories&post=58245"},{"taxonomy":"post_tag","embeddable":true,"href":"http:\/\/www.24baires.com\/index.php?rest_route=%2Fwp%2Fv2%2Ftags&post=58245"}],"curies":[{"name":"wp","href":"https:\/\/api.w.org\/{rel}","templated":true}]}}