{"id":58235,"date":"2014-12-06T17:00:41","date_gmt":"2014-12-06T20:00:41","guid":{"rendered":"http:\/\/www.24baires.com\/?p=58235"},"modified":"2014-12-06T17:10:45","modified_gmt":"2014-12-06T20:10:45","slug":"larroque-consolidar-el-fpv-es-el-reaseguro-para-nuestro-futuro","status":"publish","type":"post","link":"http:\/\/www.24baires.com\/?p=58235","title":{"rendered":"Larroque: \u201cConsolidar el FPV es el reaseguro para nuestro futuro\u00bb"},"content":{"rendered":"<p><img data-recalc-dims=\"1\" loading=\"lazy\" decoding=\"async\" class=\"aligncenter size-full wp-image-31892\" src=\"https:\/\/i0.wp.com\/www.24baires.com\/wp-content\/uploads\/2013\/09\/larroque-cuervo.jpg?resize=560%2C331\" alt=\"larroque cuervo\" width=\"560\" height=\"331\" srcset=\"https:\/\/i0.wp.com\/www.24baires.com\/wp-content\/uploads\/2013\/09\/larroque-cuervo.jpg?w=560 560w, https:\/\/i0.wp.com\/www.24baires.com\/wp-content\/uploads\/2013\/09\/larroque-cuervo.jpg?resize=300%2C177 300w\" sizes=\"auto, (max-width: 560px) 100vw, 560px\" \/>El diputado nacional y secretario general de La C\u00e1mpora, Andr\u00e9s Larroque, asegur\u00f3 que \u201cconsolidar el Frente para la Victoria (FpV), nuestra fuerza pol\u00edtica, es el reaseguro para nuestro futuro\u201d y exhort\u00f3 a los militantes y a la sociedad a hacer memoria al sostener que \u201cN\u00e9stor (Kirchner) sac\u00f3 el pa\u00eds del infierno y a Cristina (Fern\u00e1ndez de Kirchner) le toc\u00f3 construir un pa\u00eds en serio. Aunque no est\u00e9 todo arreglado, f\u00edjense el pa\u00eds que construyeron\u201d desde 2003, subray\u00f3.<!--more--><\/p>\n<p>Durante un masivo acto en el municipio de Tigre, Larroque fue el encargado de cerrar un encuentro que cont\u00f3 con mucha m\u00edstica, banderas, bombos y c\u00e1nticos con consignas y mensajes dedicados al ex intendente de ese distrito y ahora l\u00edder del Frente Renovador, Sergio Massa, y todos aquellos peronistas que abandonaron el FpV para integrar las filas de la oposici\u00f3n.<\/p>\n<p>A su turno, el secretario general del FpV de Tigre, Mart\u00edn Gianella, se refiri\u00f3 a las posibles candidaturas a nivel local y defini\u00f3: \u00abTodos los referentes y concejales que militamos en este distrito somos candidatos a una sola cosa, a trabajar de sol a sol para que este proyecto pol\u00edtico, que le devolvi\u00f3 la alegr\u00eda y la dignidad a los argentinos gane en primera vuelta en 2015, bajo la conducci\u00f3n de nuestra Presidenta\u201d.<\/p>\n<p>\u201cPara definir candidaturas falta una eternidad, pero sabemos que tenemos a los mejores candidatos a nivel nacional y que tambi\u00e9n los tenemos a nivel local con nuestro bloque de concejales\u00bb, agreg\u00f3 Gianella.<\/p>\n<p>Al repasar las inversiones del gobierno nacional en el distrito a trav\u00e9s de diferentes obras p\u00fablicas, el concejal del FpV afirm\u00f3 que \u201cel Municipio brilla por su ausencia cuando son miles los vecinos afectados por las inundaciones producto de la desidia de la gesti\u00f3n massista y la eterna promesa de obras que nunca arrancan\u201d.<\/p>\n<p>Por su parte, Maira Echeverr\u00eda, referente de Kolina en el distrito, se\u00f1al\u00f3 que \u201ctenemos claro que es mucho lo que falta. Por ejemplo, ac\u00e1 en Tigre, solo el 17% del territorio tiene cloacas. Pero sabemos que hay que pelear juntos por todo lo que falta, siguiendo la conducci\u00f3n de nuestra Presidenta, ya que ha sabido demostrar que mantiene las mismas convicciones desde su juventud y que tiene la fortaleza necesaria para continuar profundizando este proyecto nacional y popular\u201d.<\/p>\n<p>Tambi\u00e9n Ram\u00f3n Herrera, de Fuerza Vecinal para el Cambio Social, manifest\u00f3 que \u00abnosotros como fuerza vecinal hemos asumido, junto a los compa\u00f1eros que integran el FpV de Tigre la tarea de consolidar una alternativa pol\u00edtica al massismo\u201d.<\/p>\n<p>Luego, Fabricio Cerd\u00e1n de Corriente Peronista Descamisados y secretario de Formaci\u00f3n Pol\u00edtica del FPV Tigre, se\u00f1al\u00f3 que \u201cel acto tiene un enorme significado de unidad del FpV, una gran demostraci\u00f3n de que no somos una fuerza vac\u00eda, sino una fuerza que busca gobernar el distrito. Demostramos que en Tigre no s\u00f3lo se gestan traiciones, sino que tambi\u00e9n hay un partido que es leal al peronismo, a la conducci\u00f3n de nuestra Presidenta y a un modelo de pa\u00eds con m\u00e1s oportunidad para el conjunto de los argentinos\u201d.<\/p>\n<p>Con una concurrencia de alrededor m\u00e1s de mil personas, el Frente para la Victoria de Tigre organiz\u00f3 anoche un acto de inauguraci\u00f3n de su unidad b\u00e1sica en la avenida Caz\u00f3n, a pocas cuadras de la municipalidad, del que tambi\u00e9n participaron el diputado nacional Eduardo \u201cWado\u201d De Pedro; el concejal de San Miguel Bruno Baschetti; el referente nacional de Miles, Luis D\u2019El\u00eda; y la directora general de ACUMAR, Patricia D\u00edaz, entre otros funcionarios.<\/p>\n","protected":false},"excerpt":{"rendered":"<p>El diputado nacional y secretario general de La C\u00e1mpora, Andr\u00e9s Larroque, asegur\u00f3 que \u201cconsolidar el Frente para la Victoria (FpV), nuestra fuerza pol\u00edtica, es el reaseguro para nuestro futuro\u201d y exhort\u00f3 a los militantes y a la sociedad a hacer memoria al sostener que \u201cN\u00e9stor (Kirchner) sac\u00f3 el pa\u00eds del infierno y a Cristina (Fern\u00e1ndez de Kirchner) le toc\u00f3 construir [&#8230;]<\/p>\n","protected":false},"author":4,"featured_media":0,"comment_status":"open","ping_status":"open","sticky":false,"template":"","format":"standard","meta":{"_jetpack_newsletter_access":"","_jetpack_dont_email_post_to_subs":false,"_jetpack_newsletter_tier_id":0,"_jetpack_memberships_contains_paywalled_content":false,"_jetpack_memberships_contains_paid_content":false,"footnotes":""},"categories":[51],"tags":[],"class_list":["post-58235","post","type-post","status-publish","format-standard","hentry","category-politica"],"jetpack_shortlink":"https:\/\/wp.me\/p2JWE0-f9h","jetpack-related-posts":[{"id":59061,"url":"http:\/\/www.24baires.com\/?p=59061","url_meta":{"origin":58235,"position":0},"title":"Larroque: \u00abClar\u00edn se qued\u00f3 sin agenda\u00bb","author":"AF","date":"23\/12\/2014","format":false,"excerpt":"El diputado nacional Andr\u00e9s Larroque (Frente para la Victoria) asegur\u00f3 hoy que Clar\u00edn \u201cse ha quedado sin agenda\u201d y cuestion\u00f3 el \u201cataque indiscriminado de ese multimedio\u201d al gobierno nacional, al sostener que refleja \u201cla impotencia frente a la consolidaci\u00f3n del proyecto pol\u00edtico\u201d que encabeza la presidenta Cristina Fern\u00e1ndez de Kirchner.\u2026","rel":"","context":"En \u00abMedios\u00bb","block_context":{"text":"Medios","link":"http:\/\/www.24baires.com\/?cat=54"},"img":{"alt_text":"larroque cuervo","src":"https:\/\/i0.wp.com\/www.24baires.com\/wp-content\/uploads\/2013\/09\/larroque-cuervo.jpg?resize=350%2C200","width":350,"height":200,"srcset":"https:\/\/i0.wp.com\/www.24baires.com\/wp-content\/uploads\/2013\/09\/larroque-cuervo.jpg?resize=350%2C200 1x, https:\/\/i0.wp.com\/www.24baires.com\/wp-content\/uploads\/2013\/09\/larroque-cuervo.jpg?resize=525%2C300 1.5x"},"classes":[]},{"id":58560,"url":"http:\/\/www.24baires.com\/?p=58560","url_meta":{"origin":58235,"position":1},"title":"\u00abTranquilidad, alegr\u00eda y expectativa\u00bb, por el acto en la Plaza de Mayo","author":"GB","date":"13\/12\/2014","format":false,"excerpt":"Lo dijo hoy el diputado nacional Andr\u00e9s Larroque (Frente para la Victoria -FpV-) en relaci\u00f3n al festejo por los 31 a\u00f1os de democracia que comenzar\u00e1 a las 14, y destac\u00f3 que el proyecto pol\u00edtico que encabeza la presidenta Cristina Fern\u00e1ndez de Kirchner siempre ha puesto como \u201cprotagonista al pueblo\u201d. El\u2026","rel":"","context":"En \u00abSociedad\u00bb","block_context":{"text":"Sociedad","link":"http:\/\/www.24baires.com\/?cat=1"},"img":{"alt_text":"plaza de mayo","src":"https:\/\/i0.wp.com\/www.24baires.com\/wp-content\/uploads\/2014\/12\/plaza-de-mayo.jpg?resize=350%2C200","width":350,"height":200,"srcset":"https:\/\/i0.wp.com\/www.24baires.com\/wp-content\/uploads\/2014\/12\/plaza-de-mayo.jpg?resize=350%2C200 1x, https:\/\/i0.wp.com\/www.24baires.com\/wp-content\/uploads\/2014\/12\/plaza-de-mayo.jpg?resize=525%2C300 1.5x"},"classes":[]},{"id":50608,"url":"http:\/\/www.24baires.com\/?p=50608","url_meta":{"origin":58235,"position":2},"title":"Larroque valor\u00f3 el \u201cprotagonismo\u201d de la militancia en el 3er Encuentro","author":"Grupo Sierra","date":"27\/07\/2014","format":false,"excerpt":"Al participar en el tercer Encuentro de la Militancia kirchnerista realizado en C\u00f3rdoba, el diputado Andr\u00e9s \u201cCuervo\u201d Larroque sostuvo que \u201cel protagonismo de la militancia es significativo y est\u00e1 consolidado en el pa\u00eds. Eso ha quedado demostrado en estos encuentros que estamos realizando en todo el pa\u00eds\u201d. C\u00f3rdoba fue sede\u2026","rel":"","context":"En \u00abPol\u00edtica\u00bb","block_context":{"text":"Pol\u00edtica","link":"http:\/\/www.24baires.com\/?cat=51"},"img":{"alt_text":"larroque cuervo","src":"https:\/\/i0.wp.com\/www.24baires.com\/wp-content\/uploads\/2013\/09\/larroque-cuervo.jpg?resize=350%2C200","width":350,"height":200,"srcset":"https:\/\/i0.wp.com\/www.24baires.com\/wp-content\/uploads\/2013\/09\/larroque-cuervo.jpg?resize=350%2C200 1x, https:\/\/i0.wp.com\/www.24baires.com\/wp-content\/uploads\/2013\/09\/larroque-cuervo.jpg?resize=525%2C300 1.5x"},"classes":[]},{"id":105096,"url":"http:\/\/www.24baires.com\/?p=105096","url_meta":{"origin":58235,"position":3},"title":"Carri\u00f3 neg\u00f3 la represi\u00f3n mientras la Polic\u00eda agred\u00eda a otros legisladores","author":"AF","date":"24\/10\/2018","format":false,"excerpt":"Una delegaci\u00f3n de parlamentarios, quienes dialogaron con el jefe del Operativo para que detenga el ataque contra los manifestantes, fueron heridos y rociados con gas pimienta. El diputado Andr\u00e9s Larroque, del Frente para la Victoria, tuvo que recurrir a un puesto de enfermer\u00eda por las secuelas del gas pimienta y\u2026","rel":"","context":"En \u00abSociedad\u00bb","block_context":{"text":"Sociedad","link":"http:\/\/www.24baires.com\/?cat=1"},"img":{"alt_text":"","src":"https:\/\/i0.wp.com\/www.24baires.com\/wp-content\/uploads\/2018\/10\/represi%C3%B3n.jpg?resize=350%2C200","width":350,"height":200,"srcset":"https:\/\/i0.wp.com\/www.24baires.com\/wp-content\/uploads\/2018\/10\/represi%C3%B3n.jpg?resize=350%2C200 1x, https:\/\/i0.wp.com\/www.24baires.com\/wp-content\/uploads\/2018\/10\/represi%C3%B3n.jpg?resize=525%2C300 1.5x"},"classes":[]},{"id":63813,"url":"http:\/\/www.24baires.com\/?p=63813","url_meta":{"origin":58235,"position":4},"title":"\u00abSi hay alguien oscuro en este pa\u00eds, \u00e9se es Mauricio Macri\u00bb, dijo Larroque","author":"GB","date":"01\/04\/2015","format":false,"excerpt":"El referente de La C\u00e1mpora respondi\u00f3 as\u00ed a las declaraciones del l\u00edder del PRO, quien asegur\u00f3 que \"es bueno que M\u00e1ximo Kirchner haya salido de la oscuridad\", luego de que concediera una extensa entrevista radial. El diputado nacional Andr\u00e9s Larroque (FPV) sostuvo este mi\u00e9rcoles que \"si hay alguien oscuro en\u2026","rel":"","context":"En \u00abPol\u00edtica\u00bb","block_context":{"text":"Pol\u00edtica","link":"http:\/\/www.24baires.com\/?cat=51"},"img":{"alt_text":"larroque cuervo","src":"https:\/\/i0.wp.com\/www.24baires.com\/wp-content\/uploads\/2013\/09\/larroque-cuervo.jpg?resize=350%2C200","width":350,"height":200,"srcset":"https:\/\/i0.wp.com\/www.24baires.com\/wp-content\/uploads\/2013\/09\/larroque-cuervo.jpg?resize=350%2C200 1x, https:\/\/i0.wp.com\/www.24baires.com\/wp-content\/uploads\/2013\/09\/larroque-cuervo.jpg?resize=525%2C300 1.5x"},"classes":[]},{"id":41864,"url":"http:\/\/www.24baires.com\/?p=41864","url_meta":{"origin":58235,"position":5},"title":"Para Larroque quieren reinstalar el \u00abvos no te metas en la pol\u00edtica\u00bb","author":"Grupo Sierra","date":"10\/03\/2014","format":false,"excerpt":"El diputado nacional por el Frente para la Victoria Andr\u00e9s Larroque cuestion\u00f3 hoy a \u201clos grupos econ\u00f3micos\" que \"buscan reinstalar el relato que se gest\u00f3 en los `90: el `vos no te metas en pol\u00edtica`\" y destac\u00f3 que \u201cla tarea de la militancia es construir lugares donde generar debates\u201d. \u201cLos\u2026","rel":"","context":"En \u00abPol\u00edtica\u00bb","block_context":{"text":"Pol\u00edtica","link":"http:\/\/www.24baires.com\/?cat=51"},"img":{"alt_text":"larroque cuervo","src":"https:\/\/i0.wp.com\/www.24baires.com\/wp-content\/uploads\/2013\/09\/larroque-cuervo.jpg?resize=350%2C200","width":350,"height":200,"srcset":"https:\/\/i0.wp.com\/www.24baires.com\/wp-content\/uploads\/2013\/09\/larroque-cuervo.jpg?resize=350%2C200 1x, https:\/\/i0.wp.com\/www.24baires.com\/wp-content\/uploads\/2013\/09\/larroque-cuervo.jpg?resize=525%2C300 1.5x"},"classes":[]}],"jetpack_sharing_enabled":true,"jetpack_likes_enabled":true,"jetpack_featured_media_url":"","_links":{"self":[{"href":"http:\/\/www.24baires.com\/index.php?rest_route=\/wp\/v2\/posts\/58235","targetHints":{"allow":["GET"]}}],"collection":[{"href":"http:\/\/www.24baires.com\/index.php?rest_route=\/wp\/v2\/posts"}],"about":[{"href":"http:\/\/www.24baires.com\/index.php?rest_route=\/wp\/v2\/types\/post"}],"author":[{"embeddable":true,"href":"http:\/\/www.24baires.com\/index.php?rest_route=\/wp\/v2\/users\/4"}],"replies":[{"embeddable":true,"href":"http:\/\/www.24baires.com\/index.php?rest_route=%2Fwp%2Fv2%2Fcomments&post=58235"}],"version-history":[{"count":1,"href":"http:\/\/www.24baires.com\/index.php?rest_route=\/wp\/v2\/posts\/58235\/revisions"}],"predecessor-version":[{"id":58236,"href":"http:\/\/www.24baires.com\/index.php?rest_route=\/wp\/v2\/posts\/58235\/revisions\/58236"}],"wp:attachment":[{"href":"http:\/\/www.24baires.com\/index.php?rest_route=%2Fwp%2Fv2%2Fmedia&parent=58235"}],"wp:term":[{"taxonomy":"category","embeddable":true,"href":"http:\/\/www.24baires.com\/index.php?rest_route=%2Fwp%2Fv2%2Fcategories&post=58235"},{"taxonomy":"post_tag","embeddable":true,"href":"http:\/\/www.24baires.com\/index.php?rest_route=%2Fwp%2Fv2%2Ftags&post=58235"}],"curies":[{"name":"wp","href":"https:\/\/api.w.org\/{rel}","templated":true}]}}