{"id":58230,"date":"2014-12-06T15:00:15","date_gmt":"2014-12-06T18:00:15","guid":{"rendered":"http:\/\/www.24baires.com\/?p=58230"},"modified":"2014-12-06T15:03:53","modified_gmt":"2014-12-06T18:03:53","slug":"buscamos-hacer-una-provincia-inteligente-moderna-y-segura-aseguro-scioli","status":"publish","type":"post","link":"http:\/\/www.24baires.com\/?p=58230","title":{"rendered":"\u201cBuscamos hacer una provincia inteligente, moderna y segura\u00bb, asegur\u00f3 Scioli"},"content":{"rendered":"<p><img data-recalc-dims=\"1\" loading=\"lazy\" decoding=\"async\" class=\"aligncenter size-full wp-image-58231\" src=\"https:\/\/i0.wp.com\/www.24baires.com\/wp-content\/uploads\/2014\/12\/scioli-la-plata.jpg?resize=560%2C313\" alt=\"scioli la plata\" width=\"560\" height=\"313\" srcset=\"https:\/\/i0.wp.com\/www.24baires.com\/wp-content\/uploads\/2014\/12\/scioli-la-plata.jpg?w=560 560w, https:\/\/i0.wp.com\/www.24baires.com\/wp-content\/uploads\/2014\/12\/scioli-la-plata.jpg?resize=300%2C167 300w\" sizes=\"auto, (max-width: 560px) 100vw, 560px\" \/>El gobernador bonaerense, Daniel Scioli asegur\u00f3 hoy que \u201ctrabajamos para hacer una provincia inteligente, moderna y segura\u201d, al encabezar la inauguraci\u00f3n de un centro de monitoreo en la Autopista Buenos Aires &#8211; La Plata.<!--more--><\/p>\n<p>\u201cLo que hoy estamos inaugurando es mucho mas que un centro de monitoreo, ya que esto nos permite ir teniendo el pulso y la densidad del tr\u00e1nsito en esta vital Autopista\u201d, dijo Scioli durante la inauguraci\u00f3n realizada a metros del peaje de Hudson de dicha arteria vial.<\/p>\n<p>El gobernador anticip\u00f3 que \u201ca trav\u00e9s de la fibra \u00f3ptica vamos a tener conectada esta central de monitoreo con los municipios para que si hay una situaci\u00f3n de riesgo que provenga del municipio de Avellaneda o de La Plata por ejemplo, se pueda trabajar en forma conjunta\u201d.<\/p>\n<p>\u201cEste es un tema central en la agenda de la integraci\u00f3n y la pujanza\u201d, dijo Scioli y destac\u00f3 que \u201cbuscamos generar oportunidades para traer inversiones. Porque sabemos que el transporte es un componente muy importante para el desarrollo\u201d.<\/p>\n<p>Al respecto el titular de la empresa Autopista Buenos Aires (AUBASA), Gonzalo Atanasof, detall\u00f3 que \u201cel equipamiento de seguridad incluye 63 c\u00e1maras fijas que registran en full HD y tienen visi\u00f3n nocturna. Adem\u00e1s 97 domos que reciben im\u00e1genes a 360\u00b0, tienen un zoom con alcance a 250 metros y alta definici\u00f3n\u201d.<\/p>\n<p>\u201cEl centro de monitoreo funcionar\u00e1 las 24 horas\u201d, precis\u00f3 y detall\u00f3 que las irregularidades o il\u00edcitos detectados se informar\u00e1n a oficiales de Gendarmer\u00eda y de la Polic\u00eda Bonaerense que tambi\u00e9n ocupar\u00e1n un lugar en el control central de la oficina.<\/p>\n<p>Durante la actividad, la Secretaria de Servicios P\u00fablicos de la Provincia de Buenos Aires, mont\u00f3 -a su vez- un simulacro de accidente m\u00faltiple que consisti\u00f3 en la representaci\u00f3n de un choque entre un cami\u00f3n que traslada sustancias peligrosas, un minib\u00fas y un autom\u00f3vil.<\/p>\n<p>El simulacro tuvo una duraci\u00f3n de 30 minutos y en la escena se protagoniz\u00f3, tras la colisi\u00f3n, una explosi\u00f3n y luego el derrame del l\u00edquido t\u00f3xico, con la intervenci\u00f3n de 20 actores, 10 ambulancias, patrulleros, autobombas y un helic\u00f3ptero, encargado de trasladar a la persona que resultar\u00eda herida de gravedad.<\/p>\n<p>Esto gener\u00f3 la implementaci\u00f3n de un protocolo de contingencias\/emergencias, con un amplio despliegue, para dar pronta respuesta a la demanda de asistencia implicada en el hecho.<\/p>\n<p>\u201cQuiero agradecer a quienes han organizado esta acci\u00f3n que pone en evidencia el nivel de preparaci\u00f3n que tenemos para poder intervenir ante cualquier circunstancia imprevista\u201d, dijo Scioli acompa\u00f1ado del titular de la Secretar\u00eda de Servicios P\u00fablicos, Franco La Porta.<\/p>\n<p>Subray\u00f3, a su vez, que \u201cbuscamos que la gente viaje mejor, m\u00e1s segura y m\u00e1s r\u00e1pido. Por eso nuestras dos capitales, la Ciudad de Buenos Aires y La Plata merec\u00edan dar este salto cualitativo en lo que hace al transporte y la conectividad\u201d.<\/p>\n<p>Del evento participaron adem\u00e1s, organismos e integrantes del gobierno provincial como Jefatura de Gabinete, Secretar\u00eda de Servicios P\u00fablicos &#8211; Aubasa, Ministerio de Salud, OPDS, Defensa Civil, Bomberos, Polic\u00eda de las \u00e1reas de Seguridad, Ecol\u00f3gica, y Vial.<\/p>\n<p>Con el objetivo de no impedir el flujo vehicular producto del fin de semana largo y por la realizaci\u00f3n del simulacro de accidente, se mantuvo liberado el pase de veh\u00edculos en las estaciones de Dock Sud y Hudson en el sentido Buenos Aires \u2013 La Plata durante el operativo.<\/p>\n<p>Del acto participaron los intendentes Juan Patricio Mussi (Berazategui); Jorge Ferraressi (Avellaneda); Pablo Bruera (La Plata) y el secretario general del Sindicato \u00danico de Trabajadores de Peajes (SUPRA), Facundo Moyano, entre otros.<\/p>\n<p>&nbsp;<\/p>\n<p>&nbsp;<\/p>\n<p>&nbsp;<\/p>\n<p>&nbsp;<\/p>\n<p>&nbsp;<\/p>\n<p>&nbsp;<\/p>\n<p>&nbsp;<\/p>\n<p>&nbsp;<\/p>\n<p>&nbsp;<\/p>\n<p>&nbsp;<\/p>\n<p>&nbsp;<\/p>\n<p>&nbsp;<\/p>\n<p>&nbsp;<\/p>\n","protected":false},"excerpt":{"rendered":"<p>El gobernador bonaerense, Daniel Scioli asegur\u00f3 hoy que \u201ctrabajamos para hacer una provincia inteligente, moderna y segura\u201d, al encabezar la inauguraci\u00f3n de un centro de monitoreo en la Autopista Buenos Aires &#8211; La Plata.<\/p>\n","protected":false},"author":8,"featured_media":0,"comment_status":"open","ping_status":"open","sticky":false,"template":"","format":"standard","meta":{"_jetpack_newsletter_access":"","_jetpack_dont_email_post_to_subs":false,"_jetpack_newsletter_tier_id":0,"_jetpack_memberships_contains_paywalled_content":false,"_jetpack_memberships_contains_paid_content":false,"footnotes":""},"categories":[51],"tags":[],"class_list":["post-58230","post","type-post","status-publish","format-standard","hentry","category-politica"],"jetpack_shortlink":"https:\/\/wp.me\/p2JWE0-f9c","jetpack-related-posts":[{"id":28940,"url":"http:\/\/www.24baires.com\/?p=28940","url_meta":{"origin":58230,"position":0},"title":"Scioli e Insaurralde inauguraron un centro de monitoreo en Avellaneda","author":"Grupo Sierra","date":"25\/07\/2013","format":false,"excerpt":"El gobernador bonaerense y el precandidato a diputado nacional por el Frente para la Victoria estuvieron junto al intendente de Avellaneda, Jorge Ferraresi, en la inauguraci\u00f3n del Centro de Monitoreo del distrito. \u201cNos estamos ocupando de la seguridad porque preocupa a los ciudadanos\u201d, remarc\u00f3 Insaurralde. El gobernador de la Provincia\u2026","rel":"","context":"En \u00abPol\u00edtica\u00bb","block_context":{"text":"Pol\u00edtica","link":"http:\/\/www.24baires.com\/?cat=51"},"img":{"alt_text":"scioli insaurralde avellaneda","src":"https:\/\/i0.wp.com\/www.24baires.com\/wp-content\/uploads\/2013\/07\/scioli-insaurralde-avellaneda-300x180.jpg?resize=350%2C200","width":350,"height":200},"classes":[]},{"id":59201,"url":"http:\/\/www.24baires.com\/?p=59201","url_meta":{"origin":58230,"position":1},"title":"\u00abLa mejor pol\u00edtica vial es tener las rutas en mejores condiciones\u00bb, dijo Scioli","author":"GB","date":"27\/12\/2014","format":false,"excerpt":"El gobernador de la provincia de Buenos Aires supervisa los controles que se realizan en el marco del Operativo Sol. Scioli valor\u00f3 que la Autopista 2 es de \"vanguardia\". Ayer, Provincia impuls\u00f3 \"Manej\u00e1 lo que tom\u00e1s\". El gobernador de la provincia de Buenos Aires, Daniel Scioli, indic\u00f3 hoy que \u201cla\u2026","rel":"","context":"En \u00abPol\u00edtica\u00bb","block_context":{"text":"Pol\u00edtica","link":"http:\/\/www.24baires.com\/?cat=51"},"img":{"alt_text":"scioli sorteo","src":"https:\/\/i0.wp.com\/www.24baires.com\/wp-content\/uploads\/2014\/05\/scioli-sorteo.jpg?resize=350%2C200","width":350,"height":200,"srcset":"https:\/\/i0.wp.com\/www.24baires.com\/wp-content\/uploads\/2014\/05\/scioli-sorteo.jpg?resize=350%2C200 1x, https:\/\/i0.wp.com\/www.24baires.com\/wp-content\/uploads\/2014\/05\/scioli-sorteo.jpg?resize=525%2C300 1.5x"},"classes":[]},{"id":54766,"url":"http:\/\/www.24baires.com\/?p=54766","url_meta":{"origin":58230,"position":2},"title":"Tres de Febrero: el primer municipio en incorporar el 911 port\u00e1til","author":"GB","date":"04\/10\/2014","format":false,"excerpt":"Se trata del bot\u00f3n de alerta que se suma a la central de monitoreo. Planean exten derlo a otros municipios d ela provincia. El vicepresidente ejecutivo del Grupo Provincia, Nicol\u00e1s Scioli, y el Intendente Hugo Curto explicaron los alcances de la medida. \"Es la forma m\u00e1s r\u00e1pida para que la\u2026","rel":"","context":"En \u00abMunicipios\u00bb","block_context":{"text":"Municipios","link":"http:\/\/www.24baires.com\/?cat=44"},"img":{"alt_text":"911 portatil","src":"https:\/\/i0.wp.com\/www.24baires.com\/wp-content\/uploads\/2014\/10\/911-portatil.jpg?resize=350%2C200","width":350,"height":200},"classes":[]},{"id":101887,"url":"http:\/\/www.24baires.com\/?p=101887","url_meta":{"origin":58230,"position":3},"title":"Vidal supervis\u00f3 los operativos en las zonas m\u00e1s castigadas del Conurbano por el temporal","author":"GB","date":"30\/04\/2018","format":false,"excerpt":"La Gobernadora visit\u00f3 un centro de evacuados en PIlar y m\u00e1s tarde estuvo en el Centro de Monitoreo de Tres de Febrero. Son dos de los municipios que m\u00e1s padecieron las consecuencias de las tormentas del fin de semana. La gobernadora Mar\u00eda Eugenia Vidal, visit\u00f3 durante la tarde de ayer\u2026","rel":"","context":"En \u00abProvincia\u00bb","block_context":{"text":"Provincia","link":"http:\/\/www.24baires.com\/?cat=40"},"img":{"alt_text":"","src":"https:\/\/i0.wp.com\/www.24baires.com\/wp-content\/uploads\/2018\/04\/e.jpeg?resize=350%2C200","width":350,"height":200,"srcset":"https:\/\/i0.wp.com\/www.24baires.com\/wp-content\/uploads\/2018\/04\/e.jpeg?resize=350%2C200 1x, https:\/\/i0.wp.com\/www.24baires.com\/wp-content\/uploads\/2018\/04\/e.jpeg?resize=525%2C300 1.5x"},"classes":[]},{"id":61960,"url":"http:\/\/www.24baires.com\/?p=61960","url_meta":{"origin":58230,"position":4},"title":"Firman en Ituzaing\u00f3 un acuerdo de seguridad urbana","author":"AF","date":"19\/02\/2015","format":false,"excerpt":"El gobernador Daniel Scioli firm\u00f3 con el intendente de Ituzaing\u00f3, Alberto Descalzo, un convenio para que el municipio adquiera, a trav\u00e9s de Provincia Leasing, nuevos bienes destinados al monitoreo en seguridad urbana. \u201cItuzaing\u00f3 sumar\u00e1 m\u00e1s tecnolog\u00eda, con una nueva sala de monitoreo, rastreadores satelitales para los m\u00f3viles e identificadores de\u2026","rel":"","context":"En \u00abLocales\u00bb","block_context":{"text":"Locales","link":"http:\/\/www.24baires.com\/?cat=38"},"img":{"alt_text":"","src":"","width":0,"height":0},"classes":[]},{"id":118356,"url":"http:\/\/www.24baires.com\/?p=118356","url_meta":{"origin":58230,"position":5},"title":"Axel Kicillof lanza el Operativo Sol 2022 en Mar del Plata","author":"GB","date":"20\/12\/2021","format":false,"excerpt":"El gobernador de la Provincia de Buenos Aires, Axel Kicillof, presenta el Operativo Sol 2022 en la Ciudad de Mar del Plata tras lanzar la temporada de verano. Luego de lanzar la temporada de verano al inaugurar la finalizaci\u00f3n de las obras en las autov\u00edas y rutas N\u00ba 11 y\u2026","rel":"","context":"En \u00abProvincia\u00bb","block_context":{"text":"Provincia","link":"http:\/\/www.24baires.com\/?cat=40"},"img":{"alt_text":"","src":"https:\/\/i0.wp.com\/www.24baires.com\/wp-content\/uploads\/2021\/12\/axel-kicillof-mar-del-platajpg-300x200.jpg?resize=350%2C200","width":350,"height":200},"classes":[]}],"jetpack_sharing_enabled":true,"jetpack_likes_enabled":true,"jetpack_featured_media_url":"","_links":{"self":[{"href":"http:\/\/www.24baires.com\/index.php?rest_route=\/wp\/v2\/posts\/58230","targetHints":{"allow":["GET"]}}],"collection":[{"href":"http:\/\/www.24baires.com\/index.php?rest_route=\/wp\/v2\/posts"}],"about":[{"href":"http:\/\/www.24baires.com\/index.php?rest_route=\/wp\/v2\/types\/post"}],"author":[{"embeddable":true,"href":"http:\/\/www.24baires.com\/index.php?rest_route=\/wp\/v2\/users\/8"}],"replies":[{"embeddable":true,"href":"http:\/\/www.24baires.com\/index.php?rest_route=%2Fwp%2Fv2%2Fcomments&post=58230"}],"version-history":[{"count":1,"href":"http:\/\/www.24baires.com\/index.php?rest_route=\/wp\/v2\/posts\/58230\/revisions"}],"predecessor-version":[{"id":58232,"href":"http:\/\/www.24baires.com\/index.php?rest_route=\/wp\/v2\/posts\/58230\/revisions\/58232"}],"wp:attachment":[{"href":"http:\/\/www.24baires.com\/index.php?rest_route=%2Fwp%2Fv2%2Fmedia&parent=58230"}],"wp:term":[{"taxonomy":"category","embeddable":true,"href":"http:\/\/www.24baires.com\/index.php?rest_route=%2Fwp%2Fv2%2Fcategories&post=58230"},{"taxonomy":"post_tag","embeddable":true,"href":"http:\/\/www.24baires.com\/index.php?rest_route=%2Fwp%2Fv2%2Ftags&post=58230"}],"curies":[{"name":"wp","href":"https:\/\/api.w.org\/{rel}","templated":true}]}}