{"id":58221,"date":"2014-12-06T12:00:08","date_gmt":"2014-12-06T15:00:08","guid":{"rendered":"http:\/\/www.24baires.com\/?p=58221"},"modified":"2014-12-06T11:54:10","modified_gmt":"2014-12-06T14:54:10","slug":"scioli-convoco-a-docentes-a-discutir-las-paritarias-2015","status":"publish","type":"post","link":"http:\/\/www.24baires.com\/?p=58221","title":{"rendered":"Scioli convoc\u00f3 a docentes a discutir las paritarias 2015"},"content":{"rendered":"<p><img data-recalc-dims=\"1\" loading=\"lazy\" decoding=\"async\" class=\"aligncenter size-full wp-image-47023\" src=\"https:\/\/i0.wp.com\/www.24baires.com\/wp-content\/uploads\/2014\/05\/Scioli2.jpg?resize=560%2C412\" alt=\"Scioli2\" width=\"560\" height=\"412\" srcset=\"https:\/\/i0.wp.com\/www.24baires.com\/wp-content\/uploads\/2014\/05\/Scioli2.jpg?w=560 560w, https:\/\/i0.wp.com\/www.24baires.com\/wp-content\/uploads\/2014\/05\/Scioli2.jpg?resize=300%2C220 300w\" sizes=\"auto, (max-width: 560px) 100vw, 560px\" \/>El gobernador de la provincia de Buenos Aires llam\u00f3 a un encuentro para el pr\u00f3ximo martes en el Ministerio de Trabajo.<!--more--><\/p>\n<p>\u00abFue una buena decisi\u00f3n\u00bb, sostuvo el titular de Suteba, Roberto Baradel.<\/p>\n<p>El gobernador de la provincia de Buenos Aires convoc\u00f3 para este martes a los docentes con el fin de comenzar la discusi\u00f3n respecto de las paritarias 2015.<\/p>\n<p>El encuentro ser\u00e1 a partir de las 17 en el Ministerio de Trabajo. Fueron convocados los cinco sindicatos del Frente Gremial Docente, que integran SUTEBA, FEB, UDA, los t\u00e9cnicos de AMET y los privados de SADOP.<\/p>\n<p>El gobernador convoc\u00f3 adem\u00e1s a la Uni\u00f3n de Docentes de Buenos Aires y la representaci\u00f3n sectorial de UPCN.<\/p>\n<p>Los gremios de los maestros advirtieron que reclamar\u00e1n \u00abuna recomposici\u00f3n del salario b\u00e1sico y un incremento del haber de bolsillo\u00bb.<\/p>\n<p>\u00abEsta convocatoria obedece a una demanda de todos los sectores para ir trabajando en una misma mesa los acuerdos que posibiliten comenzar las clases en tiempo y forma\u00bb, remarc\u00f3 el jefe de Gabinete bonaerense, Alberto P\u00e9rez, quien hab\u00eda anticipado en noviembre que Scioli adelantar\u00eda las paritarias.<\/p>\n<p>&nbsp;<\/p>\n<p>&nbsp;<\/p>\n<p>&nbsp;<\/p>\n<p>&nbsp;<\/p>\n<p>&nbsp;<\/p>\n<p>&nbsp;<\/p>\n<p>&nbsp;<\/p>\n<p>&nbsp;<\/p>\n<p>&nbsp;<\/p>\n<p>&nbsp;<\/p>\n<p>&nbsp;<\/p>\n<p>&nbsp;<\/p>\n<p>&nbsp;<\/p>\n<p>&nbsp;<\/p>\n<p>&nbsp;<\/p>\n<p>&nbsp;<\/p>\n<p>&nbsp;<\/p>\n<p>&nbsp;<\/p>\n","protected":false},"excerpt":{"rendered":"<p>El gobernador de la provincia de Buenos Aires llam\u00f3 a un encuentro para el pr\u00f3ximo martes en el Ministerio de Trabajo.<\/p>\n","protected":false},"author":8,"featured_media":0,"comment_status":"open","ping_status":"open","sticky":false,"template":"","format":"standard","meta":{"_jetpack_newsletter_access":"","_jetpack_dont_email_post_to_subs":false,"_jetpack_newsletter_tier_id":0,"_jetpack_memberships_contains_paywalled_content":false,"_jetpack_memberships_contains_paid_content":false,"footnotes":""},"categories":[51],"tags":[],"class_list":["post-58221","post","type-post","status-publish","format-standard","hentry","category-politica"],"jetpack_shortlink":"https:\/\/wp.me\/p2JWE0-f93","jetpack-related-posts":[{"id":114229,"url":"http:\/\/www.24baires.com\/?p=114229","url_meta":{"origin":58221,"position":0},"title":"El Frente Gremial Docente rechaz\u00f3 la primera propuesta salarial de Kicillof","author":"GB","date":"27\/02\/2020","format":false,"excerpt":"Contin\u00faan las negociaciones a cuatro d\u00edas del inicio de clases. Hoy habr\u00e1 una nueva reuni\u00f3n El Frente Gremial Docenterechaz\u00f3 la primera propuesta salarial del gobernador Axel Kicillofpor \"insuficiente\".\"Contin\u00faan las negociaciones\", inform\u00f3 el Frente a cuatro d\u00edas del inicio de clases programado el 2 de marzo en este territorio. El Sindicato\u2026","rel":"","context":"En \u00abProvincia\u00bb","block_context":{"text":"Provincia","link":"http:\/\/www.24baires.com\/?cat=40"},"img":{"alt_text":"","src":"https:\/\/i0.wp.com\/www.24baires.com\/wp-content\/uploads\/2020\/02\/paritaria-docente.jpg?resize=350%2C200","width":350,"height":200,"srcset":"https:\/\/i0.wp.com\/www.24baires.com\/wp-content\/uploads\/2020\/02\/paritaria-docente.jpg?resize=350%2C200 1x, https:\/\/i0.wp.com\/www.24baires.com\/wp-content\/uploads\/2020\/02\/paritaria-docente.jpg?resize=525%2C300 1.5x"},"classes":[]},{"id":102549,"url":"http:\/\/www.24baires.com\/?p=102549","url_meta":{"origin":58221,"position":1},"title":"Baradel anticip\u00f3 que los docentes no aceptar\u00e1n \u00abun salario a la baja\u00bb","author":"AF","date":"05\/06\/2018","format":false,"excerpt":"El jefe de Suteba critic\u00f3 que no se pueda negociar el piso salarial, en referencia a la resoluci\u00f3n que adem\u00e1s le quita poder a Ctera. El secretario general del Sindicato \u00danico de Trabajadores de la Educaci\u00f3n (Suteba), Roberto Baradel, arremeti\u00f3 este martes contra la gobernadora bonaerense Maria Eugenia Vidal por\u2026","rel":"","context":"En \u00abSociedad\u00bb","block_context":{"text":"Sociedad","link":"http:\/\/www.24baires.com\/?cat=1"},"img":{"alt_text":"","src":"https:\/\/i0.wp.com\/www.24baires.com\/wp-content\/uploads\/2017\/07\/baradel.jpg?resize=350%2C200","width":350,"height":200,"srcset":"https:\/\/i0.wp.com\/www.24baires.com\/wp-content\/uploads\/2017\/07\/baradel.jpg?resize=350%2C200 1x, https:\/\/i0.wp.com\/www.24baires.com\/wp-content\/uploads\/2017\/07\/baradel.jpg?resize=525%2C300 1.5x"},"classes":[]},{"id":106727,"url":"http:\/\/www.24baires.com\/?p=106727","url_meta":{"origin":58221,"position":2},"title":"La paritaria docente ya tiene fecha","author":"GB","date":"07\/02\/2019","format":false,"excerpt":"Desde el Poder Ejecutivo confirmaron que el pr\u00f3ximo mi\u00e9rcoles tendr\u00e1n el encuentro con los sindicatos en el Ministerio de Econom\u00eda. Desde el gobierno de la provincia de Buenos Aires convocaron a la paritaria salarial a los sindicatos docentes para el pr\u00f3ximo mi\u00e9rcoles a las 17.30 en el Ministerio de Econom\u00eda.\u2026","rel":"","context":"En \u00abProvincia\u00bb","block_context":{"text":"Provincia","link":"http:\/\/www.24baires.com\/?cat=40"},"img":{"alt_text":"","src":"https:\/\/i0.wp.com\/www.24baires.com\/wp-content\/uploads\/2018\/02\/docentes.jpg?resize=350%2C200","width":350,"height":200,"srcset":"https:\/\/i0.wp.com\/www.24baires.com\/wp-content\/uploads\/2018\/02\/docentes.jpg?resize=350%2C200 1x, https:\/\/i0.wp.com\/www.24baires.com\/wp-content\/uploads\/2018\/02\/docentes.jpg?resize=525%2C300 1.5x"},"classes":[]},{"id":114045,"url":"http:\/\/www.24baires.com\/?p=114045","url_meta":{"origin":58221,"position":3},"title":"Kicillof convoc\u00f3 a paritaria docente","author":"AF","date":"06\/02\/2020","format":false,"excerpt":"El llamamiento surge luego de que el gobernador bonaerenses advirtiera que pagar\u00eda el reajuste salarial previsto para estos d\u00edas reci\u00e9n con los sueldos de marzo. El gobierno de la provincia de Buenos Aires convoc\u00f3 a discusiones paritarias de estatales y docentes para el lunes 10 de febrero, reuni\u00f3n que se\u2026","rel":"","context":"En \u00abSociedad\u00bb","block_context":{"text":"Sociedad","link":"http:\/\/www.24baires.com\/?cat=1"},"img":{"alt_text":"","src":"https:\/\/i0.wp.com\/www.24baires.com\/wp-content\/uploads\/2019\/12\/docentes-kicillof.jpg?resize=350%2C200","width":350,"height":200,"srcset":"https:\/\/i0.wp.com\/www.24baires.com\/wp-content\/uploads\/2019\/12\/docentes-kicillof.jpg?resize=350%2C200 1x, https:\/\/i0.wp.com\/www.24baires.com\/wp-content\/uploads\/2019\/12\/docentes-kicillof.jpg?resize=525%2C300 1.5x"},"classes":[]},{"id":106740,"url":"http:\/\/www.24baires.com\/?p=106740","url_meta":{"origin":58221,"position":4},"title":"\u00abSi Vidal da la cl\u00e1usula gatillo se podr\u00eda \u00abllegar a un acuerdo\u00bb sostuvo Baradel","author":"GB","date":"08\/02\/2019","format":false,"excerpt":"Luego de que el gobierno bonaerense confirmara la convocatoria a paritaria docente, el secretario general de Suteba remarc\u00f3 que \u201cel a\u00f1o pasado el conflicto no se cerr\u00f3 y venimos con una p\u00e9rdida del poder adquisitivo del salario\u201d. Desde el gobierno de la provincia de Buenos Aires convocaron a la paritaria\u2026","rel":"","context":"En \u00abProvincia\u00bb","block_context":{"text":"Provincia","link":"http:\/\/www.24baires.com\/?cat=40"},"img":{"alt_text":"","src":"https:\/\/i0.wp.com\/www.24baires.com\/wp-content\/uploads\/2018\/09\/baradel.jpg?resize=350%2C200","width":350,"height":200,"srcset":"https:\/\/i0.wp.com\/www.24baires.com\/wp-content\/uploads\/2018\/09\/baradel.jpg?resize=350%2C200 1x, https:\/\/i0.wp.com\/www.24baires.com\/wp-content\/uploads\/2018\/09\/baradel.jpg?resize=525%2C300 1.5x"},"classes":[]},{"id":100834,"url":"http:\/\/www.24baires.com\/?p=100834","url_meta":{"origin":58221,"position":5},"title":"No arrancan las clases en la Provincia: Suteba confirm\u00f3 paro de 48 horas","author":"GB","date":"02\/03\/2018","format":false,"excerpt":"El Plenario de Secretarixs Generales del SUTEBA confirm\u00f3 el paro de 48 hs para los d\u00edas lunes 5 -con una fuerte movilizaci\u00f3n- y martes 6, por lo que las clases no arrancan en la Provincia. Ahora se espera que la FEB anuncie su decisi\u00f3n. Con la paritaria estancada, y despu\u00e9s\u2026","rel":"","context":"En \u00abProvincia\u00bb","block_context":{"text":"Provincia","link":"http:\/\/www.24baires.com\/?cat=40"},"img":{"alt_text":"","src":"https:\/\/i0.wp.com\/www.24baires.com\/wp-content\/uploads\/2017\/04\/baradel-suteba.jpg?resize=350%2C200","width":350,"height":200,"srcset":"https:\/\/i0.wp.com\/www.24baires.com\/wp-content\/uploads\/2017\/04\/baradel-suteba.jpg?resize=350%2C200 1x, https:\/\/i0.wp.com\/www.24baires.com\/wp-content\/uploads\/2017\/04\/baradel-suteba.jpg?resize=525%2C300 1.5x"},"classes":[]}],"jetpack_sharing_enabled":true,"jetpack_likes_enabled":true,"jetpack_featured_media_url":"","_links":{"self":[{"href":"http:\/\/www.24baires.com\/index.php?rest_route=\/wp\/v2\/posts\/58221","targetHints":{"allow":["GET"]}}],"collection":[{"href":"http:\/\/www.24baires.com\/index.php?rest_route=\/wp\/v2\/posts"}],"about":[{"href":"http:\/\/www.24baires.com\/index.php?rest_route=\/wp\/v2\/types\/post"}],"author":[{"embeddable":true,"href":"http:\/\/www.24baires.com\/index.php?rest_route=\/wp\/v2\/users\/8"}],"replies":[{"embeddable":true,"href":"http:\/\/www.24baires.com\/index.php?rest_route=%2Fwp%2Fv2%2Fcomments&post=58221"}],"version-history":[{"count":1,"href":"http:\/\/www.24baires.com\/index.php?rest_route=\/wp\/v2\/posts\/58221\/revisions"}],"predecessor-version":[{"id":58222,"href":"http:\/\/www.24baires.com\/index.php?rest_route=\/wp\/v2\/posts\/58221\/revisions\/58222"}],"wp:attachment":[{"href":"http:\/\/www.24baires.com\/index.php?rest_route=%2Fwp%2Fv2%2Fmedia&parent=58221"}],"wp:term":[{"taxonomy":"category","embeddable":true,"href":"http:\/\/www.24baires.com\/index.php?rest_route=%2Fwp%2Fv2%2Fcategories&post=58221"},{"taxonomy":"post_tag","embeddable":true,"href":"http:\/\/www.24baires.com\/index.php?rest_route=%2Fwp%2Fv2%2Ftags&post=58221"}],"curies":[{"name":"wp","href":"https:\/\/api.w.org\/{rel}","templated":true}]}}