{"id":58205,"date":"2014-12-05T21:06:58","date_gmt":"2014-12-06T00:06:58","guid":{"rendered":"http:\/\/www.24baires.com\/?p=58205"},"modified":"2014-12-05T19:53:23","modified_gmt":"2014-12-05T22:53:23","slug":"para-massa-solo-falta-que-los-presos-pidan-una-indemnizacion","status":"publish","type":"post","link":"http:\/\/www.24baires.com\/?p=58205","title":{"rendered":"Para Massa, \u00abs\u00f3lo falta que los presos pidan una indemnizaci\u00f3n\u00bb"},"content":{"rendered":"<p><img data-recalc-dims=\"1\" loading=\"lazy\" decoding=\"async\" class=\"aligncenter size-full wp-image-55728\" src=\"https:\/\/i0.wp.com\/www.24baires.com\/wp-content\/uploads\/2014\/10\/Joaqu%C3%ADn-de-la-Torre-massa.jpg?resize=560%2C320\" alt=\"Joaqu\u00edn de la Torre massa\" width=\"560\" height=\"320\" srcset=\"https:\/\/i0.wp.com\/www.24baires.com\/wp-content\/uploads\/2014\/10\/Joaqu%C3%ADn-de-la-Torre-massa.jpg?w=560 560w, https:\/\/i0.wp.com\/www.24baires.com\/wp-content\/uploads\/2014\/10\/Joaqu%C3%ADn-de-la-Torre-massa.jpg?resize=300%2C171 300w\" sizes=\"auto, (max-width: 560px) 100vw, 560px\" \/>\u00abVivimos en el reino del rev\u00e9s\u00bb, dijo el l\u00edder del Frente Renovador ante cientos de personas. Una frase que le va a causar m\u00e1s de un dolor de cabeza.<!--more--><\/p>\n<p>En su visita a Coronel Pringles para la inauguraci\u00f3n de viviendas sociales junto al intendente radical Carlos Oreste, Sergio Massa hizo referencia al fallo sobre los presos de Ezeiza.<\/p>\n<p>\u00abVivimos en el reino del rev\u00e9s. En vez de generar una sociedad de premios y castigos, generan un vale todo y libre albedr\u00edo en el cual los delincuentes terminan premiados. Un pa\u00eds en serio se construye con delincuentes que paguen su pena frente a la sociedad\u00bb, expres\u00f3.<\/p>\n<p>El diputado nacional consider\u00f3: \u00abTenemos estupor y sorpresa por los temas que se discuten en la Argentina\u00bb, y manifest\u00f3: \u00abEsos adoquines que tenemos ah\u00ed fueron trabajados y elaborados por presos de Sierra Chica hace 40 a\u00f1os, y ahora a los presos le quieren dar un sueldo, aguinaldo, vacaciones. Lo \u00fanico que falta es que cuando salgan de la c\u00e1rcel les den tambi\u00e9n una indemnizaci\u00f3n\u00bb.<\/p>\n<p>&nbsp;<\/p>\n<p>&nbsp;<\/p>\n<p>&nbsp;<\/p>\n","protected":false},"excerpt":{"rendered":"<p>\u00abVivimos en el reino del rev\u00e9s\u00bb, dijo el l\u00edder del Frente Renovador ante cientos de personas. Una frase que le va a causar m\u00e1s de un dolor de cabeza.<\/p>\n","protected":false},"author":11,"featured_media":0,"comment_status":"open","ping_status":"open","sticky":false,"template":"","format":"standard","meta":{"_jetpack_newsletter_access":"","_jetpack_dont_email_post_to_subs":false,"_jetpack_newsletter_tier_id":0,"_jetpack_memberships_contains_paywalled_content":false,"_jetpack_memberships_contains_paid_content":false,"footnotes":""},"categories":[51],"tags":[],"class_list":["post-58205","post","type-post","status-publish","format-standard","hentry","category-politica"],"jetpack_shortlink":"https:\/\/wp.me\/p2JWE0-f8N","jetpack-related-posts":[{"id":69617,"url":"http:\/\/www.24baires.com\/?p=69617","url_meta":{"origin":58205,"position":0},"title":"\u00abEl Gobierno prefiere a los presos, nosotros a los jubilados\u00bb dijo Massa","author":"Grupo Sierra","date":"27\/07\/2015","format":false,"excerpt":"\"Gobernar es fijar prioridades, para nosotros los jubilados son una prioridad. Para una sociedad tiene que ser m\u00e1s importante pagarle bien a quien trabaj\u00f3 toda su vida\", declar\u00f3 el precandidato de Frente Renovador. Massa afirm\u00f3 este lunes que el Gobierno nacional prioriza a \"los presos\" y que, por su parte,\u2026","rel":"","context":"En \u00abElecciones 2015\u00bb","block_context":{"text":"Elecciones 2015","link":"http:\/\/www.24baires.com\/?cat=74"},"img":{"alt_text":"sergio massa","src":"https:\/\/i0.wp.com\/www.24baires.com\/wp-content\/uploads\/2015\/06\/sergio-massa.jpg?resize=350%2C200","width":350,"height":200,"srcset":"https:\/\/i0.wp.com\/www.24baires.com\/wp-content\/uploads\/2015\/06\/sergio-massa.jpg?resize=350%2C200 1x, https:\/\/i0.wp.com\/www.24baires.com\/wp-content\/uploads\/2015\/06\/sergio-massa.jpg?resize=525%2C300 1.5x"},"classes":[]},{"id":65493,"url":"http:\/\/www.24baires.com\/?p=65493","url_meta":{"origin":58205,"position":1},"title":"Critican a Scioli porque \u00abno construy\u00f3 ni una sola c\u00e1rcel\u00bb","author":"AF","date":"07\/05\/2015","format":false,"excerpt":"El diputado del Frente Renovador, Ramiro Guti\u00e9rrez, afirm\u00f3 que el gobernador Daniel Scioli ha demostrado, al igual que el Gobierno nacional, no querer meter presos a los delincuentes y pretende ser el candidato de una continuidad marcada por los fracasos en materia de seguridad\u201d. Y en ese sentido destac\u00f3: \u201cScioli\u2026","rel":"","context":"En \u00abElecciones 2015\u00bb","block_context":{"text":"Elecciones 2015","link":"http:\/\/www.24baires.com\/?cat=74"},"img":{"alt_text":"Daniel-Scioli","src":"https:\/\/i0.wp.com\/www.24baires.com\/wp-content\/uploads\/2014\/05\/Daniel-Scioli.jpg?resize=350%2C200","width":350,"height":200,"srcset":"https:\/\/i0.wp.com\/www.24baires.com\/wp-content\/uploads\/2014\/05\/Daniel-Scioli.jpg?resize=350%2C200 1x, https:\/\/i0.wp.com\/www.24baires.com\/wp-content\/uploads\/2014\/05\/Daniel-Scioli.jpg?resize=525%2C300 1.5x"},"classes":[]},{"id":101913,"url":"http:\/\/www.24baires.com\/?p=101913","url_meta":{"origin":58205,"position":2},"title":"Ritondo prefiere comisar\u00edas superpobladas a \u00abdelincuentes en la calle\u00bb","author":"AF","date":"02\/05\/2018","format":false,"excerpt":"El ministro de Seguridad bonaerense, Cristian Ritondo, dio a entender hoy que elige comisar\u00edas superpobladas a que haya delincuentes en est\u00e9n en la calle, al asegurar que prefiere que \"en un lugar que haya 15, haya 30, pero que esos 15 m\u00e1s no est\u00e9n delinquiendo\". \"Tenemos un problema estructural, pero\u2026","rel":"","context":"En \u00abProvincia\u00bb","block_context":{"text":"Provincia","link":"http:\/\/www.24baires.com\/?cat=40"},"img":{"alt_text":"","src":"https:\/\/i0.wp.com\/www.24baires.com\/wp-content\/uploads\/2014\/03\/c%C3%A1rcel.jpg?resize=350%2C200","width":350,"height":200,"srcset":"https:\/\/i0.wp.com\/www.24baires.com\/wp-content\/uploads\/2014\/03\/c%C3%A1rcel.jpg?resize=350%2C200 1x, https:\/\/i0.wp.com\/www.24baires.com\/wp-content\/uploads\/2014\/03\/c%C3%A1rcel.jpg?resize=525%2C300 1.5x"},"classes":[]},{"id":122906,"url":"http:\/\/www.24baires.com\/?p=122906","url_meta":{"origin":58205,"position":3},"title":"\u00abLa justicia social es un robo, por eso tienen a la suya presa\u00bb, dijo Milei en la apertura de sesiones ordinarias","author":"GB","date":"02\/03\/2026","format":false,"excerpt":"El Presidente brind\u00f3 su discurso ante la Asamblea Legislativa. Destac\u00f3 los logros de su gesti\u00f3n y utiliz\u00f3 a la oposici\u00f3n para marcar confrontaci\u00f3n: \"La justicia social es un robo, manga de ladrones, delincuentes, por eso tienen a la suya presa\", espet\u00f3 a la bancada peronista. El presidente Javier Milei abre\u2026","rel":"","context":"En \u00abPol\u00edtica\u00bb","block_context":{"text":"Pol\u00edtica","link":"http:\/\/www.24baires.com\/?cat=51"},"img":{"alt_text":"","src":"https:\/\/i0.wp.com\/www.24baires.com\/wp-content\/uploads\/2026\/03\/milei-congreso.webp?resize=350%2C200","width":350,"height":200,"srcset":"https:\/\/i0.wp.com\/www.24baires.com\/wp-content\/uploads\/2026\/03\/milei-congreso.webp?resize=350%2C200 1x, https:\/\/i0.wp.com\/www.24baires.com\/wp-content\/uploads\/2026\/03\/milei-congreso.webp?resize=525%2C300 1.5x"},"classes":[]},{"id":55388,"url":"http:\/\/www.24baires.com\/?p=55388","url_meta":{"origin":58205,"position":4},"title":"Tras la fuga en Luj\u00e1n, la Provincia analiza c\u00f3mo \u00abdescomprimir\u00bb comisar\u00edas","author":"GB","date":"14\/10\/2014","format":false,"excerpt":"El gobernador bonaerense, Daniel Scioli, anunci\u00f3 este martes que su administraci\u00f3n est\u00e1 buscando alternativas para \"descomprimir r\u00e1pidamente\" las comisar\u00edas de la Provincia, tras la fuga de presos en Luj\u00e1n. En tanto, sostuvo que \"se est\u00e1 trabajando para terminar de capturar a todos\" los detenidos que escaparon el domingo a la\u2026","rel":"","context":"En \u00abSociedad\u00bb","block_context":{"text":"Sociedad","link":"http:\/\/www.24baires.com\/?cat=1"},"img":{"alt_text":"","src":"https:\/\/i0.wp.com\/www.24baires.com\/wp-content\/uploads\/2014\/10\/presos-fugados.jpg?resize=350%2C200","width":350,"height":200,"srcset":"https:\/\/i0.wp.com\/www.24baires.com\/wp-content\/uploads\/2014\/10\/presos-fugados.jpg?resize=350%2C200 1x, https:\/\/i0.wp.com\/www.24baires.com\/wp-content\/uploads\/2014\/10\/presos-fugados.jpg?resize=525%2C300 1.5x"},"classes":[]},{"id":63976,"url":"http:\/\/www.24baires.com\/?p=63976","url_meta":{"origin":58205,"position":5},"title":"Massa insiste en el rechazo al pliego de Carl\u00e9s","author":"GB","date":"07\/04\/2015","format":false,"excerpt":"El diputado y candidato del Frente Renovador present\u00f3 en el Colegio P\u00fablico de Abogados de la Ciudad una nueva campa\u00f1a de junta de firmas, en este caso en contra de la aprobaci\u00f3n del pliego del jurista para la Corte Suprema. \"Proponemos con esta campa\u00f1a que se cumpla con la ley,\u2026","rel":"","context":"En \u00abPol\u00edtica\u00bb","block_context":{"text":"Pol\u00edtica","link":"http:\/\/www.24baires.com\/?cat=51"},"img":{"alt_text":"massa 1","src":"https:\/\/i0.wp.com\/www.24baires.com\/wp-content\/uploads\/2015\/03\/massa-1.jpg?resize=350%2C200","width":350,"height":200,"srcset":"https:\/\/i0.wp.com\/www.24baires.com\/wp-content\/uploads\/2015\/03\/massa-1.jpg?resize=350%2C200 1x, https:\/\/i0.wp.com\/www.24baires.com\/wp-content\/uploads\/2015\/03\/massa-1.jpg?resize=525%2C300 1.5x"},"classes":[]}],"jetpack_sharing_enabled":true,"jetpack_likes_enabled":true,"jetpack_featured_media_url":"","_links":{"self":[{"href":"http:\/\/www.24baires.com\/index.php?rest_route=\/wp\/v2\/posts\/58205","targetHints":{"allow":["GET"]}}],"collection":[{"href":"http:\/\/www.24baires.com\/index.php?rest_route=\/wp\/v2\/posts"}],"about":[{"href":"http:\/\/www.24baires.com\/index.php?rest_route=\/wp\/v2\/types\/post"}],"author":[{"embeddable":true,"href":"http:\/\/www.24baires.com\/index.php?rest_route=\/wp\/v2\/users\/11"}],"replies":[{"embeddable":true,"href":"http:\/\/www.24baires.com\/index.php?rest_route=%2Fwp%2Fv2%2Fcomments&post=58205"}],"version-history":[{"count":1,"href":"http:\/\/www.24baires.com\/index.php?rest_route=\/wp\/v2\/posts\/58205\/revisions"}],"predecessor-version":[{"id":58206,"href":"http:\/\/www.24baires.com\/index.php?rest_route=\/wp\/v2\/posts\/58205\/revisions\/58206"}],"wp:attachment":[{"href":"http:\/\/www.24baires.com\/index.php?rest_route=%2Fwp%2Fv2%2Fmedia&parent=58205"}],"wp:term":[{"taxonomy":"category","embeddable":true,"href":"http:\/\/www.24baires.com\/index.php?rest_route=%2Fwp%2Fv2%2Fcategories&post=58205"},{"taxonomy":"post_tag","embeddable":true,"href":"http:\/\/www.24baires.com\/index.php?rest_route=%2Fwp%2Fv2%2Ftags&post=58205"}],"curies":[{"name":"wp","href":"https:\/\/api.w.org\/{rel}","templated":true}]}}