{"id":58190,"date":"2014-12-05T12:00:29","date_gmt":"2014-12-05T15:00:29","guid":{"rendered":"http:\/\/www.24baires.com\/?p=58190"},"modified":"2014-12-05T11:50:48","modified_gmt":"2014-12-05T14:50:48","slug":"la-unica-preocupacion-que-tienen-es-proscribir-a-la-presidenta-de-cualquier-cargo","status":"publish","type":"post","link":"http:\/\/www.24baires.com\/?p=58190","title":{"rendered":"La \u00fanica preocupaci\u00f3n que tienen es proscribir a la presidenta de cualquier cargo\u00bb"},"content":{"rendered":"<p><img data-recalc-dims=\"1\" loading=\"lazy\" decoding=\"async\" class=\"aligncenter size-full wp-image-44877\" src=\"https:\/\/i0.wp.com\/www.24baires.com\/wp-content\/uploads\/2014\/04\/oscar-parrilli.jpg?resize=560%2C307\" alt=\"oscar parrilli\" width=\"560\" height=\"307\" srcset=\"https:\/\/i0.wp.com\/www.24baires.com\/wp-content\/uploads\/2014\/04\/oscar-parrilli.jpg?w=560 560w, https:\/\/i0.wp.com\/www.24baires.com\/wp-content\/uploads\/2014\/04\/oscar-parrilli.jpg?resize=300%2C164 300w\" sizes=\"auto, (max-width: 560px) 100vw, 560px\" \/>El secretario general de la Presidencia, Oscar Parrilli, se refiri\u00f3 al rechazo opositor a la posibilidad de elegir por el voto popular a los representantes argentinos al Parlasur. \u00abLe tienen miedo a la gente\u00bb, agreg\u00f3.<!--more--><\/p>\n<p>El secretario general de la Presidencia, Oscar Parrilli, consider\u00f3 hoy que, detr\u00e1s de los opositores que rechazan la posibilidad de elegir por el voto popular a los representantes argentinos en el Parlasur, hay una \u201cvieja pr\u00e1ctica de la derecha reaccionaria\u201d, que es la \u201cproscripci\u00f3n\u201d en este caso a la presidenta Cristina Fern\u00e1ndez de Kirchner.<\/p>\n<p>\u201cProscribieron a (Juan Domingo) Per\u00f3n y ahora quieren proscribir a Cristina\u201d, postul\u00f3 Parrilli, quien indic\u00f3 que, \u201cen definitiva\u201d, lo que tienen esos sectores es \u201cmiedo a la gente, miedo al voto popular\u201d.<\/p>\n<p>En este sentido, en declaraciones formuladas esta ma\u00f1ana a la radio FM Nacional Rock desde Ecuador, el secretario general de al Presidencia entendi\u00f3 que, \u201cdetr\u00e1s de la postura de la oposici\u00f3n\u201d en este tema \u201clo que hay es una vieja pr\u00e1ctica que utilizaba la derecha reaccionaria y a los denominados &#8216;gorilas&#8217; en la Argentina, que era la proscripci\u00f3n\u201d.<\/p>\n<p>\u201cLa \u00fanica preocupaci\u00f3n que tienen es que quieren proscribir a la Presidenta de cualquier cargo\u201d, remarc\u00f3 Parrilli, al tiempo que se\u00f1al\u00f3 que, \u201cen realidad, lo que hay en el fondo es intolerancia, falta de convicci\u00f3n democr\u00e1tica y de verdadero respeto a la voluntad popular\u201d.<\/p>\n<p>En este marco, el funcionario dijo que ahora es necesario esperar para ver \u201cqu\u00e9 decide el Parlamento para tomar las decisiones que corresponden\u201d, en relaci\u00f3n a si, efectivamente como plantea el oficialismo, se puede sumar la convocatoria a elecciones de legisladores argentinos para el Parlasur en los comicios del a\u00f1o pr\u00f3ximo.<\/p>\n","protected":false},"excerpt":{"rendered":"<p>El secretario general de la Presidencia, Oscar Parrilli, se refiri\u00f3 al rechazo opositor a la posibilidad de elegir por el voto popular a los representantes argentinos al Parlasur. \u00abLe tienen miedo a la gente\u00bb, agreg\u00f3.<\/p>\n","protected":false},"author":4,"featured_media":0,"comment_status":"open","ping_status":"open","sticky":false,"template":"","format":"standard","meta":{"_jetpack_newsletter_access":"","_jetpack_dont_email_post_to_subs":false,"_jetpack_newsletter_tier_id":0,"_jetpack_memberships_contains_paywalled_content":false,"_jetpack_memberships_contains_paid_content":false,"footnotes":""},"categories":[51],"tags":[],"class_list":["post-58190","post","type-post","status-publish","format-standard","hentry","category-politica"],"jetpack_shortlink":"https:\/\/wp.me\/p2JWE0-f8y","jetpack-related-posts":[{"id":104581,"url":"http:\/\/www.24baires.com\/?p=104581","url_meta":{"origin":58190,"position":0},"title":"Parrilli: \u00abBonadio es un protegido de Pichetto\u00bb","author":"AF","date":"20\/09\/2018","format":false,"excerpt":"El ex secretario general de la Presidencia critic\u00f3 al juez federal que lleva adelante la causa de las fotocopias y ratific\u00f3 que es \u201cabsolutamente falso el relato de Centeno\". \"Ni la ex Presidenta ni yo recibimos dinero ilegal\u201d, dijo. El ex secretario general de la Presidencia, Oscar Parrilli, critic\u00f3 duramente\u2026","rel":"","context":"En \u00abPol\u00edtica\u00bb","block_context":{"text":"Pol\u00edtica","link":"http:\/\/www.24baires.com\/?cat=51"},"img":{"alt_text":"","src":"https:\/\/i0.wp.com\/www.24baires.com\/wp-content\/uploads\/2014\/04\/oscar-parrilli.jpg?resize=350%2C200","width":350,"height":200,"srcset":"https:\/\/i0.wp.com\/www.24baires.com\/wp-content\/uploads\/2014\/04\/oscar-parrilli.jpg?resize=350%2C200 1x, https:\/\/i0.wp.com\/www.24baires.com\/wp-content\/uploads\/2014\/04\/oscar-parrilli.jpg?resize=525%2C300 1.5x"},"classes":[]},{"id":104740,"url":"http:\/\/www.24baires.com\/?p=104740","url_meta":{"origin":58190,"position":1},"title":"Parrilli sobre el Gobierno: \u00abNo me sorprendi\u00f3 que citen a Hitler, son violentos y perversos\u00bb","author":"AF","date":"02\/10\/2018","format":false,"excerpt":"As\u00ed se refiri\u00f3 a un pol\u00e9mico tuit que el Presidente public\u00f3 en los \u00faltimos d\u00edas. Adem\u00e1s apunt\u00f3 contra Pichetto: \"No descarto que se d\u00e9 vuelta y vote el desafuero de Cristina\". El ex titular de la AFI, Oscar Parrilli, le advirti\u00f3 \"a Bonadio y Stornelli\" que est\u00e1 \"en riesgo la\u2026","rel":"","context":"En \u00abPol\u00edtica\u00bb","block_context":{"text":"Pol\u00edtica","link":"http:\/\/www.24baires.com\/?cat=51"},"img":{"alt_text":"","src":"https:\/\/i0.wp.com\/www.24baires.com\/wp-content\/uploads\/2018\/10\/parrilli.jpg?resize=350%2C200","width":350,"height":200,"srcset":"https:\/\/i0.wp.com\/www.24baires.com\/wp-content\/uploads\/2018\/10\/parrilli.jpg?resize=350%2C200 1x, https:\/\/i0.wp.com\/www.24baires.com\/wp-content\/uploads\/2018\/10\/parrilli.jpg?resize=525%2C300 1.5x"},"classes":[]},{"id":105400,"url":"http:\/\/www.24baires.com\/?p=105400","url_meta":{"origin":58190,"position":2},"title":"\u00abEl Gobierno tiene pr\u00e1cticas similares a las que us\u00f3 la \u00faltima dictadura militar\u00bb","author":"AF","date":"12\/11\/2018","format":false,"excerpt":"As\u00ed lo denunci\u00f3 el ex titular de la AFI, Oscar Parrilli. En este sentido sostuvo que \"estamos como en la dictadura, solo que ahora no te matan, te meten preso preventivamente\". El ex titular de la AFI durante el gobierno de Cristina Kirchner, Oscar Parrilli, se refiri\u00f3 al fallo del\u2026","rel":"","context":"En \u00abPol\u00edtica\u00bb","block_context":{"text":"Pol\u00edtica","link":"http:\/\/www.24baires.com\/?cat=51"},"img":{"alt_text":"","src":"https:\/\/i0.wp.com\/www.24baires.com\/wp-content\/uploads\/2018\/07\/militar.jpg?resize=350%2C200","width":350,"height":200,"srcset":"https:\/\/i0.wp.com\/www.24baires.com\/wp-content\/uploads\/2018\/07\/militar.jpg?resize=350%2C200 1x, https:\/\/i0.wp.com\/www.24baires.com\/wp-content\/uploads\/2018\/07\/militar.jpg?resize=525%2C300 1.5x"},"classes":[]},{"id":114381,"url":"http:\/\/www.24baires.com\/?p=114381","url_meta":{"origin":58190,"position":3},"title":"Cristina cruz\u00f3 a los senadores que leyeron sus discursos","author":"AF","date":"12\/03\/2020","format":false,"excerpt":"Las acusaciones y denuncias cruzadas que inauguraron el debate sobre el proyecto de intervenci\u00f3n del Poder Judicial de Jujuy en la Comisi\u00f3n de Asuntos Constitucionales del Senado se trasladaron esta tarde al recinto de la C\u00e1mara alta en la previa del debate sobre jubilaciones de privilegio. La presidenta del cuerpo\u2026","rel":"","context":"En \u00abPol\u00edtica\u00bb","block_context":{"text":"Pol\u00edtica","link":"http:\/\/www.24baires.com\/?cat=51"},"img":{"alt_text":"","src":"https:\/\/i0.wp.com\/www.24baires.com\/wp-content\/uploads\/2019\/08\/cristina-LP.jpg?resize=350%2C200","width":350,"height":200,"srcset":"https:\/\/i0.wp.com\/www.24baires.com\/wp-content\/uploads\/2019\/08\/cristina-LP.jpg?resize=350%2C200 1x, https:\/\/i0.wp.com\/www.24baires.com\/wp-content\/uploads\/2019\/08\/cristina-LP.jpg?resize=525%2C300 1.5x"},"classes":[]},{"id":61914,"url":"http:\/\/www.24baires.com\/?p=61914","url_meta":{"origin":58190,"position":4},"title":"Diputados emiti\u00f3 dictamen sobre la reforma a la ley de Inteligencia","author":"GB","date":"18\/02\/2015","format":false,"excerpt":"El despacho de mayor\u00eda se firm\u00f3 en el \u00faltimo tramo de la reuni\u00f3n de comisiones que se extendi\u00f3 por espacio de cuatro horas. El proyecto se votar\u00e1 en una sesi\u00f3n especial el 25 de febrero pr\u00f3ximo. El bloque de diputados del oficialismo, junto a bancadas aliadas, consigui\u00f3 emitir dictamen favorable\u2026","rel":"","context":"En \u00abPol\u00edtica\u00bb","block_context":{"text":"Pol\u00edtica","link":"http:\/\/www.24baires.com\/?cat=51"},"img":{"alt_text":"c\u00f3digo civil diputados c\u00e1mara","src":"https:\/\/i0.wp.com\/www.24baires.com\/wp-content\/uploads\/2014\/10\/c%C3%B3digo-civil-diputados-c%C3%A1mara.jpg?resize=350%2C200","width":350,"height":200,"srcset":"https:\/\/i0.wp.com\/www.24baires.com\/wp-content\/uploads\/2014\/10\/c%C3%B3digo-civil-diputados-c%C3%A1mara.jpg?resize=350%2C200 1x, https:\/\/i0.wp.com\/www.24baires.com\/wp-content\/uploads\/2014\/10\/c%C3%B3digo-civil-diputados-c%C3%A1mara.jpg?resize=525%2C300 1.5x"},"classes":[]},{"id":46568,"url":"http:\/\/www.24baires.com\/?p=46568","url_meta":{"origin":58190,"position":5},"title":"Pol\u00e9mica por una supuesta carta del Papa a la Presidenta","author":"Grupo Sierra","date":"22\/05\/2014","format":false,"excerpt":"Se trata de un saludo del Sumo Pont\u00edfice que lleg\u00f3 a la Presidencia, pero que desde el Vaticano desmienten. Ahora, el secretario de la Presidencia, Oscar Parrilli, explic\u00f3: \"La carta sali\u00f3 de la Nunciatura, no hab\u00eda por qu\u00e9 dudar\". El secretario General de la Presidencia de la Naci\u00f3n, Oscar Parrilli\u2026","rel":"","context":"En \u00abSociedad\u00bb","block_context":{"text":"Sociedad","link":"http:\/\/www.24baires.com\/?cat=1"},"img":{"alt_text":"papa cristina","src":"https:\/\/i0.wp.com\/www.24baires.com\/wp-content\/uploads\/2014\/03\/papa-cristina.jpg?resize=350%2C200","width":350,"height":200,"srcset":"https:\/\/i0.wp.com\/www.24baires.com\/wp-content\/uploads\/2014\/03\/papa-cristina.jpg?resize=350%2C200 1x, https:\/\/i0.wp.com\/www.24baires.com\/wp-content\/uploads\/2014\/03\/papa-cristina.jpg?resize=525%2C300 1.5x"},"classes":[]}],"jetpack_sharing_enabled":true,"jetpack_likes_enabled":true,"jetpack_featured_media_url":"","_links":{"self":[{"href":"http:\/\/www.24baires.com\/index.php?rest_route=\/wp\/v2\/posts\/58190","targetHints":{"allow":["GET"]}}],"collection":[{"href":"http:\/\/www.24baires.com\/index.php?rest_route=\/wp\/v2\/posts"}],"about":[{"href":"http:\/\/www.24baires.com\/index.php?rest_route=\/wp\/v2\/types\/post"}],"author":[{"embeddable":true,"href":"http:\/\/www.24baires.com\/index.php?rest_route=\/wp\/v2\/users\/4"}],"replies":[{"embeddable":true,"href":"http:\/\/www.24baires.com\/index.php?rest_route=%2Fwp%2Fv2%2Fcomments&post=58190"}],"version-history":[{"count":1,"href":"http:\/\/www.24baires.com\/index.php?rest_route=\/wp\/v2\/posts\/58190\/revisions"}],"predecessor-version":[{"id":58191,"href":"http:\/\/www.24baires.com\/index.php?rest_route=\/wp\/v2\/posts\/58190\/revisions\/58191"}],"wp:attachment":[{"href":"http:\/\/www.24baires.com\/index.php?rest_route=%2Fwp%2Fv2%2Fmedia&parent=58190"}],"wp:term":[{"taxonomy":"category","embeddable":true,"href":"http:\/\/www.24baires.com\/index.php?rest_route=%2Fwp%2Fv2%2Fcategories&post=58190"},{"taxonomy":"post_tag","embeddable":true,"href":"http:\/\/www.24baires.com\/index.php?rest_route=%2Fwp%2Fv2%2Ftags&post=58190"}],"curies":[{"name":"wp","href":"https:\/\/api.w.org\/{rel}","templated":true}]}}