{"id":58170,"date":"2014-12-05T10:00:38","date_gmt":"2014-12-05T13:00:38","guid":{"rendered":"http:\/\/www.24baires.com\/?p=58170"},"modified":"2014-12-06T09:53:43","modified_gmt":"2014-12-06T12:53:43","slug":"la-citacion-a-alak-es-parte-de-la-embestida-de-algunos-jueces-contra-funcionarios","status":"publish","type":"post","link":"http:\/\/www.24baires.com\/?p=58170","title":{"rendered":"\u00abLa citaci\u00f3n a Alak es parte de la embestida de algunos jueces contra funcionarios\u00bb"},"content":{"rendered":"<p><img data-recalc-dims=\"1\" loading=\"lazy\" decoding=\"async\" class=\"aligncenter size-full wp-image-53422\" src=\"https:\/\/i0.wp.com\/www.24baires.com\/wp-content\/uploads\/2014\/09\/capitanich1.jpg?resize=560%2C420\" alt=\"capitanich\" width=\"560\" height=\"420\" srcset=\"https:\/\/i0.wp.com\/www.24baires.com\/wp-content\/uploads\/2014\/09\/capitanich1.jpg?w=560 560w, https:\/\/i0.wp.com\/www.24baires.com\/wp-content\/uploads\/2014\/09\/capitanich1.jpg?resize=300%2C225 300w\" sizes=\"auto, (max-width: 560px) 100vw, 560px\" \/>El jefe de Gabinete, Jorge Capitanich, inscribi\u00f3 hoy en en ese marco la citaci\u00f3n a indagatoria al ministro de Justicia, Julio Alak, cursada para el 17 de diciembre por el juez federal Marcelo Mart\u00ednez de Giorgi.<!--more--><\/p>\n<p>\u201cNo cabe la menor duda de que esto forma parte de la embestida permanente de determinados jueces, del Poder Judicial, contra funcionarios del gobierno y es parte de una estrategia de comunicaci\u00f3n de agresi\u00f3n permanente al gobierno\u201d, asever\u00f3 el jefe de ministros.<\/p>\n<p>As\u00ed lo se\u00f1al\u00f3 esta ma\u00f1ana, en el marco de su habitual conferencia de prensa en la Casa de Gobierno, al ser consultado sobre la citaci\u00f3n a indagatoria de Alak para el pr\u00f3ximo 17 de diciembre, en el marco de una causa por presunto \u201cincumplimiento de sus deberes de funcionario p\u00fablico\u201d en su rol en el directorio de Aerol\u00edneas Argentinas.<\/p>\n<p>Adem\u00e1s, Capitanich reafirm\u00f3 lo que el propio Alak sostuvo ayer, esto es que el actual titular de la cartera de Justicia, como director de Aerol\u00edneas Argentinas, \u201cdefendi\u00f3 con honestidad y transparencia los intereses del Estado Nacional\u201d y que \u201cdar\u00e1 las explicaciones pertinentes cuando conozca el contenido de la causa y asista a declarar\u201d.<\/p>\n","protected":false},"excerpt":{"rendered":"<p>El jefe de Gabinete, Jorge Capitanich, inscribi\u00f3 hoy en en ese marco la citaci\u00f3n a indagatoria al ministro de Justicia, Julio Alak, cursada para el 17 de diciembre por el juez federal Marcelo Mart\u00ednez de Giorgi.<\/p>\n","protected":false},"author":4,"featured_media":0,"comment_status":"open","ping_status":"open","sticky":false,"template":"","format":"standard","meta":{"_jetpack_newsletter_access":"","_jetpack_dont_email_post_to_subs":false,"_jetpack_newsletter_tier_id":0,"_jetpack_memberships_contains_paywalled_content":false,"_jetpack_memberships_contains_paid_content":false,"footnotes":""},"categories":[51],"tags":[],"class_list":["post-58170","post","type-post","status-publish","format-standard","hentry","category-politica"],"jetpack_shortlink":"https:\/\/wp.me\/p2JWE0-f8e","jetpack-related-posts":[{"id":108679,"url":"http:\/\/www.24baires.com\/?p=108679","url_meta":{"origin":58170,"position":0},"title":"El juez Ramos Padilla cit\u00f3 a declarar a Carri\u00f3, Oliveto, Zuvic y Bonadio","author":"GB","date":"11\/06\/2019","format":false,"excerpt":"El juez de Dolores avanz\u00f3 con la citaci\u00f3n a indagatoria de las legisladoras oficialistas y del propio juez Claudio Bonadio. Se intenta establecer si hubo o no real conexi\u00f3n con Marcelo D\u00b4Alessio y el resto de la banda de espionaje y extorsi\u00f3n. Luego de haber citado a indagatoria al periodista\u2026","rel":"","context":"En \u00abPol\u00edtica\u00bb","block_context":{"text":"Pol\u00edtica","link":"http:\/\/www.24baires.com\/?cat=51"},"img":{"alt_text":"","src":"https:\/\/i0.wp.com\/www.24baires.com\/wp-content\/uploads\/2019\/03\/ramos-padilla.jpg?resize=350%2C200","width":350,"height":200,"srcset":"https:\/\/i0.wp.com\/www.24baires.com\/wp-content\/uploads\/2019\/03\/ramos-padilla.jpg?resize=350%2C200 1x, https:\/\/i0.wp.com\/www.24baires.com\/wp-content\/uploads\/2019\/03\/ramos-padilla.jpg?resize=525%2C300 1.5x"},"classes":[]},{"id":90809,"url":"http:\/\/www.24baires.com\/?p=90809","url_meta":{"origin":58170,"position":1},"title":"Confirman la indagatoria de Cristina Kirchner","author":"AF","date":"16\/12\/2016","format":false,"excerpt":"La Sala I de la C\u00e1mara Federal rechaz\u00f3 el pedido de la defensa de la ex Presidenta para anular su llamado a declarar como acusada en la causa que investiga presuntas irregularidades en el manejo de la obra p\u00fablica durante el gobierno anterior y que tiene imputados tambi\u00e9n a 16\u2026","rel":"","context":"En \u00abJUDICIALES\u00bb","block_context":{"text":"JUDICIALES","link":"http:\/\/www.24baires.com\/?cat=68"},"img":{"alt_text":"","src":"https:\/\/i0.wp.com\/www.24baires.com\/wp-content\/uploads\/2016\/08\/Cristina...jpg?resize=350%2C200","width":350,"height":200,"srcset":"https:\/\/i0.wp.com\/www.24baires.com\/wp-content\/uploads\/2016\/08\/Cristina...jpg?resize=350%2C200 1x, https:\/\/i0.wp.com\/www.24baires.com\/wp-content\/uploads\/2016\/08\/Cristina...jpg?resize=525%2C300 1.5x"},"classes":[]},{"id":120620,"url":"http:\/\/www.24baires.com\/?p=120620","url_meta":{"origin":58170,"position":2},"title":"La Justicia rechaz\u00f3 la apertura de m\u00e1s urnas y ratific\u00f3 a Alak como intendente","author":"GB","date":"03\/11\/2023","format":false,"excerpt":"La Justicia confirm\u00f3 a Julio Alak como nuevo intendente de la Ciudad de La Plata tras varios d\u00edas de debates y especulaciones que comenzaron el mismo d\u00eda de la primera vuelta, Julio Garro apelar\u00e1 la decisi\u00f3n. Julio Alak, es el nuevo intendente de la Ciudad de La Plata y asumir\u00e1\u2026","rel":"","context":"En \u00abMunicipios\u00bb","block_context":{"text":"Municipios","link":"http:\/\/www.24baires.com\/?cat=44"},"img":{"alt_text":"","src":"https:\/\/i0.wp.com\/www.24baires.com\/wp-content\/uploads\/2023\/11\/alak.jpg?resize=350%2C200","width":350,"height":200,"srcset":"https:\/\/i0.wp.com\/www.24baires.com\/wp-content\/uploads\/2023\/11\/alak.jpg?resize=350%2C200 1x, https:\/\/i0.wp.com\/www.24baires.com\/wp-content\/uploads\/2023\/11\/alak.jpg?resize=525%2C300 1.5x, https:\/\/i0.wp.com\/www.24baires.com\/wp-content\/uploads\/2023\/11\/alak.jpg?resize=700%2C400 2x"},"classes":[]},{"id":120714,"url":"http:\/\/www.24baires.com\/?p=120714","url_meta":{"origin":58170,"position":3},"title":"Kicillof dar\u00e1 a conocer su nuevo gabinete la semana pr\u00f3xima","author":"GB","date":"01\/12\/2023","format":false,"excerpt":"Mientras las miradas contin\u00faan puestas sobre el Presidente electo Javier Milei y sus posibles funcionarios, el Gobernador bonaerense se prepara para anunciar su nuevo Gabinete entre el lunes y martes de la semana que viene. En la Provincia, Axel Kicillof a\u00fan no dio ning\u00fan nombre con respecto a sus pr\u00f3ximos\u2026","rel":"","context":"En \u00abProvincia\u00bb","block_context":{"text":"Provincia","link":"http:\/\/www.24baires.com\/?cat=40"},"img":{"alt_text":"","src":"https:\/\/i0.wp.com\/www.24baires.com\/wp-content\/uploads\/2023\/09\/kicillof.webp?resize=350%2C200","width":350,"height":200,"srcset":"https:\/\/i0.wp.com\/www.24baires.com\/wp-content\/uploads\/2023\/09\/kicillof.webp?resize=350%2C200 1x, https:\/\/i0.wp.com\/www.24baires.com\/wp-content\/uploads\/2023\/09\/kicillof.webp?resize=525%2C300 1.5x, https:\/\/i0.wp.com\/www.24baires.com\/wp-content\/uploads\/2023\/09\/kicillof.webp?resize=700%2C400 2x"},"classes":[]},{"id":119551,"url":"http:\/\/www.24baires.com\/?p=119551","url_meta":{"origin":58170,"position":4},"title":"Kicillof: \u00abLa pol\u00edtica penitenciara de Cambiemos fue un absoluto fracaso\u00bb","author":"GB","date":"17\/11\/2022","format":false,"excerpt":"Con cr\u00edticas al gobierno anterior y estad\u00edsticas lapidarias, el gobernador Axel Kicillof present\u00f3 un programa que busca llevar la educaci\u00f3n a todas las c\u00e1rceles gobernador bonaerense, Axel Kicillof, encabez\u00f3 el lanzamiento del Programa Educativo en Contexto de Encierro 2023 realizado en la Unidad Penitenciaria 58. La jornada, cargada de expectativa\u2026","rel":"","context":"En \u00abProvincia\u00bb","block_context":{"text":"Provincia","link":"http:\/\/www.24baires.com\/?cat=40"},"img":{"alt_text":"","src":"https:\/\/i0.wp.com\/www.24baires.com\/wp-content\/uploads\/2022\/11\/20221117113324__ab_2786_2jpg.jpg?resize=350%2C200","width":350,"height":200,"srcset":"https:\/\/i0.wp.com\/www.24baires.com\/wp-content\/uploads\/2022\/11\/20221117113324__ab_2786_2jpg.jpg?resize=350%2C200 1x, https:\/\/i0.wp.com\/www.24baires.com\/wp-content\/uploads\/2022\/11\/20221117113324__ab_2786_2jpg.jpg?resize=525%2C300 1.5x, https:\/\/i0.wp.com\/www.24baires.com\/wp-content\/uploads\/2022\/11\/20221117113324__ab_2786_2jpg.jpg?resize=700%2C400 2x"},"classes":[]},{"id":107311,"url":"http:\/\/www.24baires.com\/?p=107311","url_meta":{"origin":58170,"position":5},"title":"Ramos Padilla volvi\u00f3 a citar a Stornelli: pedir\u00e1 su desafuero si no se presenta","author":"GB","date":"21\/03\/2019","format":false,"excerpt":"Tras negarse a declarar este jueves, el juez federal cit\u00f3 por tercera vez al fiscal, quien deber\u00e1 presentarse este viernes en el Juzgado Federal de Dolores para explicar su v\u00ednculo con el falso abogado Marcelo D'Alessio. Tras la nueva negativa del fiscal Carlos Stornelli de presentarse a declarar ante la\u2026","rel":"","context":"En \u00abPol\u00edtica\u00bb","block_context":{"text":"Pol\u00edtica","link":"http:\/\/www.24baires.com\/?cat=51"},"img":{"alt_text":"","src":"https:\/\/i0.wp.com\/www.24baires.com\/wp-content\/uploads\/2019\/03\/stornelli.jpg?resize=350%2C200","width":350,"height":200,"srcset":"https:\/\/i0.wp.com\/www.24baires.com\/wp-content\/uploads\/2019\/03\/stornelli.jpg?resize=350%2C200 1x, https:\/\/i0.wp.com\/www.24baires.com\/wp-content\/uploads\/2019\/03\/stornelli.jpg?resize=525%2C300 1.5x"},"classes":[]}],"jetpack_sharing_enabled":true,"jetpack_likes_enabled":true,"jetpack_featured_media_url":"","_links":{"self":[{"href":"http:\/\/www.24baires.com\/index.php?rest_route=\/wp\/v2\/posts\/58170","targetHints":{"allow":["GET"]}}],"collection":[{"href":"http:\/\/www.24baires.com\/index.php?rest_route=\/wp\/v2\/posts"}],"about":[{"href":"http:\/\/www.24baires.com\/index.php?rest_route=\/wp\/v2\/types\/post"}],"author":[{"embeddable":true,"href":"http:\/\/www.24baires.com\/index.php?rest_route=\/wp\/v2\/users\/4"}],"replies":[{"embeddable":true,"href":"http:\/\/www.24baires.com\/index.php?rest_route=%2Fwp%2Fv2%2Fcomments&post=58170"}],"version-history":[{"count":1,"href":"http:\/\/www.24baires.com\/index.php?rest_route=\/wp\/v2\/posts\/58170\/revisions"}],"predecessor-version":[{"id":58171,"href":"http:\/\/www.24baires.com\/index.php?rest_route=\/wp\/v2\/posts\/58170\/revisions\/58171"}],"wp:attachment":[{"href":"http:\/\/www.24baires.com\/index.php?rest_route=%2Fwp%2Fv2%2Fmedia&parent=58170"}],"wp:term":[{"taxonomy":"category","embeddable":true,"href":"http:\/\/www.24baires.com\/index.php?rest_route=%2Fwp%2Fv2%2Fcategories&post=58170"},{"taxonomy":"post_tag","embeddable":true,"href":"http:\/\/www.24baires.com\/index.php?rest_route=%2Fwp%2Fv2%2Ftags&post=58170"}],"curies":[{"name":"wp","href":"https:\/\/api.w.org\/{rel}","templated":true}]}}