{"id":58144,"date":"2014-12-04T19:46:27","date_gmt":"2014-12-04T22:46:27","guid":{"rendered":"http:\/\/www.24baires.com\/?p=58144"},"modified":"2014-12-05T10:05:20","modified_gmt":"2014-12-05T13:05:20","slug":"cristina-llego-a-ecuador-para-participar-de-la-cumbre-de-la-unasur","status":"publish","type":"post","link":"http:\/\/www.24baires.com\/?p=58144","title":{"rendered":"Cristina lleg\u00f3 a Ecuador para participar de la cumbre de la Unasur"},"content":{"rendered":"<p><img data-recalc-dims=\"1\" loading=\"lazy\" decoding=\"async\" class=\"aligncenter size-full wp-image-58121\" src=\"https:\/\/i0.wp.com\/www.24baires.com\/wp-content\/uploads\/2014\/12\/crist-avi%C3%B3n.jpg?resize=560%2C314\" alt=\"crist avi\u00f3n\" width=\"560\" height=\"314\" srcset=\"https:\/\/i0.wp.com\/www.24baires.com\/wp-content\/uploads\/2014\/12\/crist-avi%C3%B3n.jpg?w=560 560w, https:\/\/i0.wp.com\/www.24baires.com\/wp-content\/uploads\/2014\/12\/crist-avi%C3%B3n.jpg?resize=300%2C168 300w\" sizes=\"auto, (max-width: 560px) 100vw, 560px\" \/>La Presidenta arrib\u00f3 a las 17 (hora argentina) a la ciudad de Guayaquil para asistir a la reuni\u00f3n de Jefas y Jefes de Estado y de Gobierno de la Unasur, en la que el mandatario de Uruguay, Jos\u00e9 Mujica, recibir\u00e1 la presidencia pro t\u00e9mpore del organismo.<!--more--><\/p>\n<p>Viajaron junto a la Presidenta en el avi\u00f3n presidencial Tango 01 el secretario general de la Presidencia, Oscar Parrilli; el secretario Legal y T\u00e9cnica, Carlos Zannini; el gobernador de Entre R\u00edos, Sergio Uribarri; y el vocero presidencial Alfredo Scoccimarro, adem\u00e1s de una delegaci\u00f3n de j\u00f3venes dirigentes de agrupaciones pol\u00edticas.<\/p>\n<p>&nbsp;<\/p>\n<p>&nbsp;<\/p>\n<p>&nbsp;<\/p>\n<p>&nbsp;<\/p>\n<p>&nbsp;<\/p>\n<p>&nbsp;<\/p>\n<p>&nbsp;<\/p>\n<p>&nbsp;<\/p>\n<p>&nbsp;<\/p>\n<p>&nbsp;<\/p>\n","protected":false},"excerpt":{"rendered":"<p>La Presidenta arrib\u00f3 a las 17 (hora argentina) a la ciudad de Guayaquil para asistir a la reuni\u00f3n de Jefas y Jefes de Estado y de Gobierno de la Unasur, en la que el mandatario de Uruguay, Jos\u00e9 Mujica, recibir\u00e1 la presidencia pro t\u00e9mpore del organismo.<\/p>\n","protected":false},"author":8,"featured_media":0,"comment_status":"open","ping_status":"open","sticky":false,"template":"","format":"standard","meta":{"_jetpack_newsletter_access":"","_jetpack_dont_email_post_to_subs":false,"_jetpack_newsletter_tier_id":0,"_jetpack_memberships_contains_paywalled_content":false,"_jetpack_memberships_contains_paid_content":false,"footnotes":""},"categories":[51],"tags":[],"class_list":["post-58144","post","type-post","status-publish","format-standard","hentry","category-politica"],"jetpack_shortlink":"https:\/\/wp.me\/p2JWE0-f7O","jetpack-related-posts":[{"id":88194,"url":"http:\/\/www.24baires.com\/?p=88194","url_meta":{"origin":58144,"position":0},"title":"Cristina Kirchner se reuni\u00f3 con Ernesto Samper en Ecuador","author":"GB","date":"30\/09\/2016","format":false,"excerpt":"La ex presidenta se reuni\u00f3 con el secretario general de la Unasur en la sede del organismo sudamericano. En tanto, este s\u00e1bado asistir\u00e1 a la proclamaci\u00f3n para las pr\u00f3ximas elecciones presidenciales de los candidatos a presidente y vice de la Alianza Pa\u00eds. La ex presidenta Cristina Kirchner se reuni\u00f3 este\u2026","rel":"","context":"En \u00abPol\u00edtica\u00bb","block_context":{"text":"Pol\u00edtica","link":"http:\/\/www.24baires.com\/?cat=51"},"img":{"alt_text":"","src":"https:\/\/i0.wp.com\/www.24baires.com\/wp-content\/uploads\/2016\/09\/cristina-ecuador.jpg?resize=350%2C200","width":350,"height":200,"srcset":"https:\/\/i0.wp.com\/www.24baires.com\/wp-content\/uploads\/2016\/09\/cristina-ecuador.jpg?resize=350%2C200 1x, https:\/\/i0.wp.com\/www.24baires.com\/wp-content\/uploads\/2016\/09\/cristina-ecuador.jpg?resize=525%2C300 1.5x"},"classes":[]},{"id":112414,"url":"http:\/\/www.24baires.com\/?p=112414","url_meta":{"origin":58144,"position":1},"title":"Macri us\u00f3 el avi\u00f3n presidencial para hacer campa\u00f1a","author":"AF","date":"08\/10\/2019","format":false,"excerpt":"El Presidente utiliz\u00f3 la nave para viajar en el marco de la marcha del \"S\u00ed, se puede\". El uso del avi\u00f3n presidencial para actividades de campa\u00f1a gener\u00f3 pol\u00e9mica en las \u00faltimas horas, tras el viaje que realiz\u00f3 Mauricio Macri a Tucum\u00e1n, en el marco de la gira del \"S\u00ed, se\u2026","rel":"","context":"En \u00abPol\u00edtica\u00bb","block_context":{"text":"Pol\u00edtica","link":"http:\/\/www.24baires.com\/?cat=51"},"img":{"alt_text":"","src":"https:\/\/i0.wp.com\/www.24baires.com\/wp-content\/uploads\/2016\/07\/tango-01.jpg?resize=350%2C200","width":350,"height":200,"srcset":"https:\/\/i0.wp.com\/www.24baires.com\/wp-content\/uploads\/2016\/07\/tango-01.jpg?resize=350%2C200 1x, https:\/\/i0.wp.com\/www.24baires.com\/wp-content\/uploads\/2016\/07\/tango-01.jpg?resize=525%2C300 1.5x"},"classes":[]},{"id":120582,"url":"http:\/\/www.24baires.com\/?p=120582","url_meta":{"origin":58144,"position":2},"title":"Con la mira puesta en el balotaje, Massa se re\u00fane con su gabinete econ\u00f3mico","author":"GB","date":"23\/10\/2023","format":false,"excerpt":"El candidato presidencial oficialista juntar\u00e1 de nuevo a al equipo que lo acompa\u00f1a en el Ministerio de Econom\u00eda para planear c\u00f3mo ser\u00e1n los pr\u00f3ximos d\u00edas tras los comocios. Tras la primera vuelta de las elecciones presidenciales, el ministro de Econom\u00eda, Sergio Massa, se reunir\u00e1 este lunes para las 9 de\u2026","rel":"","context":"En \u00abPol\u00edtica\u00bb","block_context":{"text":"Pol\u00edtica","link":"http:\/\/www.24baires.com\/?cat=51"},"img":{"alt_text":"","src":"https:\/\/i0.wp.com\/www.24baires.com\/wp-content\/uploads\/2023\/10\/reunion.webp?resize=350%2C200","width":350,"height":200,"srcset":"https:\/\/i0.wp.com\/www.24baires.com\/wp-content\/uploads\/2023\/10\/reunion.webp?resize=350%2C200 1x, https:\/\/i0.wp.com\/www.24baires.com\/wp-content\/uploads\/2023\/10\/reunion.webp?resize=525%2C300 1.5x"},"classes":[]},{"id":111404,"url":"http:\/\/www.24baires.com\/?p=111404","url_meta":{"origin":58144,"position":3},"title":"Macri usa el helic\u00f3ptero para hacer campa\u00f1a","author":"AF","date":"31\/07\/2019","format":false,"excerpt":"El secretario general de la presidencia, Fernando De Andreis, confirm\u00f3 que el mandatario vol\u00f3 desde la residencia presidencial de Olivos hasta Belgrano. La excusa fue \"razones de seguridad\". Despu\u00e9s de haber utilizado un helic\u00f3ptero oficial para ir a una peluquer\u00eda en C\u00f3rdoba , el presidente, Mauricio Macri, volvi\u00f3 a recurrir\u2026","rel":"","context":"En \u00abPol\u00edtica\u00bb","block_context":{"text":"Pol\u00edtica","link":"http:\/\/www.24baires.com\/?cat=51"},"img":{"alt_text":"","src":"https:\/\/i0.wp.com\/www.24baires.com\/wp-content\/uploads\/2019\/07\/helic%C3%B3ptero-macri.jpg?resize=350%2C200","width":350,"height":200,"srcset":"https:\/\/i0.wp.com\/www.24baires.com\/wp-content\/uploads\/2019\/07\/helic%C3%B3ptero-macri.jpg?resize=350%2C200 1x, https:\/\/i0.wp.com\/www.24baires.com\/wp-content\/uploads\/2019\/07\/helic%C3%B3ptero-macri.jpg?resize=525%2C300 1.5x"},"classes":[]},{"id":21412,"url":"http:\/\/www.24baires.com\/?p=21412","url_meta":{"origin":58144,"position":4},"title":"Cristina ya est\u00e1 en Caracas para presenciar la asunci\u00f3n de Maduro","author":"AF","date":"19\/04\/2013","format":false,"excerpt":"La Presidenta arrib\u00f3 a las 7.30 (hora argentina) a Caracas para participar de la asunci\u00f3n de Nicol\u00e1s Maduro como presidente de Venezuela. Lleg\u00f3 procedente de Per\u00fa, tras la reuni\u00f3n extraordinaria de la Unasur. La mandataria lleg\u00f3 procedente de Per\u00fa, tras la reuni\u00f3n extraordinaria de Jefas y Jefes de Estado de\u2026","rel":"","context":"En \u00abPol\u00edtica\u00bb","block_context":{"text":"Pol\u00edtica","link":"http:\/\/www.24baires.com\/?cat=51"},"img":{"alt_text":"cristina avi\u00f3n","src":"https:\/\/i0.wp.com\/www.24baires.com\/wp-content\/uploads\/2013\/04\/cristina-avi%C3%B3n-300x187.jpg?resize=350%2C200","width":350,"height":200},"classes":[]},{"id":21339,"url":"http:\/\/www.24baires.com\/?p=21339","url_meta":{"origin":58144,"position":5},"title":"Fuerte respaldo a Venezuela por parte de Presidentes de la Unasur","author":"AF","date":"18\/04\/2013","format":false,"excerpt":"Los mandatarios celebrar\u00e1n una reuni\u00f3n extraordinaria un d\u00eda antes de que asuma la presidencia Nicol\u00e1s Maduro para completar el mandato de Hugo Ch\u00e1vez. Hay un fuerte respaldo al respeto a la voluntad popular y a resolver en paz las diferencias. Una cumbre de la Uni\u00f3n de Naciones Suramericanas (Unasur) sesionar\u00e1\u2026","rel":"","context":"En \u00abPol\u00edtica\u00bb","block_context":{"text":"Pol\u00edtica","link":"http:\/\/www.24baires.com\/?cat=51"},"img":{"alt_text":"","src":"","width":0,"height":0},"classes":[]}],"jetpack_sharing_enabled":true,"jetpack_likes_enabled":true,"jetpack_featured_media_url":"","_links":{"self":[{"href":"http:\/\/www.24baires.com\/index.php?rest_route=\/wp\/v2\/posts\/58144","targetHints":{"allow":["GET"]}}],"collection":[{"href":"http:\/\/www.24baires.com\/index.php?rest_route=\/wp\/v2\/posts"}],"about":[{"href":"http:\/\/www.24baires.com\/index.php?rest_route=\/wp\/v2\/types\/post"}],"author":[{"embeddable":true,"href":"http:\/\/www.24baires.com\/index.php?rest_route=\/wp\/v2\/users\/8"}],"replies":[{"embeddable":true,"href":"http:\/\/www.24baires.com\/index.php?rest_route=%2Fwp%2Fv2%2Fcomments&post=58144"}],"version-history":[{"count":1,"href":"http:\/\/www.24baires.com\/index.php?rest_route=\/wp\/v2\/posts\/58144\/revisions"}],"predecessor-version":[{"id":58145,"href":"http:\/\/www.24baires.com\/index.php?rest_route=\/wp\/v2\/posts\/58144\/revisions\/58145"}],"wp:attachment":[{"href":"http:\/\/www.24baires.com\/index.php?rest_route=%2Fwp%2Fv2%2Fmedia&parent=58144"}],"wp:term":[{"taxonomy":"category","embeddable":true,"href":"http:\/\/www.24baires.com\/index.php?rest_route=%2Fwp%2Fv2%2Fcategories&post=58144"},{"taxonomy":"post_tag","embeddable":true,"href":"http:\/\/www.24baires.com\/index.php?rest_route=%2Fwp%2Fv2%2Ftags&post=58144"}],"curies":[{"name":"wp","href":"https:\/\/api.w.org\/{rel}","templated":true}]}}