{"id":58135,"date":"2014-12-04T15:30:52","date_gmt":"2014-12-04T18:30:52","guid":{"rendered":"http:\/\/www.24baires.com\/?p=58135"},"modified":"2014-12-04T15:46:57","modified_gmt":"2014-12-04T18:46:57","slug":"tras-el-anuncio-de-cristina-moyano-admitio-que-se-podria-levantar-el-paro","status":"publish","type":"post","link":"http:\/\/www.24baires.com\/?p=58135","title":{"rendered":"Tras el anuncio de Cristina, Moyano admiti\u00f3 que \u00abse podr\u00eda levantar el paro\u00bb"},"content":{"rendered":"<p><img data-recalc-dims=\"1\" loading=\"lazy\" decoding=\"async\" class=\"aligncenter size-full wp-image-5580\" src=\"https:\/\/i0.wp.com\/www.24baires.com\/wp-content\/uploads\/2012\/11\/moyano.jpg?resize=560%2C335\" alt=\"moyano\" width=\"560\" height=\"335\" srcset=\"https:\/\/i0.wp.com\/www.24baires.com\/wp-content\/uploads\/2012\/11\/moyano.jpg?w=560 560w, https:\/\/i0.wp.com\/www.24baires.com\/wp-content\/uploads\/2012\/11\/moyano.jpg?resize=300%2C179 300w\" sizes=\"auto, (max-width: 560px) 100vw, 560px\" \/>El titular de la CGT Azopardo reconoci\u00f3 que la central que conduce podr\u00eda dejar sin efecto el paro de 24 horas previsto para la semana pr\u00f3xima, despu\u00e9s de que la Presidenta anunciara que quienes perciben menos de 35.000 pesos de salario quedar\u00e1n eximidos del pago de ganancias sobre el medio aguinaldo en diciembre.<!--more--><\/p>\n<p>Moyano lleg\u00f3 a la provincia de San Juan para inaugurar la sede de su Partido por la Cultura, la Educaci\u00f3n y el Trabajo, donde frente a un centenar de simpatizantes dijo que \u201ctodos quieren llegar a fin de a\u00f1o lo m\u00e1s pac\u00edficamente posible\u201d.<\/p>\n<p>El sindicalista afirm\u00f3 con respecto a la medida de fuerza anunciada que su continuidad \u201cse resolver\u00e1 entre ma\u00f1ana y el lunes\u201d, pero reconoci\u00f3 que el levantamiento de la huelga es una posibilidad.<\/p>\n<p>\u201cNosotros hemos consultado con muchas entidades gremiales y la protesta era para que no le saquen al trabajador el dinero del aguinaldo. Como eso ha cambiado tenemos que volvernos a reunir\u201d, se\u00f1al\u00f3 el camionero.<\/p>\n<p>Y en ese sentido, apunt\u00f3: \u201cCreo que el \u00e1nimo del trabajador ahora est\u00e1 mejor\u201d. La presi\u00f3n que hubo en las \u00faltimas 72 horas, hizo que la Presidenta decidiera no descontar el impuesto a las ganancias\u201d.<\/p>\n<p>M\u00e1s temprano, y consultado sobre las elecciones presidenciales de 2015, reconoci\u00f3 que no lo convence \u201cning\u00fan candidato\u201d, ya que \u201chasta ahora nadie habl\u00f3 sobre c\u00f3mo generar trabajo\u201d.<\/p>\n<p>\u201cNo he visto que hablen de la necesidad de puestos de trabajo, o de viviendas para los trabajadores\u201d, puntualiz\u00f3 Moyano en declaraciones radiales.<\/p>\n<p>&nbsp;<\/p>\n<p>&nbsp;<\/p>\n<p>&nbsp;<\/p>\n<p>&nbsp;<\/p>\n<p>&nbsp;<\/p>\n<p>&nbsp;<\/p>\n<p>&nbsp;<\/p>\n<p>&nbsp;<\/p>\n<p>&nbsp;<\/p>\n<p>&nbsp;<\/p>\n<p>&nbsp;<\/p>\n<p>&nbsp;<\/p>\n<p>&nbsp;<\/p>\n<p>&nbsp;<\/p>\n<p>&nbsp;<\/p>\n<p>&nbsp;<\/p>\n","protected":false},"excerpt":{"rendered":"<p>El titular de la CGT Azopardo reconoci\u00f3 que la central que conduce podr\u00eda dejar sin efecto el paro de 24 horas previsto para la semana pr\u00f3xima, despu\u00e9s de que la Presidenta anunciara que quienes perciben menos de 35.000 pesos de salario quedar\u00e1n eximidos del pago de ganancias sobre el medio aguinaldo en diciembre.<\/p>\n","protected":false},"author":8,"featured_media":0,"comment_status":"open","ping_status":"open","sticky":false,"template":"","format":"standard","meta":{"_jetpack_newsletter_access":"","_jetpack_dont_email_post_to_subs":false,"_jetpack_newsletter_tier_id":0,"_jetpack_memberships_contains_paywalled_content":false,"_jetpack_memberships_contains_paid_content":false,"footnotes":""},"categories":[51],"tags":[],"class_list":["post-58135","post","type-post","status-publish","format-standard","hentry","category-politica"],"jetpack_shortlink":"https:\/\/wp.me\/p2JWE0-f7F","jetpack-related-posts":[{"id":102854,"url":"http:\/\/www.24baires.com\/?p=102854","url_meta":{"origin":58135,"position":0},"title":"Camioneros firm\u00f3 una paritaria del 25%","author":"GB","date":"19\/06\/2018","format":false,"excerpt":"Hugo Moyano anunci\u00f3 que adem\u00e1s la patronal le otorg\u00f3 un bono y una cl\u00e1usula de revisi\u00f3n, en caso de que la inflaci\u00f3n supere el monto acordado. Desde el Ministerio de Trabajo podr\u00edan no homologarlo y el sindicalista ya lanz\u00f3 una advertencia. Hugo y Pablo Moyano anunciaron que el Sindicato de\u2026","rel":"","context":"En \u00abPol\u00edtica\u00bb","block_context":{"text":"Pol\u00edtica","link":"http:\/\/www.24baires.com\/?cat=51"},"img":{"alt_text":"","src":"https:\/\/i0.wp.com\/www.24baires.com\/wp-content\/uploads\/2018\/06\/moyano.jpg?resize=350%2C200","width":350,"height":200,"srcset":"https:\/\/i0.wp.com\/www.24baires.com\/wp-content\/uploads\/2018\/06\/moyano.jpg?resize=350%2C200 1x, https:\/\/i0.wp.com\/www.24baires.com\/wp-content\/uploads\/2018\/06\/moyano.jpg?resize=525%2C300 1.5x"},"classes":[]},{"id":121005,"url":"http:\/\/www.24baires.com\/?p=121005","url_meta":{"origin":58135,"position":1},"title":"Moyano advirti\u00f3 que la CGT se encamina hacia un gran paro nacional contra el gobierno","author":"GB","date":"21\/02\/2024","format":false,"excerpt":"En declaraciones con la prensa, el l\u00edder sindicalista adelant\u00f3 que \"una nueva movilizaci\u00f3n o un paro general\" son inminentes. Adem\u00e1s, pidi\u00f3 por la unidad del peronismo, para que \"vuelva a ser una alternativa\". Pablo Moyano, cotitular de la CGT y secretario adjunto de Camioneros, emiti\u00f3 una advertencia contundente, se\u00f1alando que\u2026","rel":"","context":"En \u00abPol\u00edtica\u00bb","block_context":{"text":"Pol\u00edtica","link":"http:\/\/www.24baires.com\/?cat=51"},"img":{"alt_text":"","src":"https:\/\/i0.wp.com\/www.24baires.com\/wp-content\/uploads\/2024\/02\/paro-general.webp?resize=350%2C200","width":350,"height":200,"srcset":"https:\/\/i0.wp.com\/www.24baires.com\/wp-content\/uploads\/2024\/02\/paro-general.webp?resize=350%2C200 1x, https:\/\/i0.wp.com\/www.24baires.com\/wp-content\/uploads\/2024\/02\/paro-general.webp?resize=525%2C300 1.5x, https:\/\/i0.wp.com\/www.24baires.com\/wp-content\/uploads\/2024\/02\/paro-general.webp?resize=700%2C400 2x"},"classes":[]},{"id":27544,"url":"http:\/\/www.24baires.com\/?p=27544","url_meta":{"origin":58135,"position":2},"title":"Camioneros amenaza con convocar a un nuevo paro nacional para este lunes","author":"AF","date":"04\/07\/2013","format":false,"excerpt":"El secretario del gremio, Pablo Moyano, anunci\u00f3 que \u201centre hoy y ma\u00f1ana se resuelve lo del paro de la semana que viene\u201d, en alusi\u00f3n a una posible medida de fuerza para el lunes. El motivo es que \u201cel impuesto a las ganancias se comi\u00f3 todo el aguinaldo y, en algunos\u2026","rel":"","context":"En \u00abSociedad\u00bb","block_context":{"text":"Sociedad","link":"http:\/\/www.24baires.com\/?cat=1"},"img":{"alt_text":"camioneros","src":"https:\/\/i0.wp.com\/www.24baires.com\/wp-content\/uploads\/2013\/07\/camioneros-300x190.jpg?resize=350%2C200","width":350,"height":200},"classes":[]},{"id":107626,"url":"http:\/\/www.24baires.com\/?p=107626","url_meta":{"origin":58135,"position":3},"title":"Moyano llam\u00f3 a un paro general y cruz\u00f3 a la c\u00fapula de la CGT","author":"AF","date":"11\/04\/2019","format":false,"excerpt":"El l\u00edder de camioneros asegur\u00f3 que se llevar\u00e1 a cabo una huelga general para el 30 de abril. En este sentido, le reclam\u00f3 a la CGT que tome cartas en el asunto. \"No reaccionan\", se quej\u00f3 el dirigente. Los gremios disidentes a la CGT, encabezados por Hugo Moyano y las\u2026","rel":"","context":"En \u00abSociedad\u00bb","block_context":{"text":"Sociedad","link":"http:\/\/www.24baires.com\/?cat=1"},"img":{"alt_text":"","src":"https:\/\/i0.wp.com\/www.24baires.com\/wp-content\/uploads\/2018\/05\/moyano.jpg?resize=350%2C200","width":350,"height":200,"srcset":"https:\/\/i0.wp.com\/www.24baires.com\/wp-content\/uploads\/2018\/05\/moyano.jpg?resize=350%2C200 1x, https:\/\/i0.wp.com\/www.24baires.com\/wp-content\/uploads\/2018\/05\/moyano.jpg?resize=525%2C300 1.5x"},"classes":[]},{"id":83041,"url":"http:\/\/www.24baires.com\/?p=83041","url_meta":{"origin":58135,"position":4},"title":"Moyano y Cal\u00f3 compartir\u00e1n acto en La Plata y podr\u00edan lanzar el paro","author":"GB","date":"23\/05\/2016","format":false,"excerpt":"Con la presencia de Hugo Moyano y Antonio Cal\u00f3, las regionales bonaerenses de la CGT pedir\u00e1n la unidad de la Central, en un acto en el que se podr\u00edan anunciar medidas de fuerza contra el gobierno de Macri. Ma\u00f1ana a las 18, el camping de UPCN en La Plata podr\u00e1\u2026","rel":"","context":"En \u00abPol\u00edtica\u00bb","block_context":{"text":"Pol\u00edtica","link":"http:\/\/www.24baires.com\/?cat=51"},"img":{"alt_text":"","src":"https:\/\/i0.wp.com\/www.24baires.com\/wp-content\/uploads\/2016\/05\/moyano-calo.jpg?resize=350%2C200","width":350,"height":200,"srcset":"https:\/\/i0.wp.com\/www.24baires.com\/wp-content\/uploads\/2016\/05\/moyano-calo.jpg?resize=350%2C200 1x, https:\/\/i0.wp.com\/www.24baires.com\/wp-content\/uploads\/2016\/05\/moyano-calo.jpg?resize=525%2C300 1.5x"},"classes":[]},{"id":102587,"url":"http:\/\/www.24baires.com\/?p=102587","url_meta":{"origin":58135,"position":5},"title":"Bullrich cruz\u00f3 a Moyano: \u00abNo vamos a permitir una Argentina bloqueada\u00bb","author":"GB","date":"07\/06\/2018","format":false,"excerpt":"La ministra de Seguridad, Patricia Bullrich, asegur\u00f3 que el Gobierno nacional \"no va a permitir una Argentina bloqueada\" luego de que el l\u00edder de Camioneros, Hugo Moyano, anunciara un paro y movilizaci\u00f3n para la semana pr\u00f3xima. En referencia a los bloqueos que realizaron los camioneros en Brasil y que podr\u00eda\u2026","rel":"","context":"En \u00abPol\u00edtica\u00bb","block_context":{"text":"Pol\u00edtica","link":"http:\/\/www.24baires.com\/?cat=51"},"img":{"alt_text":"","src":"https:\/\/i0.wp.com\/www.24baires.com\/wp-content\/uploads\/2017\/08\/bullrich-testigo-protegido.jpg?resize=350%2C200","width":350,"height":200,"srcset":"https:\/\/i0.wp.com\/www.24baires.com\/wp-content\/uploads\/2017\/08\/bullrich-testigo-protegido.jpg?resize=350%2C200 1x, https:\/\/i0.wp.com\/www.24baires.com\/wp-content\/uploads\/2017\/08\/bullrich-testigo-protegido.jpg?resize=525%2C300 1.5x"},"classes":[]}],"jetpack_sharing_enabled":true,"jetpack_likes_enabled":true,"jetpack_featured_media_url":"","_links":{"self":[{"href":"http:\/\/www.24baires.com\/index.php?rest_route=\/wp\/v2\/posts\/58135","targetHints":{"allow":["GET"]}}],"collection":[{"href":"http:\/\/www.24baires.com\/index.php?rest_route=\/wp\/v2\/posts"}],"about":[{"href":"http:\/\/www.24baires.com\/index.php?rest_route=\/wp\/v2\/types\/post"}],"author":[{"embeddable":true,"href":"http:\/\/www.24baires.com\/index.php?rest_route=\/wp\/v2\/users\/8"}],"replies":[{"embeddable":true,"href":"http:\/\/www.24baires.com\/index.php?rest_route=%2Fwp%2Fv2%2Fcomments&post=58135"}],"version-history":[{"count":1,"href":"http:\/\/www.24baires.com\/index.php?rest_route=\/wp\/v2\/posts\/58135\/revisions"}],"predecessor-version":[{"id":58136,"href":"http:\/\/www.24baires.com\/index.php?rest_route=\/wp\/v2\/posts\/58135\/revisions\/58136"}],"wp:attachment":[{"href":"http:\/\/www.24baires.com\/index.php?rest_route=%2Fwp%2Fv2%2Fmedia&parent=58135"}],"wp:term":[{"taxonomy":"category","embeddable":true,"href":"http:\/\/www.24baires.com\/index.php?rest_route=%2Fwp%2Fv2%2Fcategories&post=58135"},{"taxonomy":"post_tag","embeddable":true,"href":"http:\/\/www.24baires.com\/index.php?rest_route=%2Fwp%2Fv2%2Ftags&post=58135"}],"curies":[{"name":"wp","href":"https:\/\/api.w.org\/{rel}","templated":true}]}}