{"id":58129,"date":"2014-12-04T14:00:54","date_gmt":"2014-12-04T17:00:54","guid":{"rendered":"http:\/\/www.24baires.com\/?p=58129"},"modified":"2014-12-04T13:49:12","modified_gmt":"2014-12-04T16:49:12","slug":"massa-y-carrio-iran-a-audiencia-de-conciliacion","status":"publish","type":"post","link":"http:\/\/www.24baires.com\/?p=58129","title":{"rendered":"Massa y Carri\u00f3 ir\u00e1n a audiencia de conciliaci\u00f3n"},"content":{"rendered":"<p><img data-recalc-dims=\"1\" loading=\"lazy\" decoding=\"async\" class=\"aligncenter size-full wp-image-56569\" src=\"https:\/\/i0.wp.com\/www.24baires.com\/wp-content\/uploads\/2014\/11\/massa-carri%C3%B3.jpg?resize=560%2C331\" alt=\"massa carri\u00f3\" width=\"560\" height=\"331\" srcset=\"https:\/\/i0.wp.com\/www.24baires.com\/wp-content\/uploads\/2014\/11\/massa-carri%C3%B3.jpg?w=560 560w, https:\/\/i0.wp.com\/www.24baires.com\/wp-content\/uploads\/2014\/11\/massa-carri%C3%B3.jpg?resize=300%2C177 300w\" sizes=\"auto, (max-width: 560px) 100vw, 560px\" \/>Los diputados Sergio Massa y Elisa Carri\u00f3 fueron citados a una audiencia de conciliaci\u00f3n por el juez federal Luis Rodriguez, en el marco de una denuncia por calumnias e injurias presentada por el l\u00edder del Frente Renovador tras haber sido vinculado con el narcotr\u00e1fico por la legisladora.<!--more--><\/p>\n<p>El juez convoco a ambos para el pr\u00f3ximo 22 de diciembre por la ma\u00f1ana en su despacho del cuarto piso de los tribunales federales del barrio porte\u00f1o de Retiro, confirmaron fuentes judiciales.<\/p>\n<p>La audiencia es un paso previo antes de abrir una causa penal por la denuncia y si hay acuerdo la causa se cerrar\u00eda.<\/p>\n<p>La denuncia fue presentada por Massa, a trav\u00e9s de sus abogados Roberto Porcel y Roberto Ribas, luego que Carrio lo vinculara en declaraciones period\u00edsticas con delitos como lavado de dinero y narcotr\u00e1fico.<\/p>\n<p>Massa acus\u00f3 a Carri\u00f3 de \u00abdeclaraciones malintencionadas\u201d para perjudicarlo por lo que tambi\u00e9n se le achaca el posible delito de \u00abfalsa denuncia\u00bb por vincularlo con el narcotr\u00e1fico.<\/p>\n<p>\u201cTodos los d\u00edas (Carri\u00f3) dice algo\u201d y lo hace \u201cen forma injuriosa y calumniosa\u201d, consign\u00f3 el denunciante, quien reclam\u00f3 la realizaci\u00f3n de una pericia psiqui\u00e1trica para determinar si la legisladora domina sus facultades mentales y est\u00e1 en condiciones de comprender la supuesta criminalidad de sus actos.<\/p>\n<p>El reclamo de estudios psiqui\u00e1tricos origin\u00f3 que la legisladora replicara a trav\u00e9s de las redes sociales que \u00abde la locura se vuelve, pero del narcotr\u00e1fico no\u00bb.<\/p>\n<p>De esa manera insist\u00eda, t\u00e1citamente, en su denuncia efectuada en un programa de televisi\u00f3n conducido por Mirtha Legrand y en una entrevista publicada por el diario Perfil el 17 de agosto \u00faltimo donde vincul\u00f3 a Massa con el lavado de activos y el narcotr\u00e1fico y por sobornar a periodistas para que lo favorezcan con sus noticias y comentarios.<\/p>\n<p>&nbsp;<\/p>\n<p>&nbsp;<\/p>\n<p>&nbsp;<\/p>\n<p>&nbsp;<\/p>\n<p>&nbsp;<\/p>\n<p>&nbsp;<\/p>\n<p>&nbsp;<\/p>\n<p>&nbsp;<\/p>\n<p>&nbsp;<\/p>\n<p>&nbsp;<\/p>\n<p>&nbsp;<\/p>\n<p>&nbsp;<\/p>\n<p>&nbsp;<\/p>\n<p>&nbsp;<\/p>\n<p>&nbsp;<\/p>\n<p>&nbsp;<\/p>\n<p>&nbsp;<\/p>\n<p>&nbsp;<\/p>\n<p>&nbsp;<\/p>\n<p>&nbsp;<\/p>\n","protected":false},"excerpt":{"rendered":"<p>Los diputados Sergio Massa y Elisa Carri\u00f3 fueron citados a una audiencia de conciliaci\u00f3n por el juez federal Luis Rodriguez, en el marco de una denuncia por calumnias e injurias presentada por el l\u00edder del Frente Renovador tras haber sido vinculado con el narcotr\u00e1fico por la legisladora.<\/p>\n","protected":false},"author":8,"featured_media":0,"comment_status":"open","ping_status":"open","sticky":false,"template":"","format":"standard","meta":{"_jetpack_newsletter_access":"","_jetpack_dont_email_post_to_subs":false,"_jetpack_newsletter_tier_id":0,"_jetpack_memberships_contains_paywalled_content":false,"_jetpack_memberships_contains_paid_content":false,"footnotes":""},"categories":[51],"tags":[],"class_list":["post-58129","post","type-post","status-publish","format-standard","hentry","category-politica"],"jetpack_shortlink":"https:\/\/wp.me\/p2JWE0-f7z","jetpack-related-posts":[{"id":56568,"url":"http:\/\/www.24baires.com\/?p=56568","url_meta":{"origin":58129,"position":0},"title":"Massa pidi\u00f3 pericias psiqui\u00e1tricas para Carri\u00f3: \u00abNo domina sus facultades mentales\u00bb","author":"Grupo Sierra","date":"04\/11\/2014","format":false,"excerpt":"El diputado nacional y candidato a presidente del Frente Renovador (FR) denunci\u00f3 por calumnias e injurias a su par en la C\u00e1mara baja (Coalici\u00f3n C\u00edvica-ARI) por haberlo vinculado con el narcotr\u00e1fico. Fuentes judiciales confirmaron que la acci\u00f3n penal presentada por Massa contra Carri\u00f3 por el delito de \"falsa denuncia\" qued\u00f3\u2026","rel":"","context":"En \u00abPol\u00edtica\u00bb","block_context":{"text":"Pol\u00edtica","link":"http:\/\/www.24baires.com\/?cat=51"},"img":{"alt_text":"","src":"https:\/\/i0.wp.com\/www.24baires.com\/wp-content\/uploads\/2014\/11\/massa-carri%C3%B3.jpg?resize=350%2C200","width":350,"height":200,"srcset":"https:\/\/i0.wp.com\/www.24baires.com\/wp-content\/uploads\/2014\/11\/massa-carri%C3%B3.jpg?resize=350%2C200 1x, https:\/\/i0.wp.com\/www.24baires.com\/wp-content\/uploads\/2014\/11\/massa-carri%C3%B3.jpg?resize=525%2C300 1.5x"},"classes":[]},{"id":56571,"url":"http:\/\/www.24baires.com\/?p=56571","url_meta":{"origin":58129,"position":1},"title":"Carri\u00f3 le respondi\u00f3 a Massa y lo acus\u00f3 de \u00abnarco\u00bb","author":"Grupo Sierra","date":"04\/11\/2014","format":false,"excerpt":"Tras denunciar penalente a la referente de la Coalici\u00f3n C\u00edvica-ARI, Sergio Massa le pidi\u00f3 una pericia psiqui\u00e1trica. Ella le contest\u00f3: \"De la locura se puede volver, pero del narcotr\u00e1fico no\". El diputado nacional y candidato a presidente del Frente Renovador (FR) denunci\u00f3 por calumnias e injurias a su par en\u2026","rel":"","context":"En \u00abPol\u00edtica\u00bb","block_context":{"text":"Pol\u00edtica","link":"http:\/\/www.24baires.com\/?cat=51"},"img":{"alt_text":"carri\u00f3","src":"https:\/\/i0.wp.com\/www.24baires.com\/wp-content\/uploads\/2014\/04\/carri%C3%B3.jpg?resize=350%2C200","width":350,"height":200,"srcset":"https:\/\/i0.wp.com\/www.24baires.com\/wp-content\/uploads\/2014\/04\/carri%C3%B3.jpg?resize=350%2C200 1x, https:\/\/i0.wp.com\/www.24baires.com\/wp-content\/uploads\/2014\/04\/carri%C3%B3.jpg?resize=525%2C300 1.5x"},"classes":[]},{"id":108220,"url":"http:\/\/www.24baires.com\/?p=108220","url_meta":{"origin":58129,"position":2},"title":"Nuevos datos aportados a la causa de espionaje ilegal por el ex esp\u00eda arrepentido Barreiro","author":"AF","date":"16\/05\/2019","format":false,"excerpt":"Barreiro cont\u00f3 ante la Justicia c\u00f3mo operaba la banda de D'Alessio para la ministra Bullrich en casos de narcotr\u00e1fico, para Carri\u00f3 y Olivetto en casos de espionaje pol\u00edtico y para el fiscal Stornelli en la causa de los cuadernos. El ex esp\u00eda Hugo Rolando Barreiro dio m\u00e1s precisiones ante la\u2026","rel":"","context":"En \u00abJUDICIALES\u00bb","block_context":{"text":"JUDICIALES","link":"http:\/\/www.24baires.com\/?cat=68"},"img":{"alt_text":"","src":"https:\/\/i0.wp.com\/www.24baires.com\/wp-content\/uploads\/2019\/03\/ramos-padillaa.jpg?resize=350%2C200","width":350,"height":200,"srcset":"https:\/\/i0.wp.com\/www.24baires.com\/wp-content\/uploads\/2019\/03\/ramos-padillaa.jpg?resize=350%2C200 1x, https:\/\/i0.wp.com\/www.24baires.com\/wp-content\/uploads\/2019\/03\/ramos-padillaa.jpg?resize=525%2C300 1.5x"},"classes":[]},{"id":50539,"url":"http:\/\/www.24baires.com\/?p=50539","url_meta":{"origin":58129,"position":3},"title":"Despu\u00e9s del video, Carri\u00f3 dispar\u00f3 contra Massa","author":"Grupo Sierra","date":"25\/07\/2014","format":false,"excerpt":"\"\u00bfQuieren ver lo que hizo Massa en Tigre con el narcotr\u00e1fico? La verdad es la verdad, es triste, pero no tiene remedio\", dijo la legisladora nacional Fiel a su estilo, Elisa Carri\u00f3 dispar\u00f3 dardos esta vez contra el diputado nacional Sergio Massa, a quien acus\u00f3 de estar vinculado con el\u2026","rel":"","context":"En \u00abPol\u00edtica\u00bb","block_context":{"text":"Pol\u00edtica","link":"http:\/\/www.24baires.com\/?cat=51"},"img":{"alt_text":"carri\u00f3","src":"https:\/\/i0.wp.com\/www.24baires.com\/wp-content\/uploads\/2013\/12\/carri%C3%B3.jpg?resize=350%2C200","width":350,"height":200,"srcset":"https:\/\/i0.wp.com\/www.24baires.com\/wp-content\/uploads\/2013\/12\/carri%C3%B3.jpg?resize=350%2C200 1x, https:\/\/i0.wp.com\/www.24baires.com\/wp-content\/uploads\/2013\/12\/carri%C3%B3.jpg?resize=525%2C300 1.5x"},"classes":[]},{"id":107961,"url":"http:\/\/www.24baires.com\/?p=107961","url_meta":{"origin":58129,"position":4},"title":"Siguen queriendo entorpecer la causa que lleva adelante el juez Alejo Ramos Padilla","author":"AF","date":"03\/05\/2019","format":false,"excerpt":"El juez Alejo Ramos Padilla se neg\u00f3 a investigar un expediente que le mand\u00f3 el juez Luis Rodr\u00edguez . Es la causa que se inici\u00f3 por una denuncia del fiscal Stornelli, basada en \"un sobre an\u00f3nimo que le tiraron bajo la puerta\", donde adjudica a \"un complot K\" la investigaci\u00f3n\u2026","rel":"","context":"En \u00abJUDICIALES\u00bb","block_context":{"text":"JUDICIALES","link":"http:\/\/www.24baires.com\/?cat=68"},"img":{"alt_text":"","src":"https:\/\/i0.wp.com\/www.24baires.com\/wp-content\/uploads\/2019\/03\/ramos-padilla-1.jpg?resize=350%2C200","width":350,"height":200,"srcset":"https:\/\/i0.wp.com\/www.24baires.com\/wp-content\/uploads\/2019\/03\/ramos-padilla-1.jpg?resize=350%2C200 1x, https:\/\/i0.wp.com\/www.24baires.com\/wp-content\/uploads\/2019\/03\/ramos-padilla-1.jpg?resize=525%2C300 1.5x"},"classes":[]},{"id":58285,"url":"http:\/\/www.24baires.com\/?p=58285","url_meta":{"origin":58129,"position":5},"title":"Para Rossi, \u00abla oposici\u00f3n parece un cabaret\u00bb","author":"Grupo Sierra","date":"07\/12\/2014","format":false,"excerpt":"El ministro de Defensa arremeti\u00f3 contra los sectores opositores. Tambi\u00e9n remarc\u00f3 que la presidenta Cristina Fern\u00e1ndez de Kirchner seguir\u00e1 \"conduciendo\" al FpV despu\u00e9s de las elecciones. El ministro de Defensa, Agust\u00edn Rossi, se\u00f1al\u00f3 que los precandidatos del Frente para la Victoria parecen \"un liceo de se\u00f1oritas\" y los de la\u2026","rel":"","context":"En \u00abPol\u00edtica\u00bb","block_context":{"text":"Pol\u00edtica","link":"http:\/\/www.24baires.com\/?cat=51"},"img":{"alt_text":"rossi","src":"https:\/\/i0.wp.com\/www.24baires.com\/wp-content\/uploads\/2014\/08\/rossi.jpg?resize=350%2C200","width":350,"height":200,"srcset":"https:\/\/i0.wp.com\/www.24baires.com\/wp-content\/uploads\/2014\/08\/rossi.jpg?resize=350%2C200 1x, https:\/\/i0.wp.com\/www.24baires.com\/wp-content\/uploads\/2014\/08\/rossi.jpg?resize=525%2C300 1.5x"},"classes":[]}],"jetpack_sharing_enabled":true,"jetpack_likes_enabled":true,"jetpack_featured_media_url":"","_links":{"self":[{"href":"http:\/\/www.24baires.com\/index.php?rest_route=\/wp\/v2\/posts\/58129","targetHints":{"allow":["GET"]}}],"collection":[{"href":"http:\/\/www.24baires.com\/index.php?rest_route=\/wp\/v2\/posts"}],"about":[{"href":"http:\/\/www.24baires.com\/index.php?rest_route=\/wp\/v2\/types\/post"}],"author":[{"embeddable":true,"href":"http:\/\/www.24baires.com\/index.php?rest_route=\/wp\/v2\/users\/8"}],"replies":[{"embeddable":true,"href":"http:\/\/www.24baires.com\/index.php?rest_route=%2Fwp%2Fv2%2Fcomments&post=58129"}],"version-history":[{"count":1,"href":"http:\/\/www.24baires.com\/index.php?rest_route=\/wp\/v2\/posts\/58129\/revisions"}],"predecessor-version":[{"id":58130,"href":"http:\/\/www.24baires.com\/index.php?rest_route=\/wp\/v2\/posts\/58129\/revisions\/58130"}],"wp:attachment":[{"href":"http:\/\/www.24baires.com\/index.php?rest_route=%2Fwp%2Fv2%2Fmedia&parent=58129"}],"wp:term":[{"taxonomy":"category","embeddable":true,"href":"http:\/\/www.24baires.com\/index.php?rest_route=%2Fwp%2Fv2%2Fcategories&post=58129"},{"taxonomy":"post_tag","embeddable":true,"href":"http:\/\/www.24baires.com\/index.php?rest_route=%2Fwp%2Fv2%2Ftags&post=58129"}],"curies":[{"name":"wp","href":"https:\/\/api.w.org\/{rel}","templated":true}]}}