{"id":58120,"date":"2014-12-04T12:00:26","date_gmt":"2014-12-04T15:00:26","guid":{"rendered":"http:\/\/www.24baires.com\/?p=58120"},"modified":"2014-12-04T17:25:00","modified_gmt":"2014-12-04T20:25:00","slug":"la-presidenta-viaja-a-ecuador-para-participar-de-la-cumbre-de-la-unasur","status":"publish","type":"post","link":"http:\/\/www.24baires.com\/?p=58120","title":{"rendered":"La Presidenta viaja a Ecuador para participar de la Cumbre de la Unasur"},"content":{"rendered":"<p><img data-recalc-dims=\"1\" loading=\"lazy\" decoding=\"async\" class=\"aligncenter size-full wp-image-58121\" src=\"https:\/\/i0.wp.com\/www.24baires.com\/wp-content\/uploads\/2014\/12\/crist-avi%C3%B3n.jpg?resize=560%2C314\" alt=\"crist avi\u00f3n\" width=\"560\" height=\"314\" srcset=\"https:\/\/i0.wp.com\/www.24baires.com\/wp-content\/uploads\/2014\/12\/crist-avi%C3%B3n.jpg?w=560 560w, https:\/\/i0.wp.com\/www.24baires.com\/wp-content\/uploads\/2014\/12\/crist-avi%C3%B3n.jpg?resize=300%2C168 300w\" sizes=\"auto, (max-width: 560px) 100vw, 560px\" \/>La presidenta Cristina Fern\u00e1ndez de Kirchner parti\u00f3 hacia Ecuador para participar de la VIII Cumbre de Jefas y Jefes de Estado y de Gobierno de la Uni\u00f3n de Naciones Suramericanas (Unasur) y de la inauguraci\u00f3n de la sede del organismo, que llevar\u00e1 el nombre \u00abN\u00e9stor Kirchner\u00bb, en homenaje al ex presidente argentino y primer secretario general del bloque regional.<!--more--><\/p>\n<p>La Presidenta parti\u00f3 en el Tango 01 minutos despu\u00e9s de las 10.50, desde el sector militar del aeroparque metropolitano, y est\u00e1 previsto que arribe a la ciudad de Guayaquil cerca de las 14 (16 de Argentina), donde asistir\u00e1 a la ceremonia de traspaso de la presidencia pro t\u00e9mpore del grupo por parte de la Rep\u00fablica de Surinam a la Rep\u00fablica Oriental del Uruguay.<\/p>\n<p>Durante su breve estad\u00eda en la capital de la provincia del Guayas, localizada en la costa del Pac\u00edfico, Cristina Fern\u00e1ndez se alojar\u00e1 en el hotel Hilton, ubicado al norte de la ciudad.<\/p>\n<p>Al d\u00eda siguiente, Cristina Fern\u00e1ndez, junto a su comitiva, se trasladar\u00e1 a Quito para participar de la VIII Cumbre Extraordinaria de Jefas y Jefes de Estado y de Gobierno del organismo multilateral y de la inauguraci\u00f3n de la sede del bloque, creado en el 2008, que llevar\u00e1 el nombre de \u00abN\u00e9stor Kirchner\u00bb.<\/p>\n<p>Las actividades oficiales de la Cumbre se iniciar\u00e1n con la reuni\u00f3n del Consejo de Jefes y Jefas de Estado y de Gobierno de la Unasur, que se desarrollar\u00e1 ma\u00f1ana a partir de las 15 (hora local), en el Teatro Centro C\u00edvico \u00abEloy Alfaro\u00bb, en el sur de la ciudad, inform\u00f3 el Ministerio de Relaciones Exteriores y Movilidad Humana de Ecuador.<\/p>\n<p>Durante el encuentro, el presidente de Surinam, Desir\u00e9 Bouterse, dar\u00e1 un informe de gesti\u00f3n y traspasar\u00e1 la presidencia rotativa del bloque a su par de Uruguay, Jos\u00e9 Mujica.<\/p>\n<p>La ceremonia incluir\u00e1 un homenaje al mandatario uruguayo, de 79 a\u00f1os, con la proyecci\u00f3n de un video que recorre distintos momentos de su larga trayectoria pol\u00edtica.<\/p>\n<p>Antes, a las 10, y en el mismo lugar, se llevar\u00e1 a cabo la reuni\u00f3n del Consejo de Ministras y Ministros de Relaciones Exteriores de la Unasur para terminar de pulir los temas de an\u00e1lisis y documentos de la Cumbre, cuya celebraci\u00f3n estaba prevista para el 21 y 22 de agosto pasado, en Montevideo (Uruguay), pero que debi\u00f3 ser aplazada por problemas de agenda de los mandatarios.<\/p>\n<p>Al d\u00eda siguiente, el viernes, la Presidenta, junto al resto de los mandatarios de Unasur, se trasladar\u00e1 a la Ciudad de Mitad del Mundo para formar parte del plenario de presidentes que se desarrollar\u00e1 a partir de las 9 (hora local) en la sede del organismo.<\/p>\n<p>El edificio de moderna arquitectura est\u00e1 situado en la Ciudad de San Antonio de Pichincha (ubicada a 13 kil\u00f3metros de Quito), m\u00e1s conocida como Ciudad de la Mitad del Mundo, por ser all\u00ed el punto m\u00e1s alto por donde pasa la l\u00ednea del Ecuador.<\/p>\n<p>Adem\u00e1s de Cristina y Correa, estar\u00e1n all\u00ed los presidentes Dilma Rousseff (Brasil), Nicol\u00e1s Maduro (Venezuela), Michelle Bachelet (Chile), Evo Morales (Bolivia), Juan Manuel Santos (Colombia), Ollanta Humala (Per\u00fa), Donald Ramotar (Guyana), Desir\u00e9 Bouterse (Surinam) y Horacio Cartes (Paraguay).<\/p>\n<p>En tanto, Mujica \u00abpor prescripci\u00f3n m\u00e9dica\u00bb no participar\u00e1 de la reuni\u00f3n debido a la altura (2.800 metros sobre el nivel del mar) en la que se encuentra la ciudad.<\/p>\n<p>La sede \u00abN\u00e9stor Kirchner\u00bb quedar\u00e1 formalmente inaugurada en una ceremonia que se llevar\u00e1 a cabo en horas del mediod\u00eda y que estar\u00e1 encabezada por el presidente Correa, el ex presidente colombiano (1994-1998) y secretario general de la Unasur, Ernesto Samper; el Alcalde de Quito, Mauricio Rodas y, donde se espera que la presidenta Cristina Fern\u00e1ndez de Kirchner pronuncie unas palabras.<\/p>\n<p>La agenda de debates de la Cumbre incluir\u00e1 un tratado energ\u00e9tico, de soberan\u00eda de los recursos naturales, la instauraci\u00f3n de la \u00abciudadan\u00eda suramericana\u00bb, a trav\u00e9s de un pasaporte \u00fanico, y un proyecto de integraci\u00f3n f\u00edsica, con la construcci\u00f3n de un tren bioce\u00e1nico, seg\u00fan se defini\u00f3 en la reuni\u00f3n preparatoria de vicecancilleres de la Unasur, realizado el viernes y s\u00e1bado pasado en la ciudad boliviana de Santa Cruz.<\/p>\n<p>En ese encuentro que fue presidido por Samper, tambi\u00e9n se analizaron otras iniciativas como \u201cun banco de precios de medicamentos\u00bb, la creaci\u00f3n de la Escuela Suramericana de Defensa, con sede en Ecuador, el fortalecimiento del monitoreo electoral y la posibilidad de que la regi\u00f3n tenga una conectividad interna a trav\u00e9s de Internet con su propia fibra \u00f3ptica, entre otros temas.<\/p>\n","protected":false},"excerpt":{"rendered":"<p>La presidenta Cristina Fern\u00e1ndez de Kirchner parti\u00f3 hacia Ecuador para participar de la VIII Cumbre de Jefas y Jefes de Estado y de Gobierno de la Uni\u00f3n de Naciones Suramericanas (Unasur) y de la inauguraci\u00f3n de la sede del organismo, que llevar\u00e1 el nombre \u00abN\u00e9stor Kirchner\u00bb, en homenaje al ex presidente argentino y primer secretario general del bloque regional.<\/p>\n","protected":false},"author":4,"featured_media":0,"comment_status":"open","ping_status":"open","sticky":false,"template":"","format":"standard","meta":{"_jetpack_newsletter_access":"","_jetpack_dont_email_post_to_subs":false,"_jetpack_newsletter_tier_id":0,"_jetpack_memberships_contains_paywalled_content":false,"_jetpack_memberships_contains_paid_content":false,"footnotes":""},"categories":[51],"tags":[],"class_list":["post-58120","post","type-post","status-publish","format-standard","hentry","category-politica"],"jetpack_shortlink":"https:\/\/wp.me\/p2JWE0-f7q","jetpack-related-posts":[{"id":27533,"url":"http:\/\/www.24baires.com\/?p=27533","url_meta":{"origin":58120,"position":0},"title":"Cristina viaja a Bolivia para participar de la reuni\u00f3n urgente de la Unasur","author":"AF","date":"04\/07\/2013","format":false,"excerpt":"La Presidenta partir\u00e1 hacia Bolivia para participar de la cumbre de urgencia convocada por la Unasur tras la grave situaci\u00f3n que padeci\u00f3 Evo. La presidenta Cristina Fern\u00e1ndez de Kirchner partir\u00e1 hacia Bolivia para participar de la cumbre de urgencia convocada por la Unasur tras la grave situaci\u00f3n que debi\u00f3 atravesar\u2026","rel":"","context":"En \u00abPol\u00edtica\u00bb","block_context":{"text":"Pol\u00edtica","link":"http:\/\/www.24baires.com\/?cat=51"},"img":{"alt_text":"","src":"https:\/\/i0.wp.com\/www.24baires.com\/wp-content\/uploads\/2013\/07\/cristina-evo1.jpg?resize=350%2C200","width":350,"height":200,"srcset":"https:\/\/i0.wp.com\/www.24baires.com\/wp-content\/uploads\/2013\/07\/cristina-evo1.jpg?resize=350%2C200 1x, https:\/\/i0.wp.com\/www.24baires.com\/wp-content\/uploads\/2013\/07\/cristina-evo1.jpg?resize=525%2C300 1.5x"},"classes":[]},{"id":64083,"url":"http:\/\/www.24baires.com\/?p=64083","url_meta":{"origin":58120,"position":1},"title":"Cristina ya parti\u00f3 rumbo a Panam\u00e1 para la Cumbre de las Am\u00e9ricas","author":"GB","date":"10\/04\/2015","format":false,"excerpt":"El encuentro se realizar\u00e1 hasta el s\u00e1bado por la tarde, en un contexto pol\u00edtico signado por la reanudaci\u00f3n del di\u00e1logo entre Estados Unidos y Cuba y la declaraci\u00f3n del gobierno de Barack Obama contra Venezuela a la que consider\u00f3 una \"amenaza extraordinaria e inusual contra la seguridad\" norteamericana. Cristina Fern\u00e1ndez\u2026","rel":"","context":"En \u00abPol\u00edtica\u00bb","block_context":{"text":"Pol\u00edtica","link":"http:\/\/www.24baires.com\/?cat=51"},"img":{"alt_text":"cristina avi\u00f3n","src":"https:\/\/i0.wp.com\/www.24baires.com\/wp-content\/uploads\/2012\/12\/cristina-avi%C3%B3n.jpg?resize=350%2C200","width":350,"height":200,"srcset":"https:\/\/i0.wp.com\/www.24baires.com\/wp-content\/uploads\/2012\/12\/cristina-avi%C3%B3n.jpg?resize=350%2C200 1x, https:\/\/i0.wp.com\/www.24baires.com\/wp-content\/uploads\/2012\/12\/cristina-avi%C3%B3n.jpg?resize=525%2C300 1.5x"},"classes":[]},{"id":58144,"url":"http:\/\/www.24baires.com\/?p=58144","url_meta":{"origin":58120,"position":2},"title":"Cristina lleg\u00f3 a Ecuador para participar de la cumbre de la Unasur","author":"GB","date":"04\/12\/2014","format":false,"excerpt":"La Presidenta arrib\u00f3 a las 17 (hora argentina) a la ciudad de Guayaquil para asistir a la reuni\u00f3n de Jefas y Jefes de Estado y de Gobierno de la Unasur, en la que el mandatario de Uruguay, Jos\u00e9 Mujica, recibir\u00e1 la presidencia pro t\u00e9mpore del organismo. Viajaron junto a la\u2026","rel":"","context":"En \u00abPol\u00edtica\u00bb","block_context":{"text":"Pol\u00edtica","link":"http:\/\/www.24baires.com\/?cat=51"},"img":{"alt_text":"crist avi\u00f3n","src":"https:\/\/i0.wp.com\/www.24baires.com\/wp-content\/uploads\/2014\/12\/crist-avi%C3%B3n.jpg?resize=350%2C200","width":350,"height":200,"srcset":"https:\/\/i0.wp.com\/www.24baires.com\/wp-content\/uploads\/2014\/12\/crist-avi%C3%B3n.jpg?resize=350%2C200 1x, https:\/\/i0.wp.com\/www.24baires.com\/wp-content\/uploads\/2014\/12\/crist-avi%C3%B3n.jpg?resize=525%2C300 1.5x"},"classes":[]},{"id":120136,"url":"http:\/\/www.24baires.com\/?p=120136","url_meta":{"origin":58120,"position":3},"title":"Alberto dijo que Sudam\u00e9rica debe enfrentar unida la nueva dimensi\u00f3n de la globalizaci\u00f3n","author":"AF","date":"30\/05\/2023","format":false,"excerpt":"En su participaci\u00f3n en el encuentro encabezado por su par brasile\u00f1o, el mandatario argentino cit\u00f3 a N\u00e9stor Kirchner en su apreciaci\u00f3n de que \"los viejos moldes se han roto\" y apoy\u00f3 la iniciativa \"para integrar la regi\u00f3n\". El presidente Alberto Fern\u00e1ndez convoc\u00f3 este martes a los pa\u00edses sudamericanos a la\u2026","rel":"","context":"En \u00abPol\u00edtica\u00bb","block_context":{"text":"Pol\u00edtica","link":"http:\/\/www.24baires.com\/?cat=51"},"img":{"alt_text":"","src":"https:\/\/i0.wp.com\/www.24baires.com\/wp-content\/uploads\/2022\/09\/alberto.jpg?resize=350%2C200","width":350,"height":200,"srcset":"https:\/\/i0.wp.com\/www.24baires.com\/wp-content\/uploads\/2022\/09\/alberto.jpg?resize=350%2C200 1x, https:\/\/i0.wp.com\/www.24baires.com\/wp-content\/uploads\/2022\/09\/alberto.jpg?resize=525%2C300 1.5x, https:\/\/i0.wp.com\/www.24baires.com\/wp-content\/uploads\/2022\/09\/alberto.jpg?resize=700%2C400 2x"},"classes":[]},{"id":21339,"url":"http:\/\/www.24baires.com\/?p=21339","url_meta":{"origin":58120,"position":4},"title":"Fuerte respaldo a Venezuela por parte de Presidentes de la Unasur","author":"AF","date":"18\/04\/2013","format":false,"excerpt":"Los mandatarios celebrar\u00e1n una reuni\u00f3n extraordinaria un d\u00eda antes de que asuma la presidencia Nicol\u00e1s Maduro para completar el mandato de Hugo Ch\u00e1vez. Hay un fuerte respaldo al respeto a la voluntad popular y a resolver en paz las diferencias. Una cumbre de la Uni\u00f3n de Naciones Suramericanas (Unasur) sesionar\u00e1\u2026","rel":"","context":"En \u00abPol\u00edtica\u00bb","block_context":{"text":"Pol\u00edtica","link":"http:\/\/www.24baires.com\/?cat=51"},"img":{"alt_text":"","src":"","width":0,"height":0},"classes":[]},{"id":58195,"url":"http:\/\/www.24baires.com\/?p=58195","url_meta":{"origin":58120,"position":5},"title":"Cristina inaugur\u00f3 la sede de UNASUR en Quito","author":"Grupo Sierra","date":"05\/12\/2014","format":false,"excerpt":"En la ceremonia, que encabez\u00f3 el presidente de Ecuador Rafael Correa, particip\u00f3 la presidenta Cristina Fern\u00e1ndez de Kirchner junto a otros mandatarios del bloque regional. La sede de la Unasur \"N\u00e9stor Kirchner\" qued\u00f3 formalmente inaugurada esta tarde en Quito, con el tradicional corte de cinta a cargo de obreros, ni\u00f1os\u2026","rel":"","context":"En \u00abInternacionales\u00bb","block_context":{"text":"Internacionales","link":"http:\/\/www.24baires.com\/?cat=73"},"img":{"alt_text":"","src":"https:\/\/i0.wp.com\/www.24baires.com\/wp-content\/uploads\/2014\/12\/cris.jpg?resize=350%2C200","width":350,"height":200,"srcset":"https:\/\/i0.wp.com\/www.24baires.com\/wp-content\/uploads\/2014\/12\/cris.jpg?resize=350%2C200 1x, https:\/\/i0.wp.com\/www.24baires.com\/wp-content\/uploads\/2014\/12\/cris.jpg?resize=525%2C300 1.5x"},"classes":[]}],"jetpack_sharing_enabled":true,"jetpack_likes_enabled":true,"jetpack_featured_media_url":"","_links":{"self":[{"href":"http:\/\/www.24baires.com\/index.php?rest_route=\/wp\/v2\/posts\/58120","targetHints":{"allow":["GET"]}}],"collection":[{"href":"http:\/\/www.24baires.com\/index.php?rest_route=\/wp\/v2\/posts"}],"about":[{"href":"http:\/\/www.24baires.com\/index.php?rest_route=\/wp\/v2\/types\/post"}],"author":[{"embeddable":true,"href":"http:\/\/www.24baires.com\/index.php?rest_route=\/wp\/v2\/users\/4"}],"replies":[{"embeddable":true,"href":"http:\/\/www.24baires.com\/index.php?rest_route=%2Fwp%2Fv2%2Fcomments&post=58120"}],"version-history":[{"count":1,"href":"http:\/\/www.24baires.com\/index.php?rest_route=\/wp\/v2\/posts\/58120\/revisions"}],"predecessor-version":[{"id":58122,"href":"http:\/\/www.24baires.com\/index.php?rest_route=\/wp\/v2\/posts\/58120\/revisions\/58122"}],"wp:attachment":[{"href":"http:\/\/www.24baires.com\/index.php?rest_route=%2Fwp%2Fv2%2Fmedia&parent=58120"}],"wp:term":[{"taxonomy":"category","embeddable":true,"href":"http:\/\/www.24baires.com\/index.php?rest_route=%2Fwp%2Fv2%2Fcategories&post=58120"},{"taxonomy":"post_tag","embeddable":true,"href":"http:\/\/www.24baires.com\/index.php?rest_route=%2Fwp%2Fv2%2Ftags&post=58120"}],"curies":[{"name":"wp","href":"https:\/\/api.w.org\/{rel}","templated":true}]}}