{"id":58104,"date":"2014-12-03T21:16:41","date_gmt":"2014-12-04T00:16:41","guid":{"rendered":"http:\/\/www.24baires.com\/?p=58104"},"modified":"2014-12-03T21:16:41","modified_gmt":"2014-12-04T00:16:41","slug":"paro-de-moyano-un-clasico-de-fin-de-ano","status":"publish","type":"post","link":"http:\/\/www.24baires.com\/?p=58104","title":{"rendered":"Paro de Moyano, un cl\u00e1sico de fin de a\u00f1o"},"content":{"rendered":"<p><img data-recalc-dims=\"1\" loading=\"lazy\" decoding=\"async\" class=\"aligncenter size-full wp-image-30984\" src=\"https:\/\/i0.wp.com\/www.24baires.com\/wp-content\/uploads\/2013\/08\/moyano-massa.jpg?resize=560%2C248\" alt=\"moyano massa\" width=\"560\" height=\"248\" srcset=\"https:\/\/i0.wp.com\/www.24baires.com\/wp-content\/uploads\/2013\/08\/moyano-massa.jpg?w=560 560w, https:\/\/i0.wp.com\/www.24baires.com\/wp-content\/uploads\/2013\/08\/moyano-massa.jpg?resize=300%2C132 300w\" sizes=\"auto, (max-width: 560px) 100vw, 560px\" \/>El gremio que conduce Hugo Moyano anunci\u00f3 un paro nacional de 24 horas, al que adhirieron gremios de transporte. Piden \u00abla eliminaci\u00f3n o modificaci\u00f3n de al\u00edcuotas y escalas del impuesto a las ganancias\u00bb.<!--more--><\/p>\n<p>Luego de dos horas y media de deliberaciones, la conducci\u00f3n de la CGT Azopardo anunci\u00f3 la protesta de la semana pr\u00f3xima -entre el martes 9 y el viernes 12-, cuyo d\u00eda \u00abser\u00e1 determinado luego de un debate entre las CGT Azopardo, la Azul y Blanca y la CTA Aut\u00f3noma\u00bb que lideran Luis Barrionuevo y Pablo Micheli, respectivamente, inform\u00f3 Schmid.<\/p>\n<p>El titular del Sindicato del Personal de Dragado y Balizamiento ofreci\u00f3 una conferencia de prensa en la planta baja de la sede de la central obrera de Azopardo 802, donde anunci\u00f3 la huelga.<\/p>\n<p>\u00abEl paro nacional de 24 horas, que incluir\u00e1 a los gremios del transporte, ser\u00e1 entre el 9 y el 12 y sin movilizaci\u00f3n y, el d\u00eda, ser\u00e1 decidido luego de un debate con las centrales obreras\u00bb que conducen el gastron\u00f3mico Barrionuevo y el estatal Micheli, afirm\u00f3.<\/p>\n<p>Los gremios del transporte hab\u00edan deliberado durante varias horas este mediod\u00eda en la sede de la Federaci\u00f3n Mar\u00edtima, Portuaria y de la Industria Naval (FEMPINRA) que conduce Cayo Ayala.<\/p>\n<p>All\u00ed determinaron una posici\u00f3n com\u00fan que, a la tarde, trasladaron al consejo directivo de la CGT Azopardo, en cuyo marco y, luego de varias horas de debate, sus dirigentes decidieron la huelga.<\/p>\n<p>En los pr\u00f3ximos d\u00edas, las CGT Azopardo y Azul y Blanca y la Central de Trabajadores Aut\u00f3noma decidir\u00e1n el d\u00eda de la protesta.<\/p>\n<p>&nbsp;<\/p>\n<p>&nbsp;<\/p>\n<p>&nbsp;<\/p>\n","protected":false},"excerpt":{"rendered":"<p>El gremio que conduce Hugo Moyano anunci\u00f3 un paro nacional de 24 horas, al que adhirieron gremios de transporte. Piden \u00abla eliminaci\u00f3n o modificaci\u00f3n de al\u00edcuotas y escalas del impuesto a las ganancias\u00bb.<\/p>\n","protected":false},"author":11,"featured_media":0,"comment_status":"open","ping_status":"open","sticky":false,"template":"","format":"standard","meta":{"_jetpack_newsletter_access":"","_jetpack_dont_email_post_to_subs":false,"_jetpack_newsletter_tier_id":0,"_jetpack_memberships_contains_paywalled_content":false,"_jetpack_memberships_contains_paid_content":false,"footnotes":""},"categories":[51],"tags":[],"class_list":["post-58104","post","type-post","status-publish","format-standard","hentry","category-politica"],"jetpack_shortlink":"https:\/\/wp.me\/p2JWE0-f7a","jetpack-related-posts":[{"id":65940,"url":"http:\/\/www.24baires.com\/?p=65940","url_meta":{"origin":58104,"position":0},"title":"Moyano se suma al anunciado paro de transporte","author":"GB","date":"14\/05\/2015","format":false,"excerpt":"La medida de fuerza de 24 horas se llevar\u00e1 a cabo la primera semana de junio. Los sindicatos pusieron un plazo de tres semanas como invitaci\u00f3n al Gobierno nacional para destrabar las paritarias. La CGT Azopardo que conduce Hugo Moyano se sum\u00f3 este jueves por la tarde al paro nacional\u2026","rel":"","context":"En \u00abPol\u00edtica\u00bb","block_context":{"text":"Pol\u00edtica","link":"http:\/\/www.24baires.com\/?cat=51"},"img":{"alt_text":"moyano massa","src":"https:\/\/i0.wp.com\/www.24baires.com\/wp-content\/uploads\/2013\/08\/moyano-massa.jpg?resize=350%2C200","width":350,"height":200,"srcset":"https:\/\/i0.wp.com\/www.24baires.com\/wp-content\/uploads\/2013\/08\/moyano-massa.jpg?resize=350%2C200 1x, https:\/\/i0.wp.com\/www.24baires.com\/wp-content\/uploads\/2013\/08\/moyano-massa.jpg?resize=525%2C300 1.5x"},"classes":[]},{"id":122155,"url":"http:\/\/www.24baires.com\/?p=122155","url_meta":{"origin":58104,"position":1},"title":"La CGT anunci\u00f3 un paro general para el 10 de abril","author":"GB","date":"21\/03\/2025","format":false,"excerpt":"La central obrera advirti\u00f3 que las acciones sindicales se extender\u00e1n por 36 horas, en reclamo por las pol\u00edticas del gobierno de Javier Milei. La Confederaci\u00f3n General del Trabajo (CGT) convoc\u00f3 este jueves a un paro nacional el 10 de abril pr\u00f3ximo, en lo que ser\u00e1 la tercera huelga general durante\u2026","rel":"","context":"En \u00abPol\u00edtica\u00bb","block_context":{"text":"Pol\u00edtica","link":"http:\/\/www.24baires.com\/?cat=51"},"img":{"alt_text":"","src":"https:\/\/i0.wp.com\/www.24baires.com\/wp-content\/uploads\/2025\/03\/cgt1.webp?resize=350%2C200","width":350,"height":200,"srcset":"https:\/\/i0.wp.com\/www.24baires.com\/wp-content\/uploads\/2025\/03\/cgt1.webp?resize=350%2C200 1x, https:\/\/i0.wp.com\/www.24baires.com\/wp-content\/uploads\/2025\/03\/cgt1.webp?resize=525%2C300 1.5x, https:\/\/i0.wp.com\/www.24baires.com\/wp-content\/uploads\/2025\/03\/cgt1.webp?resize=700%2C400 2x"},"classes":[]},{"id":122144,"url":"http:\/\/www.24baires.com\/?p=122144","url_meta":{"origin":58104,"position":2},"title":"La CGT anunci\u00f3 un paro general de 24 horas tras la represi\u00f3n a los jubilados","author":"GB","date":"14\/03\/2025","format":false,"excerpt":"H\u00e9ctor Daer confirm\u00f3 un paro general de para \"antes del 10 de abril\" en respuesta a la represi\u00f3n de ayer y las pol\u00edticas econ\u00f3micas del Gobierno de Milei. Tras la brutal represi\u00f3n sufrida ayer fuera del Congreso de la Naci\u00f3n durante la marcha de jubilados, la CGT ha confirmado la\u2026","rel":"","context":"En \u00abPol\u00edtica\u00bb","block_context":{"text":"Pol\u00edtica","link":"http:\/\/www.24baires.com\/?cat=51"},"img":{"alt_text":"","src":"https:\/\/i0.wp.com\/www.24baires.com\/wp-content\/uploads\/2025\/03\/cgt.jpg?resize=350%2C200","width":350,"height":200,"srcset":"https:\/\/i0.wp.com\/www.24baires.com\/wp-content\/uploads\/2025\/03\/cgt.jpg?resize=350%2C200 1x, https:\/\/i0.wp.com\/www.24baires.com\/wp-content\/uploads\/2025\/03\/cgt.jpg?resize=525%2C300 1.5x, https:\/\/i0.wp.com\/www.24baires.com\/wp-content\/uploads\/2025\/03\/cgt.jpg?resize=700%2C400 2x"},"classes":[]},{"id":78747,"url":"http:\/\/www.24baires.com\/?p=78747","url_meta":{"origin":58104,"position":3},"title":"Camioneros anunci\u00f3 paros sorpresivos","author":"GB","date":"10\/02\/2016","format":false,"excerpt":"Seg\u00fan adelant\u00f3 Radio 10, el gremio conducido por el hijo del titular de la CGT Azopardo anunci\u00f3 la medida de fuerza, luego de que el titular del Banco Central, Federico Sturzenegger, dispusiera que los res\u00famenes se dejen de enviar en papel para hacerlo v\u00eda e-mail. El Sindicato de Choferes de\u2026","rel":"","context":"En \u00abPol\u00edtica\u00bb","block_context":{"text":"Pol\u00edtica","link":"http:\/\/www.24baires.com\/?cat=51"},"img":{"alt_text":"","src":"","width":0,"height":0},"classes":[]},{"id":80671,"url":"http:\/\/www.24baires.com\/?p=80671","url_meta":{"origin":58104,"position":4},"title":"Anunciaron que la CGT se unificar\u00e1 en agosto","author":"GB","date":"28\/03\/2016","format":false,"excerpt":"Las tres vertientes de la central sindical se reunieron esta tarde y decidieron que el anuncio formal de la reunificaci\u00f3n ser\u00e1 el 22 de agosto. En abril, en tanto, habr\u00e1 una marcha. Los titulares de las CGT, Azopardo y Azul y Blanca, Antonio Cal\u00f3, Hugo Moyano y Luis Barrionuevo, respectivamente,\u2026","rel":"","context":"En \u00abPol\u00edtica\u00bb","block_context":{"text":"Pol\u00edtica","link":"http:\/\/www.24baires.com\/?cat=51"},"img":{"alt_text":"reunion cgt","src":"https:\/\/i0.wp.com\/www.24baires.com\/wp-content\/uploads\/2016\/03\/reunion-cgt.jpg?resize=350%2C200","width":350,"height":200,"srcset":"https:\/\/i0.wp.com\/www.24baires.com\/wp-content\/uploads\/2016\/03\/reunion-cgt.jpg?resize=350%2C200 1x, https:\/\/i0.wp.com\/www.24baires.com\/wp-content\/uploads\/2016\/03\/reunion-cgt.jpg?resize=525%2C300 1.5x"},"classes":[]},{"id":102697,"url":"http:\/\/www.24baires.com\/?p=102697","url_meta":{"origin":58104,"position":5},"title":"La CTA y Camioneros confirmaron que parar\u00e1n el pr\u00f3ximo jueves","author":"AF","date":"12\/06\/2018","format":false,"excerpt":"Con el final de las negociaciones del Gobierno con la CGT, las dos CTA ratificaron la medida de fuerza convocada para este jueves, que confluir\u00e1 con un acto central en la Plaza de Mayo a las 16 horas. En paralelo al anuncio, y exhortaron a la CGT a convocar a\u2026","rel":"","context":"En \u00abSociedad\u00bb","block_context":{"text":"Sociedad","link":"http:\/\/www.24baires.com\/?cat=1"},"img":{"alt_text":"","src":"https:\/\/i0.wp.com\/www.24baires.com\/wp-content\/uploads\/2016\/11\/acto-cta.jpg?resize=350%2C200","width":350,"height":200,"srcset":"https:\/\/i0.wp.com\/www.24baires.com\/wp-content\/uploads\/2016\/11\/acto-cta.jpg?resize=350%2C200 1x, https:\/\/i0.wp.com\/www.24baires.com\/wp-content\/uploads\/2016\/11\/acto-cta.jpg?resize=525%2C300 1.5x"},"classes":[]}],"jetpack_sharing_enabled":true,"jetpack_likes_enabled":true,"jetpack_featured_media_url":"","_links":{"self":[{"href":"http:\/\/www.24baires.com\/index.php?rest_route=\/wp\/v2\/posts\/58104","targetHints":{"allow":["GET"]}}],"collection":[{"href":"http:\/\/www.24baires.com\/index.php?rest_route=\/wp\/v2\/posts"}],"about":[{"href":"http:\/\/www.24baires.com\/index.php?rest_route=\/wp\/v2\/types\/post"}],"author":[{"embeddable":true,"href":"http:\/\/www.24baires.com\/index.php?rest_route=\/wp\/v2\/users\/11"}],"replies":[{"embeddable":true,"href":"http:\/\/www.24baires.com\/index.php?rest_route=%2Fwp%2Fv2%2Fcomments&post=58104"}],"version-history":[{"count":1,"href":"http:\/\/www.24baires.com\/index.php?rest_route=\/wp\/v2\/posts\/58104\/revisions"}],"predecessor-version":[{"id":58105,"href":"http:\/\/www.24baires.com\/index.php?rest_route=\/wp\/v2\/posts\/58104\/revisions\/58105"}],"wp:attachment":[{"href":"http:\/\/www.24baires.com\/index.php?rest_route=%2Fwp%2Fv2%2Fmedia&parent=58104"}],"wp:term":[{"taxonomy":"category","embeddable":true,"href":"http:\/\/www.24baires.com\/index.php?rest_route=%2Fwp%2Fv2%2Fcategories&post=58104"},{"taxonomy":"post_tag","embeddable":true,"href":"http:\/\/www.24baires.com\/index.php?rest_route=%2Fwp%2Fv2%2Ftags&post=58104"}],"curies":[{"name":"wp","href":"https:\/\/api.w.org\/{rel}","templated":true}]}}