{"id":58067,"date":"2014-12-03T13:33:13","date_gmt":"2014-12-03T16:33:13","guid":{"rendered":"http:\/\/www.24baires.com\/?p=58067"},"modified":"2014-12-04T10:13:39","modified_gmt":"2014-12-04T13:13:39","slug":"la-magistratura-sanciono-a-bonadio-con-la-quita-del-30-de-su-salario","status":"publish","type":"post","link":"http:\/\/www.24baires.com\/?p=58067","title":{"rendered":"La Magistratura sancion\u00f3 a Bonadio con la quita del 30% de su salario"},"content":{"rendered":"<p><img data-recalc-dims=\"1\" loading=\"lazy\" decoding=\"async\" class=\"aligncenter size-full wp-image-57628\" src=\"https:\/\/i0.wp.com\/www.24baires.com\/wp-content\/uploads\/2014\/11\/bonadio.jpeg?resize=560%2C314\" alt=\"bonadio\" width=\"560\" height=\"314\" srcset=\"https:\/\/i0.wp.com\/www.24baires.com\/wp-content\/uploads\/2014\/11\/bonadio.jpeg?w=560 560w, https:\/\/i0.wp.com\/www.24baires.com\/wp-content\/uploads\/2014\/11\/bonadio.jpeg?resize=300%2C168 300w\" sizes=\"auto, (max-width: 560px) 100vw, 560px\" \/>Con el voto de 7 de 13 miembros, se le aplic\u00f3 un \u00abapercibimiento\u00bb por su accionar en dos causas durante los a\u00f1os \u201890: la estafa al Estado en la venta de acciones del astillero Tandanor y el fraude bancario de la curtiembre Yoma SA.<!--more--><\/p>\n<p>Los consejeros resolvieron multar al juez federal, sobre el que pesan diez denuncias por mal desempe\u00f1o, con una multa que representa un descuento del 30 por ciento de sus haberes.<\/p>\n<p>Luego de una reuni\u00f3n marat\u00f3nica de comisiones, que comenz\u00f3 a las 7.30 y concluy\u00f3 con un plenario este mediod\u00eda, los consejeros decidieron -por 7 votos a favor y 6 en contra- multar a Bonadio con un descuento del 30 por ciento de sus haberes, por \u00fanica vez.<\/p>\n<p>La sanci\u00f3n pedida por el representante del estamento acad\u00e9mico, Jorge Daniel Candis, pudo avanzar con el apoyo de los consejeros que representan al oficialismo, y con el voto definitorio de la presidenta del consejo, la jueza Gabriela Vazquez.<\/p>\n<p>&nbsp;<\/p>\n<p>&nbsp;<\/p>\n<p>&nbsp;<\/p>\n<p>&nbsp;<\/p>\n<p>&nbsp;<\/p>\n<p>&nbsp;<\/p>\n<p>&nbsp;<\/p>\n<p>&nbsp;<\/p>\n<p>&nbsp;<\/p>\n<p>&nbsp;<\/p>\n<p>&nbsp;<\/p>\n<p>&nbsp;<\/p>\n<p>&nbsp;<\/p>\n","protected":false},"excerpt":{"rendered":"<p>Con el voto de 7 de 13 miembros, se le aplic\u00f3 un \u00abapercibimiento\u00bb por su accionar en dos causas durante los a\u00f1os \u201890: la estafa al Estado en la venta de acciones del astillero Tandanor y el fraude bancario de la curtiembre Yoma SA.<\/p>\n","protected":false},"author":8,"featured_media":0,"comment_status":"open","ping_status":"open","sticky":false,"template":"","format":"standard","meta":{"_jetpack_newsletter_access":"","_jetpack_dont_email_post_to_subs":false,"_jetpack_newsletter_tier_id":0,"_jetpack_memberships_contains_paywalled_content":false,"_jetpack_memberships_contains_paid_content":false,"footnotes":""},"categories":[51],"tags":[],"class_list":["post-58067","post","type-post","status-publish","format-standard","hentry","category-politica"],"jetpack_shortlink":"https:\/\/wp.me\/p2JWE0-f6z","jetpack-related-posts":[{"id":101412,"url":"http:\/\/www.24baires.com\/?p=101412","url_meta":{"origin":58067,"position":0},"title":"Los docentes presentaron una cautelar para frenar los descuentos","author":"GB","date":"04\/04\/2018","format":false,"excerpt":"Vidal tiene decidido descontar los d\u00edas de paro de principios de marzo. Hoy, nueva reuni\u00f3n paritaria en Econom\u00eda. Mar\u00eda Eugenia Vidal ya tiene resuelto descontarle a los docentes la doble jornada de paro de principios de marzo. Los gremios presentaron una cautelar para frenar la medida oficial, que tens\u00f3 el\u2026","rel":"","context":"En \u00abProvincia\u00bb","block_context":{"text":"Provincia","link":"http:\/\/www.24baires.com\/?cat=40"},"img":{"alt_text":"","src":"https:\/\/i0.wp.com\/www.24baires.com\/wp-content\/uploads\/2014\/03\/aulas-vac%C3%ADas.jpg?resize=350%2C200","width":350,"height":200},"classes":[]},{"id":81487,"url":"http:\/\/www.24baires.com\/?p=81487","url_meta":{"origin":58067,"position":1},"title":"El pr\u00f3ximo jueves se sortear\u00e1 la denuncia de Cristina contra Bonad\u00edo","author":"AF","date":"15\/04\/2016","format":false,"excerpt":"La presidenta de la Comisi\u00f3n de Disciplina y Acusaci\u00f3n del Consejo, Adriana Donato, confirm\u00f3 que ese d\u00eda se sortear\u00e1 la denuncia presentada por la ex presidenta Cristina Fern\u00e1ndez contra el magistrado Claudio Bonadio. \"La denuncia se sortear\u00e1 seguramente el jueves\", dijo a T\u00e9lam la presidenta de la Comisi\u00f3n de Disciplina\u2026","rel":"","context":"En \u00abJUDICIALES\u00bb","block_context":{"text":"JUDICIALES","link":"http:\/\/www.24baires.com\/?cat=68"},"img":{"alt_text":"cristina la matanza","src":"https:\/\/i0.wp.com\/www.24baires.com\/wp-content\/uploads\/2015\/10\/cristina-la-matanza.jpg?resize=350%2C200","width":350,"height":200,"srcset":"https:\/\/i0.wp.com\/www.24baires.com\/wp-content\/uploads\/2015\/10\/cristina-la-matanza.jpg?resize=350%2C200 1x, https:\/\/i0.wp.com\/www.24baires.com\/wp-content\/uploads\/2015\/10\/cristina-la-matanza.jpg?resize=525%2C300 1.5x"},"classes":[]},{"id":107377,"url":"http:\/\/www.24baires.com\/?p=107377","url_meta":{"origin":58067,"position":2},"title":"Provincia impulsa un proyecto para penalizar el vandalismo en las escuelas","author":"GB","date":"26\/03\/2019","format":false,"excerpt":"Prev\u00e9 penas de arresto y multas para los atacantes y tambi\u00e9n castiga a los padres en caso de que los contraventores sean menores de edad. En lo que va de 2019 ya se registraron 117 casos. El gobierno de Mar\u00eda Eugenia Vidal presentar\u00e1 en las pr\u00f3ximas horas en la Legislatura\u2026","rel":"","context":"En \u00abProvincia\u00bb","block_context":{"text":"Provincia","link":"http:\/\/www.24baires.com\/?cat=40"},"img":{"alt_text":"","src":"https:\/\/i0.wp.com\/www.24baires.com\/wp-content\/uploads\/2017\/08\/escuela-la-plata.jpg?resize=350%2C200","width":350,"height":200,"srcset":"https:\/\/i0.wp.com\/www.24baires.com\/wp-content\/uploads\/2017\/08\/escuela-la-plata.jpg?resize=350%2C200 1x, https:\/\/i0.wp.com\/www.24baires.com\/wp-content\/uploads\/2017\/08\/escuela-la-plata.jpg?resize=525%2C300 1.5x"},"classes":[]},{"id":111520,"url":"http:\/\/www.24baires.com\/?p=111520","url_meta":{"origin":58067,"position":3},"title":"\u00bfQu\u00e9 pasa si no voto?","author":"AF","date":"08\/08\/2019","format":false,"excerpt":"Este domingo se celebrar\u00e1n las Primarias Abiertas Simult\u00e1neas y Obligatorias para definir los candidatos presidenciales de los comicios de octubre. La Constituci\u00f3n Nacional establece en su art\u00edculo 37 que \u201cel sufragio es universal, igual, secreto y obligatorio\u201d, pero \u00bfqu\u00e9 ocurre en caso de que una persona no concurra a las\u2026","rel":"","context":"En \u00abSociedad\u00bb","block_context":{"text":"Sociedad","link":"http:\/\/www.24baires.com\/?cat=1"},"img":{"alt_text":"","src":"https:\/\/i0.wp.com\/www.24baires.com\/wp-content\/uploads\/2013\/04\/amia-votan.jpg?resize=350%2C200","width":350,"height":200,"srcset":"https:\/\/i0.wp.com\/www.24baires.com\/wp-content\/uploads\/2013\/04\/amia-votan.jpg?resize=350%2C200 1x, https:\/\/i0.wp.com\/www.24baires.com\/wp-content\/uploads\/2013\/04\/amia-votan.jpg?resize=525%2C300 1.5x"},"classes":[]},{"id":106522,"url":"http:\/\/www.24baires.com\/?p=106522","url_meta":{"origin":58067,"position":4},"title":"Desde las 13, taxistas y remiseros paran en Mar del Plata","author":"GB","date":"24\/01\/2019","format":false,"excerpt":"La medida de fuerza ser\u00e1 hasta las 15. Reclaman que el Concejo Deliberante trate el proyecto que establece fuertes multas a los choferes de Uber. Tras el desembarco de Uber en Mar del Plata, los taxistas, remiseros y autos rurales anunciaron que este jueves paralizar\u00e1n el servicio durante dos horas\u2026","rel":"","context":"En \u00abMunicipios\u00bb","block_context":{"text":"Municipios","link":"http:\/\/www.24baires.com\/?cat=44"},"img":{"alt_text":"","src":"https:\/\/i0.wp.com\/www.24baires.com\/wp-content\/uploads\/2014\/03\/paro-de-taxis.jpg?resize=350%2C200","width":350,"height":200,"srcset":"https:\/\/i0.wp.com\/www.24baires.com\/wp-content\/uploads\/2014\/03\/paro-de-taxis.jpg?resize=350%2C200 1x, https:\/\/i0.wp.com\/www.24baires.com\/wp-content\/uploads\/2014\/03\/paro-de-taxis.jpg?resize=525%2C300 1.5x"},"classes":[]},{"id":116961,"url":"http:\/\/www.24baires.com\/?p=116961","url_meta":{"origin":58067,"position":5},"title":"Diputados transform\u00f3 en ley la nueva f\u00f3rmula de movilidad jubilatoria","author":"GB","date":"30\/12\/2020","format":false,"excerpt":"Con 132 votos a favor y 119 rechazos, se aprob\u00f3 el nuevo mecanismo para calcular los haberes previsionales. La C\u00e1mara de Diputados sancion\u00f3 la nueva f\u00f3rmula con la que se dar\u00e1 la movilidad de las jubilaciones y pensiones durante el 2021, con 132 votos a favor, en tanto que fueron\u2026","rel":"","context":"En \u00abPol\u00edtica\u00bb","block_context":{"text":"Pol\u00edtica","link":"http:\/\/www.24baires.com\/?cat=51"},"img":{"alt_text":"","src":"https:\/\/i0.wp.com\/www.24baires.com\/wp-content\/uploads\/2020\/05\/diputados-virtual.jpg?resize=350%2C200","width":350,"height":200,"srcset":"https:\/\/i0.wp.com\/www.24baires.com\/wp-content\/uploads\/2020\/05\/diputados-virtual.jpg?resize=350%2C200 1x, https:\/\/i0.wp.com\/www.24baires.com\/wp-content\/uploads\/2020\/05\/diputados-virtual.jpg?resize=525%2C300 1.5x"},"classes":[]}],"jetpack_sharing_enabled":true,"jetpack_likes_enabled":true,"jetpack_featured_media_url":"","_links":{"self":[{"href":"http:\/\/www.24baires.com\/index.php?rest_route=\/wp\/v2\/posts\/58067","targetHints":{"allow":["GET"]}}],"collection":[{"href":"http:\/\/www.24baires.com\/index.php?rest_route=\/wp\/v2\/posts"}],"about":[{"href":"http:\/\/www.24baires.com\/index.php?rest_route=\/wp\/v2\/types\/post"}],"author":[{"embeddable":true,"href":"http:\/\/www.24baires.com\/index.php?rest_route=\/wp\/v2\/users\/8"}],"replies":[{"embeddable":true,"href":"http:\/\/www.24baires.com\/index.php?rest_route=%2Fwp%2Fv2%2Fcomments&post=58067"}],"version-history":[{"count":1,"href":"http:\/\/www.24baires.com\/index.php?rest_route=\/wp\/v2\/posts\/58067\/revisions"}],"predecessor-version":[{"id":58068,"href":"http:\/\/www.24baires.com\/index.php?rest_route=\/wp\/v2\/posts\/58067\/revisions\/58068"}],"wp:attachment":[{"href":"http:\/\/www.24baires.com\/index.php?rest_route=%2Fwp%2Fv2%2Fmedia&parent=58067"}],"wp:term":[{"taxonomy":"category","embeddable":true,"href":"http:\/\/www.24baires.com\/index.php?rest_route=%2Fwp%2Fv2%2Fcategories&post=58067"},{"taxonomy":"post_tag","embeddable":true,"href":"http:\/\/www.24baires.com\/index.php?rest_route=%2Fwp%2Fv2%2Ftags&post=58067"}],"curies":[{"name":"wp","href":"https:\/\/api.w.org\/{rel}","templated":true}]}}