{"id":58011,"date":"2014-12-02T16:39:49","date_gmt":"2014-12-02T19:39:49","guid":{"rendered":"http:\/\/www.24baires.com\/?p=58011"},"modified":"2014-12-02T16:39:49","modified_gmt":"2014-12-02T19:39:49","slug":"denuncian-que-la-esposa-de-massa-despidio-a-un-empleado-que-portaba-hiv","status":"publish","type":"post","link":"http:\/\/www.24baires.com\/?p=58011","title":{"rendered":"Denuncian que la esposa de Massa despidi\u00f3 a un empleado que portaba HIV"},"content":{"rendered":"<p>Se desempe\u00f1\u00f3 durante cinco a\u00f1os en la cartera dirigida por Malena Galmarini y radic\u00f3 una denuncia en el Inadi exigiendo su reincorporaci\u00f3n tras ser despedido.<!--more--><\/p>\n<p>El empleado que mantiene en reserva su identidad por razones de seguridad, tiene 36 a\u00f1os y trabaj\u00f3 cinco a\u00f1os en la Secretar\u00eda de Pol\u00edticas Sanitarias, comandada por Malena Galmarini, pero fue despedido y present\u00f3 la denuncia en el Inadi reclamando su inmediata reincorporaci\u00f3n.<\/p>\n<p>La v\u00edctima acus\u00f3 a Galmarini y a la administraci\u00f3n massista por persecuci\u00f3n y discriminaci\u00f3n luego de que se enterara que contrajo el virus de HIV en 2013. \u00abTengo que tomar medicaci\u00f3n de por vida. Lo que m\u00e1s me importaba a m\u00ed era la obra social; ahora me ayudan desde el sindicato\u00bb, se\u00f1al\u00f3.<\/p>\n<p>\u00abMis defensas comenzaron a bajar, me empec\u00e9 a enfermar, y el director del \u00e1rea me dijo que no necesitaba una persona enferma, por lo cual me iban a trasladar\u00bb, relat\u00f3 el damnificado, que pas\u00f3 de cumplir tareas de oficina en la Secretar\u00eda de Pol\u00edticas Sanitarias a cargar cajas en un dep\u00f3sito del Hospital de Tigre. Al respecto, explic\u00f3: \u00abMe pusieron a hacer tareas de fuerza, que no eran acordes a lo que yo hac\u00eda. Tuve un problema en un hombro por eso.Era un lugar con desechos cloacales, ratas, cucarachas\u00bb. Ante sus quejas, precis\u00f3 que le contestaban: \u00ab?Si no te gusta, renunci\u00e1\u00bb.<\/p>\n<p>\u00abYo presentaba notas de los m\u00e9dicos que dec\u00edan que no pod\u00eda estar en ese lugar\u00bb, apunt\u00f3, pero no recibi\u00f3 respuesta.<\/p>\n<p>Ante esto, present\u00f3 una denuncia en el Inadi, acompa\u00f1ado por el secretario general del gremio municipal Horacio Benedetti, su adjunto H\u00e9ctor Paz y la abogada del sindicato Liliana Ramos. Sobre la presentaci\u00f3n, argument\u00f3: \u00abConsideramos que el factor fundamental, m\u00e1s all\u00e1 del disfraz legal de rescisi\u00f3n del contrato, es la discriminaci\u00f3n\u00bb. Por ello, iniciar\u00e1 un \u00abjuicio laboral por despido con discriminaci\u00f3n\u00bb, mientras que desde el Municipio adujeron que \u00abse le rescindi\u00f3 el contrato como a tantos otros, as\u00ed como se contrata gente cada a\u00f1o\u00bb.<\/p>\n<p>&nbsp;<\/p>\n<p>&nbsp;<\/p>\n<p>&nbsp;<\/p>\n<p>&nbsp;<\/p>\n<p>&nbsp;<\/p>\n<p>&nbsp;<\/p>\n<p>&nbsp;<\/p>\n<p>&nbsp;<\/p>\n<p>&nbsp;<\/p>\n<p>&nbsp;<\/p>\n<p>&nbsp;<\/p>\n<p>&nbsp;<\/p>\n<p>&nbsp;<\/p>\n","protected":false},"excerpt":{"rendered":"<p>Se desempe\u00f1\u00f3 durante cinco a\u00f1os en la cartera dirigida por Malena Galmarini y radic\u00f3 una denuncia en el Inadi exigiendo su reincorporaci\u00f3n tras ser despedido.<\/p>\n","protected":false},"author":8,"featured_media":0,"comment_status":"open","ping_status":"open","sticky":false,"template":"","format":"standard","meta":{"_jetpack_newsletter_access":"","_jetpack_dont_email_post_to_subs":false,"_jetpack_newsletter_tier_id":0,"_jetpack_memberships_contains_paywalled_content":false,"_jetpack_memberships_contains_paid_content":false,"footnotes":""},"categories":[51],"tags":[],"class_list":["post-58011","post","type-post","status-publish","format-standard","hentry","category-politica"],"jetpack_shortlink":"https:\/\/wp.me\/p2JWE0-f5F","jetpack-related-posts":[{"id":29613,"url":"http:\/\/www.24baires.com\/?p=29613","url_meta":{"origin":58011,"position":0},"title":"La esposa de Massa confirm\u00f3 que la pareja del prefecto detenida es su empleada dom\u00e9stica","author":"AF","date":"06\/08\/2013","format":false,"excerpt":"Malena Galmarini, esposa del l\u00edder del Frente Renovador, Sergio Massa, confirm\u00f3 la relaci\u00f3n de su empleada dom\u00e9stica con el presunto asaltante de su domicilio, el prefecto Alcides Gorgonio D\u00edaz. Galmarini a su vez, tambi\u00e9n inform\u00f3 que el propio Massa le pidi\u00f3 a la empleada que se ausentara del domicilio hasta\u2026","rel":"","context":"En \u00abPoliciales\u00bb","block_context":{"text":"Policiales","link":"http:\/\/www.24baires.com\/?cat=49"},"img":{"alt_text":"","src":"https:\/\/i0.wp.com\/www.24baires.com\/wp-content\/uploads\/2013\/08\/massa-robo.jpg?resize=350%2C200","width":350,"height":200,"srcset":"https:\/\/i0.wp.com\/www.24baires.com\/wp-content\/uploads\/2013\/08\/massa-robo.jpg?resize=350%2C200 1x, https:\/\/i0.wp.com\/www.24baires.com\/wp-content\/uploads\/2013\/08\/massa-robo.jpg?resize=525%2C300 1.5x"},"classes":[]},{"id":67040,"url":"http:\/\/www.24baires.com\/?p=67040","url_meta":{"origin":58011,"position":1},"title":"Malena Galmarini volvi\u00f3 a hablar de una posible alianza con el PRO","author":"AF","date":"04\/06\/2015","format":false,"excerpt":"La funcionaria de Tigre y esposa del precandidato presidencial Sergio Massa, Malena Galmarini, tampoco neg\u00f3 que su marido desista de su postulaci\u00f3n. \u201cNosotros no descartamos nunca nada, porque el Frente Renovador naci\u00f3 como un espacio plural y es una caracter\u00edstica de Sergio, su modo de hacer pol\u00edtica\u201d, asever\u00f3 en declaraciones\u2026","rel":"","context":"En \u00abElecciones 2015\u00bb","block_context":{"text":"Elecciones 2015","link":"http:\/\/www.24baires.com\/?cat=74"},"img":{"alt_text":"","src":"https:\/\/i0.wp.com\/www.24baires.com\/wp-content\/uploads\/2015\/06\/malena-galmarini-sergio-massa.jpg?resize=350%2C200","width":350,"height":200,"srcset":"https:\/\/i0.wp.com\/www.24baires.com\/wp-content\/uploads\/2015\/06\/malena-galmarini-sergio-massa.jpg?resize=350%2C200 1x, https:\/\/i0.wp.com\/www.24baires.com\/wp-content\/uploads\/2015\/06\/malena-galmarini-sergio-massa.jpg?resize=525%2C300 1.5x"},"classes":[]},{"id":65431,"url":"http:\/\/www.24baires.com\/?p=65431","url_meta":{"origin":58011,"position":2},"title":"Malena Galmarini, segura: \u00abEn segunda vuelta, votar\u00eda a Macri\u00bb","author":"AF","date":"06\/05\/2015","format":false,"excerpt":"Malena Galmarini se refiri\u00f3 a lo que ser\u00eda un escenario de segunda vuelta sin la participaci\u00f3n de su esposo y asegur\u00f3 que entre Daniel Scioli y Mauricio Macri, votar\u00eda al l\u00edder del PRO. En declaraciones televisivas, Galmarini asegur\u00f3 que \u201cDaniel Scioli es m\u00e1s da\u00f1ino que Mauricio Macri\u201d e \u201cincluso puede\u2026","rel":"","context":"En \u00abElecciones 2015\u00bb","block_context":{"text":"Elecciones 2015","link":"http:\/\/www.24baires.com\/?cat=74"},"img":{"alt_text":"massa y malena","src":"https:\/\/i0.wp.com\/www.24baires.com\/wp-content\/uploads\/2013\/08\/massa-y-malena.jpg?resize=350%2C200","width":350,"height":200,"srcset":"https:\/\/i0.wp.com\/www.24baires.com\/wp-content\/uploads\/2013\/08\/massa-y-malena.jpg?resize=350%2C200 1x, https:\/\/i0.wp.com\/www.24baires.com\/wp-content\/uploads\/2013\/08\/massa-y-malena.jpg?resize=525%2C300 1.5x"},"classes":[]},{"id":58692,"url":"http:\/\/www.24baires.com\/?p=58692","url_meta":{"origin":58011,"position":3},"title":"La mujer de Massa se aleja de la pol\u00edtica y se va \u00bfal bailando?","author":"Grupo Sierra","date":"15\/12\/2014","format":false,"excerpt":"El conductor televisivo Marcelo Tinelli invit\u00f3 a Malena Galmarini a sumarse al concurso de baile. La participaci\u00f3n de Marcelo Tinelli en a\u00f1os electorales es algo archisabido. Pero nadie se imagin\u00f3 que se animase a proponerle a la esposa de uno de los precandidatos presidenciales a que se sume a su\u2026","rel":"","context":"En \u00abPol\u00edtica\u00bb","block_context":{"text":"Pol\u00edtica","link":"http:\/\/www.24baires.com\/?cat=51"},"img":{"alt_text":"massa y malena","src":"https:\/\/i0.wp.com\/www.24baires.com\/wp-content\/uploads\/2013\/08\/massa-y-malena.jpg?resize=350%2C200","width":350,"height":200,"srcset":"https:\/\/i0.wp.com\/www.24baires.com\/wp-content\/uploads\/2013\/08\/massa-y-malena.jpg?resize=350%2C200 1x, https:\/\/i0.wp.com\/www.24baires.com\/wp-content\/uploads\/2013\/08\/massa-y-malena.jpg?resize=525%2C300 1.5x"},"classes":[]},{"id":115109,"url":"http:\/\/www.24baires.com\/?p=115109","url_meta":{"origin":58011,"position":4},"title":"Malena Galmarini inaugur\u00f3 una red de agua que beneficia a 12 mil personas en Tigre","author":"GB","date":"22\/05\/2020","format":false,"excerpt":"La titular de AySA visit\u00f3 la localidad de Benavidez y dijo que \"el Estado tiene que ser fuerte y estar cerca de los vecinos\". La presidenta de AySA, Malena Galmarini, visit\u00f3 la localidad de Benavidez en el partido de Tigre y realiz\u00f3 la apertura de canillas para dar agua a\u2026","rel":"","context":"En \u00abMunicipios\u00bb","block_context":{"text":"Municipios","link":"http:\/\/www.24baires.com\/?cat=44"},"img":{"alt_text":"","src":"https:\/\/i0.wp.com\/www.24baires.com\/wp-content\/uploads\/2020\/05\/galmarini-inauguracion.jpg?resize=350%2C200","width":350,"height":200,"srcset":"https:\/\/i0.wp.com\/www.24baires.com\/wp-content\/uploads\/2020\/05\/galmarini-inauguracion.jpg?resize=350%2C200 1x, https:\/\/i0.wp.com\/www.24baires.com\/wp-content\/uploads\/2020\/05\/galmarini-inauguracion.jpg?resize=525%2C300 1.5x"},"classes":[]},{"id":48457,"url":"http:\/\/www.24baires.com\/?p=48457","url_meta":{"origin":58011,"position":5},"title":"Denuncian que intendente de Tigre impidi\u00f3 a funcionario tomar juramento a la bandera","author":"AF","date":"21\/06\/2014","format":false,"excerpt":"Desde la Direcci\u00f3n General de Cultura y Educaci\u00f3n bonaerense denunciaron que autoridades del municipio de Tigre impidieron que funcionario de esa cartera provincial tomara el juramento a la bandera a estudiantes de primaria. Seg\u00fan indicaron desde esa direcci\u00f3n bonaerense el intendente de Tigre, Julio Zamora, y la secretaria de Pol\u00edtica\u2026","rel":"","context":"En \u00abLocales\u00bb","block_context":{"text":"Locales","link":"http:\/\/www.24baires.com\/?cat=38"},"img":{"alt_text":"","src":"","width":0,"height":0},"classes":[]}],"jetpack_sharing_enabled":true,"jetpack_likes_enabled":true,"jetpack_featured_media_url":"","_links":{"self":[{"href":"http:\/\/www.24baires.com\/index.php?rest_route=\/wp\/v2\/posts\/58011","targetHints":{"allow":["GET"]}}],"collection":[{"href":"http:\/\/www.24baires.com\/index.php?rest_route=\/wp\/v2\/posts"}],"about":[{"href":"http:\/\/www.24baires.com\/index.php?rest_route=\/wp\/v2\/types\/post"}],"author":[{"embeddable":true,"href":"http:\/\/www.24baires.com\/index.php?rest_route=\/wp\/v2\/users\/8"}],"replies":[{"embeddable":true,"href":"http:\/\/www.24baires.com\/index.php?rest_route=%2Fwp%2Fv2%2Fcomments&post=58011"}],"version-history":[{"count":1,"href":"http:\/\/www.24baires.com\/index.php?rest_route=\/wp\/v2\/posts\/58011\/revisions"}],"predecessor-version":[{"id":58012,"href":"http:\/\/www.24baires.com\/index.php?rest_route=\/wp\/v2\/posts\/58011\/revisions\/58012"}],"wp:attachment":[{"href":"http:\/\/www.24baires.com\/index.php?rest_route=%2Fwp%2Fv2%2Fmedia&parent=58011"}],"wp:term":[{"taxonomy":"category","embeddable":true,"href":"http:\/\/www.24baires.com\/index.php?rest_route=%2Fwp%2Fv2%2Fcategories&post=58011"},{"taxonomy":"post_tag","embeddable":true,"href":"http:\/\/www.24baires.com\/index.php?rest_route=%2Fwp%2Fv2%2Ftags&post=58011"}],"curies":[{"name":"wp","href":"https:\/\/api.w.org\/{rel}","templated":true}]}}