{"id":57979,"date":"2014-12-02T10:00:10","date_gmt":"2014-12-02T13:00:10","guid":{"rendered":"http:\/\/www.24baires.com\/?p=57979"},"modified":"2014-12-02T18:03:23","modified_gmt":"2014-12-02T21:03:23","slug":"capitanich-se-dicen-adalides-de-la-etica-pero-promueven-la-fuga-de-capitales","status":"publish","type":"post","link":"http:\/\/www.24baires.com\/?p=57979","title":{"rendered":"Capitanich: \u00abSe dicen adalides de la \u00e9tica pero promueven la fuga de capitales\u201d"},"content":{"rendered":"<p><img data-recalc-dims=\"1\" loading=\"lazy\" decoding=\"async\" class=\"aligncenter size-full wp-image-53421\" src=\"https:\/\/i0.wp.com\/www.24baires.com\/wp-content\/uploads\/2014\/09\/capitanich-4.jpg?resize=560%2C313\" alt=\"capitanich 4\" width=\"560\" height=\"313\" srcset=\"https:\/\/i0.wp.com\/www.24baires.com\/wp-content\/uploads\/2014\/09\/capitanich-4.jpg?w=560 560w, https:\/\/i0.wp.com\/www.24baires.com\/wp-content\/uploads\/2014\/09\/capitanich-4.jpg?resize=300%2C167 300w\" sizes=\"auto, (max-width: 560px) 100vw, 560px\" \/>El jefe de Gabinete, Jorge Capitanich, pidi\u00f3 hoy \u201cterminar con la doble moral\u201d de aquellos que \u00abcritican\u201d al Gobierno y luego \u201cocultan su dinero\u201d en cuentas en el exterior.<!--more--><\/p>\n<p>\u201cHay que terminar con la doble moral, el doble est\u00e1ndar de aquellos que critican al Gobierno y luego ocultan su dinero en cuentas en el exterior. Se dicen adalides de la \u00e9tica pero promueven mecanismos de fuga de capitales\u201d, dijo Capitanich en su habitual conferencia de prensa matutina, que hoy tuvo lugar en un Centro de Distribuci\u00f3n de Vacunas del Ministerio de Salud de la Naci\u00f3n.<\/p>\n<p>Acompa\u00f1ado del titular de la cartera sanitaria, Juan Manzur, el jefe de ministros record\u00f3 que \u201cla AFIP increment\u00f3 su recaudaci\u00f3n en un 38,4%\u201d, pero advirti\u00f3 que \u201cla evasi\u00f3n se estima en 3.000 millones de d\u00f3lares\u201d (62.000 miillones de pesos con capitalizaci\u00f3n), lo que impide al Estado percibir impuestos sobre estos capitales para su posterior \u201credistribuci\u00f3n\u201d, por ejemplo, \u201cen m\u00e1s vacunas\u201d.<\/p>\n<p>\u201cNos parece muy importante remarcar que es imprescindible investigar y garantizar el combate a la evasi\u00f3n fiscal. Es absolutamente imprescindible hacerlo\u201d, consign\u00f3 el funcionario.<\/p>\n<p>El oficialismo impulsa en el Congreso la creaci\u00f3n de una comisi\u00f3n especial para profundizar la investigaci\u00f3n sobre la fuga de capitales y constituci\u00f3n de cuentas no declaradas en el exterior.<\/p>\n<p>La AFIP denunci\u00f3 la semana pasada a contribuyentes que abrieron 4.040 cuentas bancarias omitiendo declararlas ante el ente recaudador.<\/p>\n<p>En el organismo tributario sostienen que la maniobra se habr\u00eda concretado a trav\u00e9s de una serie de plataformas montadas por la sucursal Ginebra del banco HSBC, con el fin de facilitar la evasi\u00f3n en el pago de impuestos por al menos 3.000 millones de d\u00f3lares.<\/p>\n","protected":false},"excerpt":{"rendered":"<p>El jefe de Gabinete, Jorge Capitanich, pidi\u00f3 hoy \u201cterminar con la doble moral\u201d de aquellos que \u00abcritican\u201d al Gobierno y luego \u201cocultan su dinero\u201d en cuentas en el exterior.<\/p>\n","protected":false},"author":4,"featured_media":0,"comment_status":"open","ping_status":"open","sticky":false,"template":"","format":"standard","meta":{"_jetpack_newsletter_access":"","_jetpack_dont_email_post_to_subs":false,"_jetpack_newsletter_tier_id":0,"_jetpack_memberships_contains_paywalled_content":false,"_jetpack_memberships_contains_paid_content":false,"footnotes":""},"categories":[51],"tags":[],"class_list":["post-57979","post","type-post","status-publish","format-standard","hentry","category-politica"],"jetpack_shortlink":"https:\/\/wp.me\/p2JWE0-f59","jetpack-related-posts":[{"id":50703,"url":"http:\/\/www.24baires.com\/?p=50703","url_meta":{"origin":57979,"position":0},"title":"Contundente rechazo a las declaraciones de Etchevehere","author":"Grupo Sierra","date":"28\/07\/2014","format":false,"excerpt":"Funcionarios, intendentes y empresarios acusaron al titular de la Sociedad Rural Argentina de \u201cpensar en un pa\u00eds para una elite\" y de encabezar una entidad c\u00f3mplice de los cr\u00edmenes de lesa humanidad de la \u00faltima dictadura c\u00edvico militar. El jefe de Gabinete, Jorge Capitanich, acus\u00f3 hoy a la SRA de\u2026","rel":"","context":"En \u00abPol\u00edtica\u00bb","block_context":{"text":"Pol\u00edtica","link":"http:\/\/www.24baires.com\/?cat=51"},"img":{"alt_text":"Luis Etchevehere","src":"https:\/\/i0.wp.com\/www.24baires.com\/wp-content\/uploads\/2014\/05\/Luis-Etchevehere.jpg?resize=350%2C200","width":350,"height":200,"srcset":"https:\/\/i0.wp.com\/www.24baires.com\/wp-content\/uploads\/2014\/05\/Luis-Etchevehere.jpg?resize=350%2C200 1x, https:\/\/i0.wp.com\/www.24baires.com\/wp-content\/uploads\/2014\/05\/Luis-Etchevehere.jpg?resize=525%2C300 1.5x"},"classes":[]},{"id":61526,"url":"http:\/\/www.24baires.com\/?p=61526","url_meta":{"origin":57979,"position":1},"title":"Capitanich: \u00abEl gran problema end\u00e9mico en Argentina es la fuga de capitales y la evasi\u00f3n\u00bb","author":"AF","date":"10\/02\/2015","format":false,"excerpt":"El jefe de Gabinete volvi\u00f3 a reclamar a la Justicia avanzar en la causa que investiga las m\u00e1s de 4.000 cuentas no declaradas de argentinos en la sucursal de Suiza del banco HSBC. El jefe de Gabinete, Jorge Capitanich, afirm\u00f3 hoy que \"el gran problema end\u00e9mico\" de la Argentina \"es\u2026","rel":"","context":"En \u00abPol\u00edtica\u00bb","block_context":{"text":"Pol\u00edtica","link":"http:\/\/www.24baires.com\/?cat=51"},"img":{"alt_text":"capitanich 4","src":"https:\/\/i0.wp.com\/www.24baires.com\/wp-content\/uploads\/2014\/09\/capitanich-4.jpg?resize=350%2C200","width":350,"height":200,"srcset":"https:\/\/i0.wp.com\/www.24baires.com\/wp-content\/uploads\/2014\/09\/capitanich-4.jpg?resize=350%2C200 1x, https:\/\/i0.wp.com\/www.24baires.com\/wp-content\/uploads\/2014\/09\/capitanich-4.jpg?resize=525%2C300 1.5x"},"classes":[]},{"id":61457,"url":"http:\/\/www.24baires.com\/?p=61457","url_meta":{"origin":57979,"position":2},"title":"Capitanich cuestiona a la Justicia por no avanzar en la causa por las cuentas no declaradas","author":"AF","date":"09\/02\/2015","format":false,"excerpt":"El jefe de Gabinete, Jorge Capitanich, reclam\u00f3 hoy que se avance en la investigaci\u00f3n de las m\u00e1s de 4.000 cuentas de argentinos en el banco HSBC en el pa\u00eds europeo. El jefe de Gabinete, Jorge Capitanich, reclam\u00f3 hoy a la Justicia avanzar en la causa que investiga las m\u00e1s de\u2026","rel":"","context":"En \u00abEconom\u00eda\u00bb","block_context":{"text":"Econom\u00eda","link":"http:\/\/www.24baires.com\/?cat=45"},"img":{"alt_text":"capitanich","src":"https:\/\/i0.wp.com\/www.24baires.com\/wp-content\/uploads\/2014\/09\/capitanich1.jpg?resize=350%2C200","width":350,"height":200,"srcset":"https:\/\/i0.wp.com\/www.24baires.com\/wp-content\/uploads\/2014\/09\/capitanich1.jpg?resize=350%2C200 1x, https:\/\/i0.wp.com\/www.24baires.com\/wp-content\/uploads\/2014\/09\/capitanich1.jpg?resize=525%2C300 1.5x"},"classes":[]},{"id":115668,"url":"http:\/\/www.24baires.com\/?p=115668","url_meta":{"origin":57979,"position":3},"title":"El Gobierno anunci\u00f3 el comienzo de la nueva fase","author":"AF","date":"17\/07\/2020","format":false,"excerpt":"Alberto Fern\u00e1ndez realiz\u00f3 una conferencia de prensa, junto a los mandatarios provinciales de Jujuy, Chaco, R\u00edo Negro, Buenos Aires y el jefe de gobierno porte\u00f1o. El presidente Alberto Fern\u00e1ndez comenz\u00f3 su discurso con la afirmaci\u00f3n de que \"la pandemia sigue presente, sigue atacando y sigue enfermando y llev\u00e1ndose vidas\", adem\u00e1s\u2026","rel":"","context":"En \u00abSociedad\u00bb","block_context":{"text":"Sociedad","link":"http:\/\/www.24baires.com\/?cat=1"},"img":{"alt_text":"","src":"https:\/\/i0.wp.com\/www.24baires.com\/wp-content\/uploads\/2020\/07\/larreta-fern%C3%A1ndez-kicillof.jpg?resize=350%2C200","width":350,"height":200,"srcset":"https:\/\/i0.wp.com\/www.24baires.com\/wp-content\/uploads\/2020\/07\/larreta-fern%C3%A1ndez-kicillof.jpg?resize=350%2C200 1x, https:\/\/i0.wp.com\/www.24baires.com\/wp-content\/uploads\/2020\/07\/larreta-fern%C3%A1ndez-kicillof.jpg?resize=525%2C300 1.5x"},"classes":[]},{"id":116123,"url":"http:\/\/www.24baires.com\/?p=116123","url_meta":{"origin":57979,"position":4},"title":"\u00abLa Argentina central que tiene periferias no se puede tolerar m\u00e1s\u00bb","author":"AF","date":"01\/09\/2020","format":false,"excerpt":"El Presidente encabez\u00f3 la firma de convenios con el gobernador de Chaco, Jorge Capitanich. En ese marco, defendi\u00f3 el acceso a la conectividad y al conocimiento en todo el pa\u00eds. El presidente Alberto Fern\u00e1ndez reafirm\u00f3 que \"la Argentina central, que tiene dos periferias, al norte y a sur del pa\u00eds,\u2026","rel":"","context":"En \u00abPol\u00edtica\u00bb","block_context":{"text":"Pol\u00edtica","link":"http:\/\/www.24baires.com\/?cat=51"},"img":{"alt_text":"","src":"https:\/\/i0.wp.com\/www.24baires.com\/wp-content\/uploads\/2020\/09\/fern%C3%A1ndez-capitanich.jpg?resize=350%2C200","width":350,"height":200,"srcset":"https:\/\/i0.wp.com\/www.24baires.com\/wp-content\/uploads\/2020\/09\/fern%C3%A1ndez-capitanich.jpg?resize=350%2C200 1x, https:\/\/i0.wp.com\/www.24baires.com\/wp-content\/uploads\/2020\/09\/fern%C3%A1ndez-capitanich.jpg?resize=525%2C300 1.5x"},"classes":[]},{"id":59738,"url":"http:\/\/www.24baires.com\/?p=59738","url_meta":{"origin":57979,"position":5},"title":"\u00abHay una clara estrategia de ocultamiento\u00bb en los medios sobre la denuncia al HSBC","author":"AF","date":"08\/01\/2015","format":false,"excerpt":"Lo dijo hoy el jefe de Gabinete, Jorge Capitanich, en relaci\u00f3n a la denuncia sobre evasi\u00f3n de divisas y lavado de dinero por parte de ese banco, cuya sede central en el microcentro porte\u00f1o fue ayer allanada por orden judicial. Durante su habitual conferencia de prensa en Casa Rosada, Capitanich\u2026","rel":"","context":"En \u00abMedios\u00bb","block_context":{"text":"Medios","link":"http:\/\/www.24baires.com\/?cat=54"},"img":{"alt_text":"capitanich","src":"https:\/\/i0.wp.com\/www.24baires.com\/wp-content\/uploads\/2014\/09\/capitanich1.jpg?resize=350%2C200","width":350,"height":200,"srcset":"https:\/\/i0.wp.com\/www.24baires.com\/wp-content\/uploads\/2014\/09\/capitanich1.jpg?resize=350%2C200 1x, https:\/\/i0.wp.com\/www.24baires.com\/wp-content\/uploads\/2014\/09\/capitanich1.jpg?resize=525%2C300 1.5x"},"classes":[]}],"jetpack_sharing_enabled":true,"jetpack_likes_enabled":true,"jetpack_featured_media_url":"","_links":{"self":[{"href":"http:\/\/www.24baires.com\/index.php?rest_route=\/wp\/v2\/posts\/57979","targetHints":{"allow":["GET"]}}],"collection":[{"href":"http:\/\/www.24baires.com\/index.php?rest_route=\/wp\/v2\/posts"}],"about":[{"href":"http:\/\/www.24baires.com\/index.php?rest_route=\/wp\/v2\/types\/post"}],"author":[{"embeddable":true,"href":"http:\/\/www.24baires.com\/index.php?rest_route=\/wp\/v2\/users\/4"}],"replies":[{"embeddable":true,"href":"http:\/\/www.24baires.com\/index.php?rest_route=%2Fwp%2Fv2%2Fcomments&post=57979"}],"version-history":[{"count":1,"href":"http:\/\/www.24baires.com\/index.php?rest_route=\/wp\/v2\/posts\/57979\/revisions"}],"predecessor-version":[{"id":57980,"href":"http:\/\/www.24baires.com\/index.php?rest_route=\/wp\/v2\/posts\/57979\/revisions\/57980"}],"wp:attachment":[{"href":"http:\/\/www.24baires.com\/index.php?rest_route=%2Fwp%2Fv2%2Fmedia&parent=57979"}],"wp:term":[{"taxonomy":"category","embeddable":true,"href":"http:\/\/www.24baires.com\/index.php?rest_route=%2Fwp%2Fv2%2Fcategories&post=57979"},{"taxonomy":"post_tag","embeddable":true,"href":"http:\/\/www.24baires.com\/index.php?rest_route=%2Fwp%2Fv2%2Ftags&post=57979"}],"curies":[{"name":"wp","href":"https:\/\/api.w.org\/{rel}","templated":true}]}}