{"id":57977,"date":"2014-12-01T21:30:16","date_gmt":"2014-12-02T00:30:16","guid":{"rendered":"http:\/\/www.24baires.com\/?p=57977"},"modified":"2014-12-01T22:21:37","modified_gmt":"2014-12-02T01:21:37","slug":"de-narvaez-reconocio-un-fracaso-de-la-oposicion","status":"publish","type":"post","link":"http:\/\/www.24baires.com\/?p=57977","title":{"rendered":"De Narv\u00e1ez reconoci\u00f3 un \u00abfracaso de la oposici\u00f3n\u00bb"},"content":{"rendered":"<p><img data-recalc-dims=\"1\" loading=\"lazy\" decoding=\"async\" class=\"aligncenter size-full wp-image-23446\" src=\"https:\/\/i0.wp.com\/www.24baires.com\/wp-content\/uploads\/2013\/05\/de-narv%C3%A1ez2.jpg?resize=560%2C387\" alt=\"de narv\u00e1ez2\" width=\"560\" height=\"387\" srcset=\"https:\/\/i0.wp.com\/www.24baires.com\/wp-content\/uploads\/2013\/05\/de-narv%C3%A1ez2.jpg?w=560 560w, https:\/\/i0.wp.com\/www.24baires.com\/wp-content\/uploads\/2013\/05\/de-narv%C3%A1ez2.jpg?resize=300%2C207 300w\" sizes=\"auto, (max-width: 560px) 100vw, 560px\" \/>El diputado de Uni\u00f3n Celeste y Blanco Francisco De Narv\u00e1ez advirti\u00f3 sobre la \u00abfragmentaci\u00f3n\u00bb opositora y pidi\u00f3 \u00abacordar sobre cinco o seis cuestiones\u00bb sin \u00abhacer un rejunte electoral\u00bb. <!--more--><\/p>\n<p>\u00abLa oposici\u00f3n est\u00e1 dividida y el \u00e9xito del kirchnerismo tiene que ver con nuestro fracaso y fragmentaci\u00f3n. Hay que acordar sobre cinco o seis cuestiones y unificar un programa de gobierno, no hacer un rejunte electoral para ganar una elecci\u00f3n\u00bb, enfatiz\u00f3 De Narv\u00e1ez.<\/p>\n<p>El legislador consider\u00f3 que la presidenta Cristina Kirchner y la agrupaci\u00f3n La C\u00e1mpora \u00abhan decidido quedarse en el poder\u00bb y consider\u00f3 que buscar\u00e1n hacerlo con \u00abel miedo y la plata\u00bb.<\/p>\n<p>En declaraciones radiales, afirm\u00f3 que el rumbo que propone el Frente para la Victoria \u00abes totalmente contrario\u00bb al que \u00abla mayor\u00eda de los argentinos\u00bb busca.<\/p>\n<p>\u00abMuchos no desean seguir viviendo as\u00ed y esperan una alternativa, acciones concretas\u00bb, dijo.<\/p>\n<p>Consider\u00f3 que se necesitan \u00abpol\u00edticas para garantizar la seguridad de las personas, bajar la inflaci\u00f3n, generar un \u00fanico y eficiente programa social para que no haya asistencialismo, recuperar la escuela p\u00fablica\u00bb.<\/p>\n<p>&nbsp;<\/p>\n<p>&nbsp;<\/p>\n","protected":false},"excerpt":{"rendered":"<p>El diputado de Uni\u00f3n Celeste y Blanco Francisco De Narv\u00e1ez advirti\u00f3 sobre la \u00abfragmentaci\u00f3n\u00bb opositora y pidi\u00f3 \u00abacordar sobre cinco o seis cuestiones\u00bb sin \u00abhacer un rejunte electoral\u00bb.<\/p>\n","protected":false},"author":11,"featured_media":0,"comment_status":"open","ping_status":"open","sticky":false,"template":"","format":"standard","meta":{"_jetpack_newsletter_access":"","_jetpack_dont_email_post_to_subs":false,"_jetpack_newsletter_tier_id":0,"_jetpack_memberships_contains_paywalled_content":false,"_jetpack_memberships_contains_paid_content":false,"footnotes":""},"categories":[51],"tags":[],"class_list":["post-57977","post","type-post","status-publish","format-standard","hentry","category-politica"],"jetpack_shortlink":"https:\/\/wp.me\/p2JWE0-f57","jetpack-related-posts":[{"id":57920,"url":"http:\/\/www.24baires.com\/?p=57920","url_meta":{"origin":57977,"position":0},"title":"De Narv\u00e1ez dice que si lo opositores no se unen \u00abel FpV seguir\u00e1 gobernando el pa\u00eds\u00bb","author":"GB","date":"30\/11\/2014","format":false,"excerpt":"El diputado nacional Francisco de Narv\u00e1ez advirti\u00f3 que, si los opositores no se unen de cara a las elecciones presidenciales de 2015, \"el Frente para la Victoria seguir\u00e1 gobernando\", aunque admiti\u00f3 que la posibilidad de un frente con varios partidos era \"poco probable\". De Narv\u00e1ez, quien intentar\u00e1 disputar por la\u2026","rel":"","context":"En \u00abElecciones 2015\u00bb","block_context":{"text":"Elecciones 2015","link":"http:\/\/www.24baires.com\/?cat=74"},"img":{"alt_text":"de narv\u00e1ez2","src":"https:\/\/i0.wp.com\/www.24baires.com\/wp-content\/uploads\/2013\/05\/de-narv%C3%A1ez2.jpg?resize=350%2C200","width":350,"height":200,"srcset":"https:\/\/i0.wp.com\/www.24baires.com\/wp-content\/uploads\/2013\/05\/de-narv%C3%A1ez2.jpg?resize=350%2C200 1x, https:\/\/i0.wp.com\/www.24baires.com\/wp-content\/uploads\/2013\/05\/de-narv%C3%A1ez2.jpg?resize=525%2C300 1.5x"},"classes":[]},{"id":32445,"url":"http:\/\/www.24baires.com\/?p=32445","url_meta":{"origin":57977,"position":1},"title":"H\u00e9ctor Recalde: el espacio de Massa es un \u201cFrente Rejuntador\u201d","author":"AF","date":"25\/09\/2013","format":false,"excerpt":"El diputado nacional del FpV se dirigi\u00f3 hoy al espacio pol\u00edtico que encabeza el intendente de Tigre, y lo denomin\u00f3 \u201cFrente Rejuntador\u201d porque seg\u00fan \u00e9l, su armado pol\u00edtico comprende \u201cla suma del Pro, la UIA y el PJ disidente\". \"En el Frente Rejuntador se encuentran los responsables de la flexibilizaci\u00f3n\u2026","rel":"","context":"En \u00abPol\u00edtica\u00bb","block_context":{"text":"Pol\u00edtica","link":"http:\/\/www.24baires.com\/?cat=51"},"img":{"alt_text":"massa","src":"https:\/\/i0.wp.com\/www.24baires.com\/wp-content\/uploads\/2013\/08\/massa.png?resize=350%2C200","width":350,"height":200,"srcset":"https:\/\/i0.wp.com\/www.24baires.com\/wp-content\/uploads\/2013\/08\/massa.png?resize=350%2C200 1x, https:\/\/i0.wp.com\/www.24baires.com\/wp-content\/uploads\/2013\/08\/massa.png?resize=525%2C300 1.5x"},"classes":[]},{"id":25618,"url":"http:\/\/www.24baires.com\/?p=25618","url_meta":{"origin":57977,"position":2},"title":"Contin\u00faan en la Provincia los cruces ideol\u00f3gicos en las alianzas opositoras","author":"AF","date":"11\/06\/2013","format":false,"excerpt":"Margarita Stolbizer, del GEN, dijo que no comparte las declaraciones de Pino Solanas y considera que en la provincia el acuerdo no deber\u00eda terminar en octubre. Por su parte, Adri\u00e1n P\u00e9rez (CC-ARI) denunci\u00f3 que el radicalismo no quiere ceder lugar en las listas. A un d\u00eda del cierre de las\u2026","rel":"","context":"En \u00abPol\u00edtica\u00bb","block_context":{"text":"Pol\u00edtica","link":"http:\/\/www.24baires.com\/?cat=51"},"img":{"alt_text":"margarita ricardito","src":"https:\/\/i0.wp.com\/www.24baires.com\/wp-content\/uploads\/2013\/06\/margarita-ricardito.jpg?resize=350%2C200","width":350,"height":200,"srcset":"https:\/\/i0.wp.com\/www.24baires.com\/wp-content\/uploads\/2013\/06\/margarita-ricardito.jpg?resize=350%2C200 1x, https:\/\/i0.wp.com\/www.24baires.com\/wp-content\/uploads\/2013\/06\/margarita-ricardito.jpg?resize=525%2C300 1.5x"},"classes":[]},{"id":36044,"url":"http:\/\/www.24baires.com\/?p=36044","url_meta":{"origin":57977,"position":3},"title":"Scioli neg\u00f3 que De Narv\u00e1ez vaya a Seguridad y respald\u00f3 a Granados","author":"Grupo Sierra","date":"01\/12\/2013","format":false,"excerpt":"El gobernador bonaerense neg\u00f3 que vaya a poner al opositor Francisco De Narv\u00e1ez como ministro de Seguridad y sostuvo que \"Alejandro Granados est\u00e1 haciendo un gran trabajo\". Asimismo, afirm\u00f3 que lo hablado con el diputado electo Sergio Massa \"son conversaciones como las que ha tenido con todos los sectores de\u2026","rel":"","context":"En \u00abProvincia\u00bb","block_context":{"text":"Provincia","link":"http:\/\/www.24baires.com\/?cat=40"},"img":{"alt_text":"scioli","src":"https:\/\/i0.wp.com\/www.24baires.com\/wp-content\/uploads\/2013\/08\/scioli.jpg?resize=350%2C200","width":350,"height":200,"srcset":"https:\/\/i0.wp.com\/www.24baires.com\/wp-content\/uploads\/2013\/08\/scioli.jpg?resize=350%2C200 1x, https:\/\/i0.wp.com\/www.24baires.com\/wp-content\/uploads\/2013\/08\/scioli.jpg?resize=525%2C300 1.5x"},"classes":[]},{"id":25520,"url":"http:\/\/www.24baires.com\/?p=25520","url_meta":{"origin":57977,"position":4},"title":"Posse reconoci\u00f3 dificultades en el di\u00e1logo con De Narv\u00e1ez","author":"AF","date":"10\/06\/2013","format":false,"excerpt":"El intendente de San Isidro asegur\u00f3 que las charlas para conformar un frente electoral \"anduvieron mal\" hasta el viernes por \"la cuesti\u00f3n del nombramiento del apoderado\". El intendente de San Isidro, Gustavo Posse, admiti\u00f3 esta ma\u00f1ana que las conversaciones para conformar un frente electoral con Francisco de Narv\u00e1ez en la\u2026","rel":"","context":"En \u00abPol\u00edtica\u00bb","block_context":{"text":"Pol\u00edtica","link":"http:\/\/www.24baires.com\/?cat=51"},"img":{"alt_text":"","src":"","width":0,"height":0},"classes":[]},{"id":22655,"url":"http:\/\/www.24baires.com\/?p=22655","url_meta":{"origin":57977,"position":5},"title":"De Narv\u00e1ez apelar\u00e1 al fallo que le ordena suspender su campa\u00f1a","author":"AF","date":"04\/05\/2013","format":false,"excerpt":"Ella o vos, la propaganda que se transmit\u00eda por televisi\u00f3n y radio fue suspendida por considerar que busca captar el voto violando los plazos que la ley establece para hacer campa\u00f1a electoral. Pero desde el denarva\u00edsmo se va a plantear la \"inconstitucionalidad de la ley electoral\" por la \"restricci\u00f3n de\u2026","rel":"","context":"En \u00abPol\u00edtica\u00bb","block_context":{"text":"Pol\u00edtica","link":"http:\/\/www.24baires.com\/?cat=51"},"img":{"alt_text":"de narv\u00e1ez","src":"https:\/\/i0.wp.com\/www.24baires.com\/wp-content\/uploads\/2013\/05\/de-narv%C3%A1ez.jpg?resize=350%2C200","width":350,"height":200},"classes":[]}],"jetpack_sharing_enabled":true,"jetpack_likes_enabled":true,"jetpack_featured_media_url":"","_links":{"self":[{"href":"http:\/\/www.24baires.com\/index.php?rest_route=\/wp\/v2\/posts\/57977","targetHints":{"allow":["GET"]}}],"collection":[{"href":"http:\/\/www.24baires.com\/index.php?rest_route=\/wp\/v2\/posts"}],"about":[{"href":"http:\/\/www.24baires.com\/index.php?rest_route=\/wp\/v2\/types\/post"}],"author":[{"embeddable":true,"href":"http:\/\/www.24baires.com\/index.php?rest_route=\/wp\/v2\/users\/11"}],"replies":[{"embeddable":true,"href":"http:\/\/www.24baires.com\/index.php?rest_route=%2Fwp%2Fv2%2Fcomments&post=57977"}],"version-history":[{"count":1,"href":"http:\/\/www.24baires.com\/index.php?rest_route=\/wp\/v2\/posts\/57977\/revisions"}],"predecessor-version":[{"id":57978,"href":"http:\/\/www.24baires.com\/index.php?rest_route=\/wp\/v2\/posts\/57977\/revisions\/57978"}],"wp:attachment":[{"href":"http:\/\/www.24baires.com\/index.php?rest_route=%2Fwp%2Fv2%2Fmedia&parent=57977"}],"wp:term":[{"taxonomy":"category","embeddable":true,"href":"http:\/\/www.24baires.com\/index.php?rest_route=%2Fwp%2Fv2%2Fcategories&post=57977"},{"taxonomy":"post_tag","embeddable":true,"href":"http:\/\/www.24baires.com\/index.php?rest_route=%2Fwp%2Fv2%2Ftags&post=57977"}],"curies":[{"name":"wp","href":"https:\/\/api.w.org\/{rel}","templated":true}]}}