{"id":57959,"date":"2014-12-01T16:30:12","date_gmt":"2014-12-01T19:30:12","guid":{"rendered":"http:\/\/www.24baires.com\/?p=57959"},"modified":"2014-12-01T16:19:20","modified_gmt":"2014-12-01T19:19:20","slug":"la-corte-suprema-rechazo-un-pedido-de-menem-para-archivar-causa-por-enriquecimiento-ilicito","status":"publish","type":"post","link":"http:\/\/www.24baires.com\/?p=57959","title":{"rendered":"La Corte Suprema rechaz\u00f3 un pedido de Menem para archivar causa por enriquecimiento il\u00edcito"},"content":{"rendered":"<p><img data-recalc-dims=\"1\" loading=\"lazy\" decoding=\"async\" class=\"aligncenter size-full wp-image-24809\" src=\"https:\/\/i0.wp.com\/www.24baires.com\/wp-content\/uploads\/2013\/05\/menem.jpg?resize=560%2C420\" alt=\"menem\" width=\"560\" height=\"420\" srcset=\"https:\/\/i0.wp.com\/www.24baires.com\/wp-content\/uploads\/2013\/05\/menem.jpg?w=560 560w, https:\/\/i0.wp.com\/www.24baires.com\/wp-content\/uploads\/2013\/05\/menem.jpg?resize=300%2C225 300w\" sizes=\"auto, (max-width: 560px) 100vw, 560px\" \/>Tambi\u00e9n desestim\u00f3 pedidos de prescripci\u00f3n de la acci\u00f3n penal presentados por las defensas de la ex esposa de legislador riojano, Zulema Yoma, y de la hija de ambos, Zulema Menem.<!--more--><\/p>\n<p>La Corte Suprema de la Naci\u00f3n rechaz\u00f3 archivar la causa penal que se le sigue al ex presidente y actual senador nacional Carlos Menem por presunto enriquecimiento il\u00edcito derivada de la venta ilegal de material b\u00e9lico a Croacia y Ecuador, confirmaron hoy fuentes judiciales.<\/p>\n<p>La Corte rechaz\u00f3 los recursos extraordinarios contra la decisi\u00f3n de la Sala I de la C\u00e1mara Federal de Casaci\u00f3n Penal con las firmas de su presidente Ricardo Lorenzetti y los ministros Elena Highton y Juan Carlos Maqueda.<\/p>\n<p>Antes, tambi\u00e9n la C\u00e1mara en lo Criminal Federal se hab\u00eda pronunciado en contra del planteo del defensor de Menem, el abogado Pedro Baldi.<\/p>\n<p>La causa se inici\u00f3 en 1996 cuando el fiscal federal Carlos Stornelli le pidi\u00f3 al entonces instructor del sumario por la venta de armamento a Croacia y Ecuador, el juez Jorge Urso, que mandara investigar si el ex presidente se enriqueci\u00f3 ilegalmente con el contrabando de armamento.<\/p>\n<p>La pesquisa por el presunto enriquecimiento il\u00edcito de Menem, su hija y su ex c\u00f3nyuge, qued\u00f3 entonces a cargo del juez federal Norberto Oyarbide, quien, a instancias de la Oficina Anticorrupci\u00f3n, en febrero de 2005 cit\u00f3 a Menem a indagatoria.<\/p>\n<p>Cuando en marzo \u00faltimo la C\u00e1mara rechaz\u00f3, por mayor\u00eda, el pedido de prescripci\u00f3n de la acci\u00f3n penal, sostuvo la defensa de Menem \u201cse limit\u00f3 a cuestionar la duraci\u00f3n de su juzgamiento\u201d pero \u201csin rebatir adecuadamente los argumentos\u201d que tuvo la C\u00e1mara Federal para oponerse al archivo de la investigaci\u00f3n.<\/p>\n<p>En junio de 2013, luego que se revocara una absoluci\u00f3n dictado por el Tribunal Oral en lo Penal Econ\u00f3mico 3, la C\u00e1mara conden\u00f3 al senador (tambi\u00e9n a otros imputados) a siete a\u00f1os de prisi\u00f3n por el contrabando de armas a Croacia y Ecuador.<\/p>\n<p>&nbsp;<\/p>\n<p>&nbsp;<\/p>\n<p>&nbsp;<\/p>\n<p>&nbsp;<\/p>\n<p>&nbsp;<\/p>\n<p>&nbsp;<\/p>\n<p>&nbsp;<\/p>\n<p>&nbsp;<\/p>\n<p>&nbsp;<\/p>\n<p>&nbsp;<\/p>\n<p>&nbsp;<\/p>\n<p>&nbsp;<\/p>\n<p>&nbsp;<\/p>\n<p>&nbsp;<\/p>\n<p>&nbsp;<\/p>\n","protected":false},"excerpt":{"rendered":"<p>Tambi\u00e9n desestim\u00f3 pedidos de prescripci\u00f3n de la acci\u00f3n penal presentados por las defensas de la ex esposa de legislador riojano, Zulema Yoma, y de la hija de ambos, Zulema Menem.<\/p>\n","protected":false},"author":8,"featured_media":0,"comment_status":"open","ping_status":"open","sticky":false,"template":"","format":"standard","meta":{"_jetpack_newsletter_access":"","_jetpack_dont_email_post_to_subs":false,"_jetpack_newsletter_tier_id":0,"_jetpack_memberships_contains_paywalled_content":false,"_jetpack_memberships_contains_paid_content":false,"footnotes":""},"categories":[51],"tags":[],"class_list":["post-57959","post","type-post","status-publish","format-standard","hentry","category-politica"],"jetpack_shortlink":"https:\/\/wp.me\/p2JWE0-f4P","jetpack-related-posts":[{"id":104913,"url":"http:\/\/www.24baires.com\/?p=104913","url_meta":{"origin":57959,"position":0},"title":"Causa de los sobresueldos: ratificaron las condenas de Menem y Cavallo","author":"AF","date":"12\/10\/2018","format":false,"excerpt":"La C\u00e1mara Federal de Casaci\u00f3n Penal dej\u00f3 firme las condenas al ex Presidente y al ex ministro de Econom\u00eda en la causa de los sobresueldos. La condena para Menem es de 4 a\u00f1os y medio de prisi\u00f3n, mientras que a Cavallo le corresponden 3 a\u00f1os y medio. En un fallo\u2026","rel":"","context":"En \u00abJUDICIALES\u00bb","block_context":{"text":"JUDICIALES","link":"http:\/\/www.24baires.com\/?cat=68"},"img":{"alt_text":"","src":"https:\/\/i0.wp.com\/www.24baires.com\/wp-content\/uploads\/2016\/05\/menem-c.jpg?resize=350%2C200","width":350,"height":200,"srcset":"https:\/\/i0.wp.com\/www.24baires.com\/wp-content\/uploads\/2016\/05\/menem-c.jpg?resize=350%2C200 1x, https:\/\/i0.wp.com\/www.24baires.com\/wp-content\/uploads\/2016\/05\/menem-c.jpg?resize=525%2C300 1.5x"},"classes":[]},{"id":117188,"url":"http:\/\/www.24baires.com\/?p=117188","url_meta":{"origin":57959,"position":1},"title":"Falleci\u00f3 el ex presidente Menem","author":"GB","date":"14\/02\/2021","format":false,"excerpt":"El ex presidente falleci\u00f3 este domingo a los 90 a\u00f1os. A los 90 a\u00f1os muri\u00f3 el ex presidente Carlos Menem. Hab\u00eda estado internado dos meses atr\u00e1s en el Sanatorio Los Arcos de la Ciudad de Buenos Aires por una infecci\u00f3n urinaria. El ex presidente hab\u00eda sufrido una falla renal y\u2026","rel":"","context":"En \u00abSociedad\u00bb","block_context":{"text":"Sociedad","link":"http:\/\/www.24baires.com\/?cat=1"},"img":{"alt_text":"","src":"https:\/\/i0.wp.com\/www.24baires.com\/wp-content\/uploads\/2016\/05\/menem-c.jpg?resize=350%2C200","width":350,"height":200,"srcset":"https:\/\/i0.wp.com\/www.24baires.com\/wp-content\/uploads\/2016\/05\/menem-c.jpg?resize=350%2C200 1x, https:\/\/i0.wp.com\/www.24baires.com\/wp-content\/uploads\/2016\/05\/menem-c.jpg?resize=525%2C300 1.5x"},"classes":[]},{"id":10713,"url":"http:\/\/www.24baires.com\/?p=10713","url_meta":{"origin":57959,"position":2},"title":"La cautelar pedida por la Sociedad Rural fue rechazada","author":"Grupo Sierra","date":"28\/12\/2012","format":false,"excerpt":"La jueza civil y comercial federal Silvina Bracamonte rechaz\u00f3 un pedido de la Sociedad Rural Argentina que buscaba frenar la vuelta del predio ferial de Palermo al Estado, dispuesta por el Gobierno la semana pasada. Fuentes judiciales dijeron que el rechazo de la jueza ya fue apelado por la SRA\u2026","rel":"","context":"En \u00abPol\u00edtica\u00bb","block_context":{"text":"Pol\u00edtica","link":"http:\/\/www.24baires.com\/?cat=51"},"img":{"alt_text":"","src":"","width":0,"height":0},"classes":[]},{"id":89953,"url":"http:\/\/www.24baires.com\/?p=89953","url_meta":{"origin":57959,"position":3},"title":"\u00abFue un atentado\u00bb, declar\u00f3 Cristina por la muerte de Carlitos Jr.","author":"GB","date":"17\/11\/2016","format":false,"excerpt":"As\u00ed lo afirm\u00f3 la ex presidenta en el marco de la causa del Juzgado Federal de San Nicol\u00e1s N\u00b0 2 sobre la muerte del hijo de Menem. La ex presidenta Cristina Kirchner declar\u00f3 en la causa de la muerte del hijo de Carlos Menem y afirm\u00f3: \"Fue un atentado\". Lo\u2026","rel":"","context":"En \u00abJUDICIALES\u00bb","block_context":{"text":"JUDICIALES","link":"http:\/\/www.24baires.com\/?cat=68"},"img":{"alt_text":"Cristina..","src":"https:\/\/i0.wp.com\/www.24baires.com\/wp-content\/uploads\/2016\/08\/Cristina...jpg?resize=350%2C200","width":350,"height":200,"srcset":"https:\/\/i0.wp.com\/www.24baires.com\/wp-content\/uploads\/2016\/08\/Cristina...jpg?resize=350%2C200 1x, https:\/\/i0.wp.com\/www.24baires.com\/wp-content\/uploads\/2016\/08\/Cristina...jpg?resize=525%2C300 1.5x"},"classes":[]},{"id":11008,"url":"http:\/\/www.24baires.com\/?p=11008","url_meta":{"origin":57959,"position":4},"title":"Sociedad Rural estilo Clar\u00edn: Presentaron una nueva cautelar para no devolver el Predio","author":"Grupo Sierra","date":"02\/01\/2013","format":false,"excerpt":"La Sociedad Rural Argentina (SRA) solicit\u00f3 a la C\u00e1mara Civil y Comercial Federal que habilite la feria y decrete una medida precautoria, para evitar que el 20 de enero se devuelva al Estado el predio ferial de Palermo. En su pedido al tribunal de turno durante el mes de enero,\u2026","rel":"","context":"En \u00abPol\u00edtica\u00bb","block_context":{"text":"Pol\u00edtica","link":"http:\/\/www.24baires.com\/?cat=51"},"img":{"alt_text":"","src":"","width":0,"height":0},"classes":[]},{"id":54130,"url":"http:\/\/www.24baires.com\/?p=54130","url_meta":{"origin":57959,"position":5},"title":"Menem adhiri\u00f3 a la hip\u00f3tesis que la muerte de su hijo fue por un atentado","author":"GB","date":"23\/09\/2014","format":false,"excerpt":"El juez federal de San Nicol\u00e1s, Carlos Villafuerte Ruzo, tom\u00f3 declaraci\u00f3n al ex presidente en la causa por la muerte de su hijo Carlos Menem Jr., ocurrida el 15 de marzo de 1995, en una audiencia que se llev\u00f3 a cabo en el Senado. El magistrado interrog\u00f3 durante m\u00e1s de\u2026","rel":"","context":"En \u00abJUDICIALES\u00bb","block_context":{"text":"JUDICIALES","link":"http:\/\/www.24baires.com\/?cat=68"},"img":{"alt_text":"menem","src":"https:\/\/i0.wp.com\/www.24baires.com\/wp-content\/uploads\/2013\/05\/menem.jpg?resize=350%2C200","width":350,"height":200,"srcset":"https:\/\/i0.wp.com\/www.24baires.com\/wp-content\/uploads\/2013\/05\/menem.jpg?resize=350%2C200 1x, https:\/\/i0.wp.com\/www.24baires.com\/wp-content\/uploads\/2013\/05\/menem.jpg?resize=525%2C300 1.5x"},"classes":[]}],"jetpack_sharing_enabled":true,"jetpack_likes_enabled":true,"jetpack_featured_media_url":"","_links":{"self":[{"href":"http:\/\/www.24baires.com\/index.php?rest_route=\/wp\/v2\/posts\/57959","targetHints":{"allow":["GET"]}}],"collection":[{"href":"http:\/\/www.24baires.com\/index.php?rest_route=\/wp\/v2\/posts"}],"about":[{"href":"http:\/\/www.24baires.com\/index.php?rest_route=\/wp\/v2\/types\/post"}],"author":[{"embeddable":true,"href":"http:\/\/www.24baires.com\/index.php?rest_route=\/wp\/v2\/users\/8"}],"replies":[{"embeddable":true,"href":"http:\/\/www.24baires.com\/index.php?rest_route=%2Fwp%2Fv2%2Fcomments&post=57959"}],"version-history":[{"count":1,"href":"http:\/\/www.24baires.com\/index.php?rest_route=\/wp\/v2\/posts\/57959\/revisions"}],"predecessor-version":[{"id":57960,"href":"http:\/\/www.24baires.com\/index.php?rest_route=\/wp\/v2\/posts\/57959\/revisions\/57960"}],"wp:attachment":[{"href":"http:\/\/www.24baires.com\/index.php?rest_route=%2Fwp%2Fv2%2Fmedia&parent=57959"}],"wp:term":[{"taxonomy":"category","embeddable":true,"href":"http:\/\/www.24baires.com\/index.php?rest_route=%2Fwp%2Fv2%2Fcategories&post=57959"},{"taxonomy":"post_tag","embeddable":true,"href":"http:\/\/www.24baires.com\/index.php?rest_route=%2Fwp%2Fv2%2Ftags&post=57959"}],"curies":[{"name":"wp","href":"https:\/\/api.w.org\/{rel}","templated":true}]}}