{"id":57951,"date":"2014-12-01T15:00:13","date_gmt":"2014-12-01T18:00:13","guid":{"rendered":"http:\/\/www.24baires.com\/?p=57951"},"modified":"2014-12-01T15:00:13","modified_gmt":"2014-12-01T18:00:13","slug":"denuncia-por-evasion-el-pro-asegura-que-respaldara-la-investigacion-que-corresponda","status":"publish","type":"post","link":"http:\/\/www.24baires.com\/?p=57951","title":{"rendered":"Denuncia por evasi\u00f3n: El PRO asegura que \u00abrespaldar\u00e1 la investigaci\u00f3n que corresponda\u00bb"},"content":{"rendered":"<p>El diputado nacional Federico Sturzenegger (PRO) asegur\u00f3 hoy que su bloque respaldar\u00e1 la investigaci\u00f3n \u00abque corresponda\u00bb para profundizar la denuncia por evasi\u00f3n impositiva y asociaci\u00f3n il\u00edcita que la AFIP realiz\u00f3 contra el banco HSBC, desde donde se habr\u00eda instigado la fuga de divisas no declaradas a cuentas bancarias en una sucursal de Ginebra, Suiza.<!--more--><\/p>\n<p>A la vez, sostuvo que la AFIP \u00abtiene la obligaci\u00f3n de hacer bien las investigaciones sobre las cuentas bancarias en Suiza\u00bb y dijo que \u00abla ley es clara sobre el tema\u00bb.<\/p>\n<p>De esta manera, el diputado del PRO hizo referencia a la denuncia por evasi\u00f3n impositiva y asociaci\u00f3n il\u00edcita que la AFIP realiz\u00f3 contra el banco HSBC, desde donde se habr\u00eda instigado la fuga de divisas no declaradas a cuentas bancarias en una sucursal de Ginebra, Suiza.<\/p>\n<p>\u00abTiene que hacerse la investigaci\u00f3n. Nosotros fuimos los primeros que dijimos adelante con la investigaci\u00f3n, con la moderaci\u00f3n que corresponde a una buena investigaci\u00f3n\u00bb, consider\u00f3 en declaraciones a radio 10.<\/p>\n<p>Finalmente, el diputado del PRO sostuvo que su bloque \u00abno discute la investigaci\u00f3n, s\u00f3lo pedimos que se haga el tratamiento que corresponde\u00bb.<\/p>\n<p>&nbsp;<\/p>\n<p>&nbsp;<\/p>\n<p>&nbsp;<\/p>\n<p>&nbsp;<\/p>\n<p>&nbsp;<\/p>\n<p>&nbsp;<\/p>\n<p>&nbsp;<\/p>\n<p>&nbsp;<\/p>\n<p>&nbsp;<\/p>\n<p>&nbsp;<\/p>\n<p>&nbsp;<\/p>\n<p>&nbsp;<\/p>\n","protected":false},"excerpt":{"rendered":"<p>El diputado nacional Federico Sturzenegger (PRO) asegur\u00f3 hoy que su bloque respaldar\u00e1 la investigaci\u00f3n \u00abque corresponda\u00bb para profundizar la denuncia por evasi\u00f3n impositiva y asociaci\u00f3n il\u00edcita que la AFIP realiz\u00f3 contra el banco HSBC, desde donde se habr\u00eda instigado la fuga de divisas no declaradas a cuentas bancarias en una sucursal de Ginebra, Suiza.<\/p>\n","protected":false},"author":8,"featured_media":0,"comment_status":"open","ping_status":"open","sticky":false,"template":"","format":"standard","meta":{"_jetpack_newsletter_access":"","_jetpack_dont_email_post_to_subs":false,"_jetpack_newsletter_tier_id":0,"_jetpack_memberships_contains_paywalled_content":false,"_jetpack_memberships_contains_paid_content":false,"footnotes":""},"categories":[51],"tags":[],"class_list":["post-57951","post","type-post","status-publish","format-standard","hentry","category-politica"],"jetpack_shortlink":"https:\/\/wp.me\/p2JWE0-f4H","jetpack-related-posts":[{"id":57942,"url":"http:\/\/www.24baires.com\/?p=57942","url_meta":{"origin":57951,"position":0},"title":"Feletti pidi\u00f3 a la oposici\u00f3n que acompa\u00f1e la investigaci\u00f3n por lavado","author":"AF","date":"01\/12\/2014","format":false,"excerpt":"El diputado nacional por el Frente para la Victoria llam\u00f3 a acompa\u00f1ar en el Congreso al oficialismo en la Comisi\u00f3n Investigadora que se crear\u00e1 para profundizar la denuncia por evasi\u00f3n impositiva y asociaci\u00f3n il\u00edcita que la AFIP realiz\u00f3 contra el banco HSBC, desde donde se habr\u00eda instigado la fuga de\u2026","rel":"","context":"En \u00abEconom\u00eda\u00bb","block_context":{"text":"Econom\u00eda","link":"http:\/\/www.24baires.com\/?cat=45"},"img":{"alt_text":"","src":"","width":0,"height":0},"classes":[]},{"id":57993,"url":"http:\/\/www.24baires.com\/?p=57993","url_meta":{"origin":57951,"position":1},"title":"Heller: \u00abEsto que se denuncia es una peque\u00f1\u00edsima porci\u00f3n de lo que sucedi\u00f3\u00bb","author":"AF","date":"02\/12\/2014","format":false,"excerpt":"El legislador de Nuevo Encuentro respald\u00f3 hoy la creaci\u00f3n en el Congreso de una Comisi\u00f3n Investigadora para profundizar la denuncia por evasi\u00f3n impositiva que la AFIP realiz\u00f3 contra el banco HSBC. El diputado Carlos Heller (Nuevo Encuentro) respald\u00f3 hoy la creaci\u00f3n en el Congreso de una Comisi\u00f3n Investigadora para profundizar\u2026","rel":"","context":"En \u00abEconom\u00eda\u00bb","block_context":{"text":"Econom\u00eda","link":"http:\/\/www.24baires.com\/?cat=45"},"img":{"alt_text":"","src":"https:\/\/i0.wp.com\/www.24baires.com\/wp-content\/uploads\/2014\/12\/heller.jpg?resize=350%2C200","width":350,"height":200,"srcset":"https:\/\/i0.wp.com\/www.24baires.com\/wp-content\/uploads\/2014\/12\/heller.jpg?resize=350%2C200 1x, https:\/\/i0.wp.com\/www.24baires.com\/wp-content\/uploads\/2014\/12\/heller.jpg?resize=525%2C300 1.5x"},"classes":[]},{"id":59708,"url":"http:\/\/www.24baires.com\/?p=59708","url_meta":{"origin":57951,"position":2},"title":"Allanan la casa central del HSBC por la investigaci\u00f3n de las cuentas suizas","author":"GB","date":"07\/01\/2015","format":false,"excerpt":"La sede central del banco, en el microcentro porte\u00f1o, es objeto desde poco despu\u00e9s de las 10 de la ma\u00f1ana de un allanamiento que se realiza por orden judicial tras una denuncia de la Administraci\u00f3n Federal de Ingresos P\u00fablicos (AFIP). Voceros del organismo y de la entidad financiera confirmaron el\u2026","rel":"","context":"En \u00abEconom\u00eda\u00bb","block_context":{"text":"Econom\u00eda","link":"http:\/\/www.24baires.com\/?cat=45"},"img":{"alt_text":"hsbc","src":"https:\/\/i0.wp.com\/www.24baires.com\/wp-content\/uploads\/2014\/08\/hsbc.jpg?resize=350%2C200","width":350,"height":200,"srcset":"https:\/\/i0.wp.com\/www.24baires.com\/wp-content\/uploads\/2014\/08\/hsbc.jpg?resize=350%2C200 1x, https:\/\/i0.wp.com\/www.24baires.com\/wp-content\/uploads\/2014\/08\/hsbc.jpg?resize=525%2C300 1.5x"},"classes":[]},{"id":65055,"url":"http:\/\/www.24baires.com\/?p=65055","url_meta":{"origin":57951,"position":3},"title":"Citar\u00e1n a m\u00e1s de 180 titulares de cuentas no declaradas en la causa HSBC","author":"GB","date":"28\/04\/2015","format":false,"excerpt":"El fiscal Claudio Navas Rial decidi\u00f3 llamar a declaraci\u00f3n indagatoria a unos 180 titulares de las cuentas no declaradas de la sucursal del HSBC Private Bank en Ginebra, con el objetivo de que respondan sobre los activos que ten\u00edan ocultos en el exterior. Los due\u00f1os tambi\u00e9n deber\u00e1n informar por el\u2026","rel":"","context":"En \u00abEconom\u00eda\u00bb","block_context":{"text":"Econom\u00eda","link":"http:\/\/www.24baires.com\/?cat=45"},"img":{"alt_text":"hsbc","src":"https:\/\/i0.wp.com\/www.24baires.com\/wp-content\/uploads\/2014\/08\/hsbc.jpg?resize=350%2C200","width":350,"height":200,"srcset":"https:\/\/i0.wp.com\/www.24baires.com\/wp-content\/uploads\/2014\/08\/hsbc.jpg?resize=350%2C200 1x, https:\/\/i0.wp.com\/www.24baires.com\/wp-content\/uploads\/2014\/08\/hsbc.jpg?resize=525%2C300 1.5x"},"classes":[]},{"id":57789,"url":"http:\/\/www.24baires.com\/?p=57789","url_meta":{"origin":57951,"position":4},"title":"AFIP denunci\u00f3 al banco HSBC por cuentas de argentinos ocultas en Suiza","author":"GB","date":"27\/11\/2014","format":false,"excerpt":"Ricardo Echegaray anunci\u00f3 esta tarde que la dependencia present\u00f3 una denuncia por evasi\u00f3n fiscal y asociaci\u00f3n il\u00edcita. La informaci\u00f3n que motiv\u00f3 la denuncia involucra a m\u00e1s de 4.000 ciudadanos. \u201cEn el d\u00eda de ayer presentamos una denuncia por evasi\u00f3n fiscal y asociaci\u00f3n fiscal il\u00edcita por cuentas bancarias de argentinos ocultas\u2026","rel":"","context":"En \u00abEconom\u00eda\u00bb","block_context":{"text":"Econom\u00eda","link":"http:\/\/www.24baires.com\/?cat=45"},"img":{"alt_text":"hsbc","src":"https:\/\/i0.wp.com\/www.24baires.com\/wp-content\/uploads\/2014\/08\/hsbc.jpg?resize=350%2C200","width":350,"height":200,"srcset":"https:\/\/i0.wp.com\/www.24baires.com\/wp-content\/uploads\/2014\/08\/hsbc.jpg?resize=350%2C200 1x, https:\/\/i0.wp.com\/www.24baires.com\/wp-content\/uploads\/2014\/08\/hsbc.jpg?resize=525%2C300 1.5x"},"classes":[]},{"id":63494,"url":"http:\/\/www.24baires.com\/?p=63494","url_meta":{"origin":57951,"position":5},"title":"La Comisi\u00f3n del caso HSBC revelar\u00e1 nombres de titulares de cuentas","author":"AF","date":"23\/03\/2015","format":false,"excerpt":"La Comisi\u00f3n Legislativa que se encargar\u00e1 de investigar las presuntas maniobras de fuga de capitales realizadas a trav\u00e9s de cuentas abiertas en la filial suiza del banco quedar\u00e1 constituida el mi\u00e9rcoles. La investigaci\u00f3n se centrar\u00e1 -entre otras cuestiones- en las 4.000 cuentas abiertas por contribuyentes argentinos -personas f\u00edsicas y empresas-\u2026","rel":"","context":"En \u00abJUDICIALES\u00bb","block_context":{"text":"JUDICIALES","link":"http:\/\/www.24baires.com\/?cat=68"},"img":{"alt_text":"","src":"","width":0,"height":0},"classes":[]}],"jetpack_sharing_enabled":true,"jetpack_likes_enabled":true,"jetpack_featured_media_url":"","_links":{"self":[{"href":"http:\/\/www.24baires.com\/index.php?rest_route=\/wp\/v2\/posts\/57951","targetHints":{"allow":["GET"]}}],"collection":[{"href":"http:\/\/www.24baires.com\/index.php?rest_route=\/wp\/v2\/posts"}],"about":[{"href":"http:\/\/www.24baires.com\/index.php?rest_route=\/wp\/v2\/types\/post"}],"author":[{"embeddable":true,"href":"http:\/\/www.24baires.com\/index.php?rest_route=\/wp\/v2\/users\/8"}],"replies":[{"embeddable":true,"href":"http:\/\/www.24baires.com\/index.php?rest_route=%2Fwp%2Fv2%2Fcomments&post=57951"}],"version-history":[{"count":1,"href":"http:\/\/www.24baires.com\/index.php?rest_route=\/wp\/v2\/posts\/57951\/revisions"}],"predecessor-version":[{"id":57952,"href":"http:\/\/www.24baires.com\/index.php?rest_route=\/wp\/v2\/posts\/57951\/revisions\/57952"}],"wp:attachment":[{"href":"http:\/\/www.24baires.com\/index.php?rest_route=%2Fwp%2Fv2%2Fmedia&parent=57951"}],"wp:term":[{"taxonomy":"category","embeddable":true,"href":"http:\/\/www.24baires.com\/index.php?rest_route=%2Fwp%2Fv2%2Fcategories&post=57951"},{"taxonomy":"post_tag","embeddable":true,"href":"http:\/\/www.24baires.com\/index.php?rest_route=%2Fwp%2Fv2%2Ftags&post=57951"}],"curies":[{"name":"wp","href":"https:\/\/api.w.org\/{rel}","templated":true}]}}