{"id":57949,"date":"2014-12-01T14:30:16","date_gmt":"2014-12-01T17:30:16","guid":{"rendered":"http:\/\/www.24baires.com\/?p=57949"},"modified":"2014-12-01T14:30:16","modified_gmt":"2014-12-01T17:30:16","slug":"cristina-se-reunira-con-kicillof-y-zannini-en-olivos","status":"publish","type":"post","link":"http:\/\/www.24baires.com\/?p=57949","title":{"rendered":"Cristina se reunir\u00e1 con Kicillof y Zannini en Olivos"},"content":{"rendered":"<p><img data-recalc-dims=\"1\" loading=\"lazy\" decoding=\"async\" class=\"aligncenter size-full wp-image-52459\" src=\"https:\/\/i0.wp.com\/www.24baires.com\/wp-content\/uploads\/2014\/08\/cristina4.jpg?resize=560%2C312\" alt=\"cristina\" width=\"560\" height=\"312\" srcset=\"https:\/\/i0.wp.com\/www.24baires.com\/wp-content\/uploads\/2014\/08\/cristina4.jpg?w=560 560w, https:\/\/i0.wp.com\/www.24baires.com\/wp-content\/uploads\/2014\/08\/cristina4.jpg?resize=300%2C167 300w\" sizes=\"auto, (max-width: 560px) 100vw, 560px\" \/>Cristina recibir\u00e1 por la tarde al ministro de Econom\u00eda, Axel Kicillof, y al secretario de Legal y T\u00e9cnica, Carlos Zannini, en la residencia presidencial de Olivos, donde realiza su actividad oficial desde la ma\u00f1ana.<!--more--><\/p>\n<p>Adem\u00e1s se inform\u00f3 que esta ma\u00f1ana la Presidenta recibi\u00f3 al secretario general de la Presidencia, Oscar Parrilli, seg\u00fan voceros de la Casa de Gobierno.<\/p>\n<p>&nbsp;<\/p>\n<p>&nbsp;<\/p>\n<p>&nbsp;<\/p>\n<p>&nbsp;<\/p>\n<p>&nbsp;<\/p>\n<p>&nbsp;<\/p>\n<p>&nbsp;<\/p>\n<p>&nbsp;<\/p>\n<p>&nbsp;<\/p>\n<p>&nbsp;<\/p>\n<p>&nbsp;<\/p>\n<p>&nbsp;<\/p>\n","protected":false},"excerpt":{"rendered":"<p>Cristina recibir\u00e1 por la tarde al ministro de Econom\u00eda, Axel Kicillof, y al secretario de Legal y T\u00e9cnica, Carlos Zannini, en la residencia presidencial de Olivos, donde realiza su actividad oficial desde la ma\u00f1ana.<\/p>\n","protected":false},"author":8,"featured_media":0,"comment_status":"open","ping_status":"open","sticky":false,"template":"","format":"standard","meta":{"_jetpack_newsletter_access":"","_jetpack_dont_email_post_to_subs":false,"_jetpack_newsletter_tier_id":0,"_jetpack_memberships_contains_paywalled_content":false,"_jetpack_memberships_contains_paid_content":false,"footnotes":""},"categories":[51],"tags":[],"class_list":["post-57949","post","type-post","status-publish","format-standard","hentry","category-politica"],"jetpack_shortlink":"https:\/\/wp.me\/p2JWE0-f4F","jetpack-related-posts":[{"id":63918,"url":"http:\/\/www.24baires.com\/?p=63918","url_meta":{"origin":57949,"position":0},"title":"Cristina recibe en Olivos a de Pedro, Zannini y a Kicillof","author":"GB","date":"06\/04\/2015","format":false,"excerpt":"La presidenta cumplir\u00e1 su actividad oficial en la Residencia de Olivos, donde tiene previsto recibir al secretario general de la Presidencia, al secretario Legal y T\u00e9cnico y m\u00e1s tarde al ministro de Econom\u00eda. La presidenta Cristina Fern\u00e1ndez de Kirchner cumplir\u00e1 esta tarde su actividad oficial en la Residencia de Olivos,\u2026","rel":"","context":"En \u00abPol\u00edtica\u00bb","block_context":{"text":"Pol\u00edtica","link":"http:\/\/www.24baires.com\/?cat=51"},"img":{"alt_text":"cristina kicillof","src":"https:\/\/i0.wp.com\/www.24baires.com\/wp-content\/uploads\/2014\/08\/cristina-kicillof.jpg?resize=350%2C200","width":350,"height":200,"srcset":"https:\/\/i0.wp.com\/www.24baires.com\/wp-content\/uploads\/2014\/08\/cristina-kicillof.jpg?resize=350%2C200 1x, https:\/\/i0.wp.com\/www.24baires.com\/wp-content\/uploads\/2014\/08\/cristina-kicillof.jpg?resize=525%2C300 1.5x"},"classes":[]},{"id":57440,"url":"http:\/\/www.24baires.com\/?p=57440","url_meta":{"origin":57949,"position":1},"title":"Cristina recibi\u00f3 en Olivos a Kicillof y Zannini","author":"GB","date":"20\/11\/2014","format":false,"excerpt":"La Presidenta mantuvo un encuentro en horas de la ma\u00f1ana con el ministro de Econom\u00eda y el secretario de Legal y T\u00e9cnica en el que abordaron diferentes temas de la agenda gubernamental. La reuni\u00f3n se realiz\u00f3 en la residencia presidencial de Olivos, donde Cristina completa su recuperaci\u00f3n por indicaci\u00f3n m\u00e9dica,\u2026","rel":"","context":"En \u00abPol\u00edtica\u00bb","block_context":{"text":"Pol\u00edtica","link":"http:\/\/www.24baires.com\/?cat=51"},"img":{"alt_text":"cristina kicillof","src":"https:\/\/i0.wp.com\/www.24baires.com\/wp-content\/uploads\/2014\/08\/cristina-kicillof.jpg?resize=350%2C200","width":350,"height":200,"srcset":"https:\/\/i0.wp.com\/www.24baires.com\/wp-content\/uploads\/2014\/08\/cristina-kicillof.jpg?resize=350%2C200 1x, https:\/\/i0.wp.com\/www.24baires.com\/wp-content\/uploads\/2014\/08\/cristina-kicillof.jpg?resize=525%2C300 1.5x"},"classes":[]},{"id":38102,"url":"http:\/\/www.24baires.com\/?p=38102","url_meta":{"origin":57949,"position":2},"title":"Cristina retom\u00f3 su agenda y volvi\u00f3 a la Casa Rosada","author":"GB","date":"07\/01\/2014","format":false,"excerpt":"La Presidenta arrib\u00f3 esta tarde a la Casa Rosada, luego de haber permanecido 17 d\u00edas descansando en Santa Cruz junto a su familia. La mandataria ingres\u00f3 a Casa de Gobierno esta tarde, y el primero en visitarla fue el secretario de Legal y T\u00e9cnica, Carlos Zannini con el libro de\u2026","rel":"","context":"En \u00abPol\u00edtica\u00bb","block_context":{"text":"Pol\u00edtica","link":"http:\/\/www.24baires.com\/?cat=51"},"img":{"alt_text":"Cristina","src":"https:\/\/i0.wp.com\/www.24baires.com\/wp-content\/uploads\/2013\/12\/Cristina.jpg?resize=350%2C200","width":350,"height":200},"classes":[]},{"id":67714,"url":"http:\/\/www.24baires.com\/?p=67714","url_meta":{"origin":57949,"position":3},"title":"Zannini: \u00abAcept\u00e9 acompa\u00f1ar a Scioli porque es la continuidad del camino\u00bb","author":"AF","date":"17\/06\/2015","format":false,"excerpt":"El secretario de Legal y T\u00e9cnica de la Presidencia lo dijo esta tarde al arribar a Casa de Gobierno, luego de reunirse con la presidenta Cristina Fern\u00e1ndez de Kirchner en la residencia de Olivos. El secretario de Legal y T\u00e9cnica de la Presidencia, Carlos Zannini, confirm\u00f3 en Casa de Gobierno\u2026","rel":"","context":"En \u00abElecciones 2015\u00bb","block_context":{"text":"Elecciones 2015","link":"http:\/\/www.24baires.com\/?cat=74"},"img":{"alt_text":"","src":"https:\/\/i0.wp.com\/www.24baires.com\/wp-content\/uploads\/2015\/06\/zannini.jpg?resize=350%2C200","width":350,"height":200,"srcset":"https:\/\/i0.wp.com\/www.24baires.com\/wp-content\/uploads\/2015\/06\/zannini.jpg?resize=350%2C200 1x, https:\/\/i0.wp.com\/www.24baires.com\/wp-content\/uploads\/2015\/06\/zannini.jpg?resize=525%2C300 1.5x"},"classes":[]},{"id":60100,"url":"http:\/\/www.24baires.com\/?p=60100","url_meta":{"origin":57949,"position":4},"title":"Cristina firm\u00f3 un acuerdo con la industria del vino para evitar precios abusivos","author":"Grupo Sierra","date":"14\/01\/2015","format":false,"excerpt":"La presidenta Cristina Fern\u00e1ndez de Kirchner anunci\u00f3 la reglamentaci\u00f3n del Observatorio de Precios para ese sector productivo, con el objetivo de evitar conductas abusivas en los precios e impulsar su financiamiento. \u00a0 De acuerdo a fuentes oficiales, Cristina firm\u00f3 \"convenios de colaboraci\u00f3n con el fin de evitar potenciales conductas oligop\u00f3licas\u2026","rel":"","context":"En \u00abEconom\u00eda\u00bb","block_context":{"text":"Econom\u00eda","link":"http:\/\/www.24baires.com\/?cat=45"},"img":{"alt_text":"","src":"https:\/\/i0.wp.com\/www.24baires.com\/wp-content\/uploads\/2015\/01\/cristina-vino.jpg?resize=350%2C200","width":350,"height":200,"srcset":"https:\/\/i0.wp.com\/www.24baires.com\/wp-content\/uploads\/2015\/01\/cristina-vino.jpg?resize=350%2C200 1x, https:\/\/i0.wp.com\/www.24baires.com\/wp-content\/uploads\/2015\/01\/cristina-vino.jpg?resize=525%2C300 1.5x"},"classes":[]},{"id":59583,"url":"http:\/\/www.24baires.com\/?p=59583","url_meta":{"origin":57949,"position":5},"title":"Cristina se reunir\u00e1 en Olivos con Capitanich y Zannini","author":"GB","date":"05\/01\/2015","format":false,"excerpt":"Cristina Fern\u00e1ndez de Kirchner mantendr\u00e1 a partir del mediod\u00eda encuentros por separado con el jefe de Gabinete y el secretario Legal y T\u00e9cnico, se inform\u00f3 oficialmente. Los encuentros ser\u00e1n por separado y a partir de las 12 en el gabinete de trabajo de la Presidenta en la residencia de Olivos.\u2026","rel":"","context":"En \u00abPol\u00edtica\u00bb","block_context":{"text":"Pol\u00edtica","link":"http:\/\/www.24baires.com\/?cat=51"},"img":{"alt_text":"vuelta cristina","src":"https:\/\/i0.wp.com\/www.24baires.com\/wp-content\/uploads\/2013\/11\/vuelta-cristina.jpg?resize=350%2C200","width":350,"height":200,"srcset":"https:\/\/i0.wp.com\/www.24baires.com\/wp-content\/uploads\/2013\/11\/vuelta-cristina.jpg?resize=350%2C200 1x, https:\/\/i0.wp.com\/www.24baires.com\/wp-content\/uploads\/2013\/11\/vuelta-cristina.jpg?resize=525%2C300 1.5x"},"classes":[]}],"jetpack_sharing_enabled":true,"jetpack_likes_enabled":true,"jetpack_featured_media_url":"","_links":{"self":[{"href":"http:\/\/www.24baires.com\/index.php?rest_route=\/wp\/v2\/posts\/57949","targetHints":{"allow":["GET"]}}],"collection":[{"href":"http:\/\/www.24baires.com\/index.php?rest_route=\/wp\/v2\/posts"}],"about":[{"href":"http:\/\/www.24baires.com\/index.php?rest_route=\/wp\/v2\/types\/post"}],"author":[{"embeddable":true,"href":"http:\/\/www.24baires.com\/index.php?rest_route=\/wp\/v2\/users\/8"}],"replies":[{"embeddable":true,"href":"http:\/\/www.24baires.com\/index.php?rest_route=%2Fwp%2Fv2%2Fcomments&post=57949"}],"version-history":[{"count":1,"href":"http:\/\/www.24baires.com\/index.php?rest_route=\/wp\/v2\/posts\/57949\/revisions"}],"predecessor-version":[{"id":57950,"href":"http:\/\/www.24baires.com\/index.php?rest_route=\/wp\/v2\/posts\/57949\/revisions\/57950"}],"wp:attachment":[{"href":"http:\/\/www.24baires.com\/index.php?rest_route=%2Fwp%2Fv2%2Fmedia&parent=57949"}],"wp:term":[{"taxonomy":"category","embeddable":true,"href":"http:\/\/www.24baires.com\/index.php?rest_route=%2Fwp%2Fv2%2Fcategories&post=57949"},{"taxonomy":"post_tag","embeddable":true,"href":"http:\/\/www.24baires.com\/index.php?rest_route=%2Fwp%2Fv2%2Ftags&post=57949"}],"curies":[{"name":"wp","href":"https:\/\/api.w.org\/{rel}","templated":true}]}}