{"id":57913,"date":"2014-11-30T17:00:46","date_gmt":"2014-11-30T20:00:46","guid":{"rendered":"http:\/\/www.24baires.com\/?p=57913"},"modified":"2014-11-30T16:39:12","modified_gmt":"2014-11-30T19:39:12","slug":"yo-no-estoy-en-unen-ni-estoy-en-el-pro-ambas-cosas-son-mentiras-dijo-carrio","status":"publish","type":"post","link":"http:\/\/www.24baires.com\/?p=57913","title":{"rendered":"\u00abYo no estoy en Unen, ni estoy en el PRO; ambas cosas son mentiras\u00bb, dijo Carri\u00f3"},"content":{"rendered":"<p><img data-recalc-dims=\"1\" loading=\"lazy\" decoding=\"async\" class=\"aligncenter size-full wp-image-37654\" src=\"https:\/\/i0.wp.com\/www.24baires.com\/wp-content\/uploads\/2013\/12\/carri%C3%B3.jpg?resize=560%2C384\" alt=\"carri\u00f3\" width=\"560\" height=\"384\" srcset=\"https:\/\/i0.wp.com\/www.24baires.com\/wp-content\/uploads\/2013\/12\/carri%C3%B3.jpg?w=560 560w, https:\/\/i0.wp.com\/www.24baires.com\/wp-content\/uploads\/2013\/12\/carri%C3%B3.jpg?resize=300%2C205 300w\" sizes=\"auto, (max-width: 560px) 100vw, 560px\" \/>La diputada insisti\u00f3 en que \u00abo se juntan todas las fuerzas de la oposici\u00f3n o le dan el triunfo al PJ\u00bb que, dijo, \u00abest\u00e1 a cinco puntos de ganar\u00bb en primera vuelta con Scioli, como el elegido, estim\u00f3. Asegur\u00f3 que su meta es \u00abtender un puente\u00bb entre el frente y el macrismo.<!--more--><\/p>\n<p>La diputada nacional Elisa Carri\u00f3 renov\u00f3 este domingo su reclamo a la dirigencia pol\u00edtica para lograr un acuerdo electoral porque, advirti\u00f3, \u00abo se juntan todas las fuerzas de la oposici\u00f3n o le dan el triunfo al PJ\u00bb.<\/p>\n<p>\u00abYo no estoy en Unen, ni estoy en el PRO; ambas cosas son mentiras\u00bb, remarc\u00f3 adem\u00e1s Carri\u00f3 a la vez que aclar\u00f3 que lo que est\u00e1 tratando de hacer es \u00abtender un puente indispensable\u00bb con el macrismo porque \u00abcreo que la oposici\u00f3n de este pa\u00eds tiene un deber c\u00edvico inexcusable\u00bb.<\/p>\n<p>Carri\u00f3 inst\u00f3 a los precandidatos a dar pelea electoral en 2015 \u00aben el marco de la unidad\u00bb y se\u00f1al\u00f3 que de lo contrario el gobernador bonaerense, Daniel Scioli, obtendr\u00eda \u00abla mayor\u00eda en la primera vuelta\u00bb.<br \/>\n\u00abNo quiero m\u00e1s la hipocres\u00eda\u00bb, a\u00f1adi\u00f3 la legisladora y apunt\u00f3 su mensaje en busca de unidad contra el radical mendocino Julio Cobos y el socialista rosarino Hermes Binner, los m\u00e1s reacios a una uni\u00f3n con el PRO de Mauricio Macri.<br \/>\nEn ese marco, dijo que \u00abla \u00fanica forma de disputarle al PJ\u00bb el poder \u00abes si PRO y el Frente Amplio Unen se unen\u00bb.<br \/>\nCarri\u00f3 analiz\u00f3 en declaraciones televisivas que en el Frente para la Victoria \u00abtienen por los menos el 40 por ciento de los votos y est\u00e1 a cinco puntos de obtener la mayor\u00eda en primera vuelta que ser\u00eda Scioli\u00bb.<br \/>\n\u00abO se juntan todas las fuerzas de la oposici\u00f3n o le dan el triunfo al PJ\u00bb, remarc\u00f3 la legisladora que hace dos semanas descarg\u00f3 su enojo contra los radicales que se niegan a sumar a Macri en el armado estrat\u00e9gico para las elecciones de 2015.<br \/>\nRespecto de las cr\u00edticas que recibi\u00f3 sobre su actitud, dijo: \u00abDe mi podr\u00e1n decir lo que quieran pero nadie me va a poder arrancar es mi educaci\u00f3n, mi cultura y mis principios\u00bb.<br \/>\nIncluso, sostuvo que \u00abhay muchos que quieren perder la elecci\u00f3n\u00bb y apunt\u00f3 que el presidente de la UCR, Ernesto Sanz, coincide con ella en ese an\u00e1lisis.<\/p>\n<p>&nbsp;<\/p>\n<p>&nbsp;<\/p>\n<p>&nbsp;<\/p>\n<p>&nbsp;<\/p>\n<p>&nbsp;<\/p>\n<p>&nbsp;<\/p>\n<p>&nbsp;<\/p>\n<p>&nbsp;<\/p>\n<p>&nbsp;<\/p>\n<p>&nbsp;<\/p>\n<p>&nbsp;<\/p>\n<p>&nbsp;<\/p>\n<p>&nbsp;<\/p>\n<p>&nbsp;<\/p>\n<p>&nbsp;<\/p>\n","protected":false},"excerpt":{"rendered":"<p>La diputada insisti\u00f3 en que \u00abo se juntan todas las fuerzas de la oposici\u00f3n o le dan el triunfo al PJ\u00bb que, dijo, \u00abest\u00e1 a cinco puntos de ganar\u00bb en primera vuelta con Scioli, como el elegido, estim\u00f3. Asegur\u00f3 que su meta es \u00abtender un puente\u00bb entre el frente y el macrismo.<\/p>\n","protected":false},"author":8,"featured_media":0,"comment_status":"open","ping_status":"open","sticky":false,"template":"","format":"standard","meta":{"_jetpack_newsletter_access":"","_jetpack_dont_email_post_to_subs":false,"_jetpack_newsletter_tier_id":0,"_jetpack_memberships_contains_paywalled_content":false,"_jetpack_memberships_contains_paid_content":false,"footnotes":""},"categories":[51],"tags":[],"class_list":["post-57913","post","type-post","status-publish","format-standard","hentry","category-politica"],"jetpack_shortlink":"https:\/\/wp.me\/p2JWE0-f45","jetpack-related-posts":[{"id":51913,"url":"http:\/\/www.24baires.com\/?p=51913","url_meta":{"origin":57913,"position":0},"title":"Carri\u00f3: \u00abSi no nos juntamos con el PRO, gana el PJ y hay impunidad\u00bb","author":"Grupo Sierra","date":"16\/08\/2014","format":false,"excerpt":"La diputada nacional por la Coalici\u00f3n C\u00edvica sigue firme con la idea de que UNEN apoye a Macri como candidato. Desde el PRO piden \"siceramiento\" de los radicales para aliarse. En un nuevo impulso para que el UNEN se acerque al macrismo, Carri\u00f3 reclam\u00f3 a los miembros del frente que\u2026","rel":"","context":"En \u00abElecciones 2015\u00bb","block_context":{"text":"Elecciones 2015","link":"http:\/\/www.24baires.com\/?cat=74"},"img":{"alt_text":"CARRIO","src":"https:\/\/i0.wp.com\/www.24baires.com\/wp-content\/uploads\/2013\/05\/CARRIO.jpg?resize=350%2C200","width":350,"height":200,"srcset":"https:\/\/i0.wp.com\/www.24baires.com\/wp-content\/uploads\/2013\/05\/CARRIO.jpg?resize=350%2C200 1x, https:\/\/i0.wp.com\/www.24baires.com\/wp-content\/uploads\/2013\/05\/CARRIO.jpg?resize=525%2C300 1.5x"},"classes":[]},{"id":56428,"url":"http:\/\/www.24baires.com\/?p=56428","url_meta":{"origin":57913,"position":1},"title":"En UNEN ya no aguantan a Carri\u00f3","author":"Grupo Sierra","date":"02\/11\/2014","format":false,"excerpt":"Tumini expres\u00f3: \"La l\u00edder de la Coalici\u00f3n C\u00edvica debe ser coherente y marcharse para conformar un frente con Macri\". Humberto Tumini, dirigente de Unen, le pidi\u00f3 hoy a la diputada nacional Elisa Carri\u00f3 que abandone el espacio pol\u00edtico que ambos integran. De esta manera, el secretario general de Libres del\u2026","rel":"","context":"En \u00abElecciones 2015\u00bb","block_context":{"text":"Elecciones 2015","link":"http:\/\/www.24baires.com\/?cat=74"},"img":{"alt_text":"carri\u00f3","src":"https:\/\/i0.wp.com\/www.24baires.com\/wp-content\/uploads\/2014\/04\/carri%C3%B3.jpg?resize=350%2C200","width":350,"height":200,"srcset":"https:\/\/i0.wp.com\/www.24baires.com\/wp-content\/uploads\/2014\/04\/carri%C3%B3.jpg?resize=350%2C200 1x, https:\/\/i0.wp.com\/www.24baires.com\/wp-content\/uploads\/2014\/04\/carri%C3%B3.jpg?resize=525%2C300 1.5x"},"classes":[]},{"id":103209,"url":"http:\/\/www.24baires.com\/?p=103209","url_meta":{"origin":57913,"position":2},"title":"La UCR dispar\u00f3 contra Carri\u00f3: \u00abHoy le aporta menos a Cambiemos que las propinas que deja\u00bb","author":"AF","date":"06\/07\/2018","format":false,"excerpt":"La Uni\u00f3n C\u00edvica Radical, que comparte la Alianza Cambiemos con el PRO, emiti\u00f3 un dur\u00edsimo comunicado con la diputada Elisa Carri\u00f3. Deslizaron que la pol\u00e9mica legisladora utiliza al partido como \"proyecto personal\" y \"liderazgo mesi\u00e1nico\". La UCR le respondi\u00f3 con un comunicado a Elisa Carri\u00f3 y desde el partido, no\u2026","rel":"","context":"En \u00abPol\u00edtica\u00bb","block_context":{"text":"Pol\u00edtica","link":"http:\/\/www.24baires.com\/?cat=51"},"img":{"alt_text":"","src":"https:\/\/i0.wp.com\/www.24baires.com\/wp-content\/uploads\/2018\/07\/carri%C3%B3.jpg?resize=350%2C200","width":350,"height":200,"srcset":"https:\/\/i0.wp.com\/www.24baires.com\/wp-content\/uploads\/2018\/07\/carri%C3%B3.jpg?resize=350%2C200 1x, https:\/\/i0.wp.com\/www.24baires.com\/wp-content\/uploads\/2018\/07\/carri%C3%B3.jpg?resize=525%2C300 1.5x"},"classes":[]},{"id":57637,"url":"http:\/\/www.24baires.com\/?p=57637","url_meta":{"origin":57913,"position":3},"title":"Desde el PRO aseguran que Macri no descarta sumar a Lilita Carri\u00f3","author":"AF","date":"25\/11\/2014","format":false,"excerpt":"El jefe de Gabinete porte\u00f1o, Horacio Rodr\u00edguez Larreta, puso este martes reparo ante la posibilidad de sumar al PRO a la diputada de la Coalici\u00f3n C\u00edvica. \"No estamos sumando a Carri\u00f3, Mauricio lo \u00fanico que dijo es que no lo descartaba\", repas\u00f3 al aclarar lo manifestado pro el l\u00edder del\u2026","rel":"","context":"En \u00abPol\u00edtica\u00bb","block_context":{"text":"Pol\u00edtica","link":"http:\/\/www.24baires.com\/?cat=51"},"img":{"alt_text":"carri\u00f3","src":"https:\/\/i0.wp.com\/www.24baires.com\/wp-content\/uploads\/2014\/04\/carri%C3%B3.jpg?resize=350%2C200","width":350,"height":200,"srcset":"https:\/\/i0.wp.com\/www.24baires.com\/wp-content\/uploads\/2014\/04\/carri%C3%B3.jpg?resize=350%2C200 1x, https:\/\/i0.wp.com\/www.24baires.com\/wp-content\/uploads\/2014\/04\/carri%C3%B3.jpg?resize=525%2C300 1.5x"},"classes":[]},{"id":108185,"url":"http:\/\/www.24baires.com\/?p=108185","url_meta":{"origin":57913,"position":4},"title":"Cambiemos al rojo vivo: cruces violentos entre Carri\u00f3 y Marcos Pe\u00f1a","author":"AF","date":"15\/05\/2019","format":false,"excerpt":"La diputada cuestion\u00f3 con dureza a Frigerio y Bullrich tras la derrota en C\u00f3rdoba. Solo reconoci\u00f3 a Rodr\u00edguez Larreta y Vidal. En Cambiemos siguieron comiendo facturas. Pases de factura. La l\u00edder de la Coalici\u00f3n C\u00edvica, Elisa Carri\u00f3, respondi\u00f3 al Gobierno por el malestar con sus cr\u00edticas tras la elecci\u00f3n de\u2026","rel":"","context":"En \u00abPol\u00edtica\u00bb","block_context":{"text":"Pol\u00edtica","link":"http:\/\/www.24baires.com\/?cat=51"},"img":{"alt_text":"","src":"https:\/\/i0.wp.com\/www.24baires.com\/wp-content\/uploads\/2019\/05\/carrio-pe%C3%B1a.jpg?resize=350%2C200","width":350,"height":200,"srcset":"https:\/\/i0.wp.com\/www.24baires.com\/wp-content\/uploads\/2019\/05\/carrio-pe%C3%B1a.jpg?resize=350%2C200 1x, https:\/\/i0.wp.com\/www.24baires.com\/wp-content\/uploads\/2019\/05\/carrio-pe%C3%B1a.jpg?resize=525%2C300 1.5x"},"classes":[]},{"id":55855,"url":"http:\/\/www.24baires.com\/?p=55855","url_meta":{"origin":57913,"position":5},"title":"Carri\u00f3 los trat\u00f3 de \u00abimb\u00e9ciles\u00bb y le respondieron","author":"Grupo Sierra","date":"22\/10\/2014","format":false,"excerpt":"La diputada se\u00f1al\u00f3 que en UNEN \"hay imbecilidad\" por querer unirse con Massa. Su espacio y el FR salieron con los tapones de punta a contestar. Luego de que la diputada Elisa Carri\u00f3 dijera que en la alianza UNEN \"hay imbecilidad\", referentes espacio pol\u00edtico salieron a responder los insultos. A\u2026","rel":"","context":"En \u00abPol\u00edtica\u00bb","block_context":{"text":"Pol\u00edtica","link":"http:\/\/www.24baires.com\/?cat=51"},"img":{"alt_text":"carri\u00f3","src":"https:\/\/i0.wp.com\/www.24baires.com\/wp-content\/uploads\/2013\/12\/carri%C3%B3.jpg?resize=350%2C200","width":350,"height":200,"srcset":"https:\/\/i0.wp.com\/www.24baires.com\/wp-content\/uploads\/2013\/12\/carri%C3%B3.jpg?resize=350%2C200 1x, https:\/\/i0.wp.com\/www.24baires.com\/wp-content\/uploads\/2013\/12\/carri%C3%B3.jpg?resize=525%2C300 1.5x"},"classes":[]}],"jetpack_sharing_enabled":true,"jetpack_likes_enabled":true,"jetpack_featured_media_url":"","_links":{"self":[{"href":"http:\/\/www.24baires.com\/index.php?rest_route=\/wp\/v2\/posts\/57913","targetHints":{"allow":["GET"]}}],"collection":[{"href":"http:\/\/www.24baires.com\/index.php?rest_route=\/wp\/v2\/posts"}],"about":[{"href":"http:\/\/www.24baires.com\/index.php?rest_route=\/wp\/v2\/types\/post"}],"author":[{"embeddable":true,"href":"http:\/\/www.24baires.com\/index.php?rest_route=\/wp\/v2\/users\/8"}],"replies":[{"embeddable":true,"href":"http:\/\/www.24baires.com\/index.php?rest_route=%2Fwp%2Fv2%2Fcomments&post=57913"}],"version-history":[{"count":1,"href":"http:\/\/www.24baires.com\/index.php?rest_route=\/wp\/v2\/posts\/57913\/revisions"}],"predecessor-version":[{"id":57914,"href":"http:\/\/www.24baires.com\/index.php?rest_route=\/wp\/v2\/posts\/57913\/revisions\/57914"}],"wp:attachment":[{"href":"http:\/\/www.24baires.com\/index.php?rest_route=%2Fwp%2Fv2%2Fmedia&parent=57913"}],"wp:term":[{"taxonomy":"category","embeddable":true,"href":"http:\/\/www.24baires.com\/index.php?rest_route=%2Fwp%2Fv2%2Fcategories&post=57913"},{"taxonomy":"post_tag","embeddable":true,"href":"http:\/\/www.24baires.com\/index.php?rest_route=%2Fwp%2Fv2%2Ftags&post=57913"}],"curies":[{"name":"wp","href":"https:\/\/api.w.org\/{rel}","templated":true}]}}