{"id":57897,"date":"2014-11-30T10:00:59","date_gmt":"2014-11-30T13:00:59","guid":{"rendered":"http:\/\/www.24baires.com\/?p=57897"},"modified":"2014-12-01T10:29:41","modified_gmt":"2014-12-01T13:29:41","slug":"no-existe-amenaza-que-pueda-cambiar-la-voluntad-de-la-presidenta","status":"publish","type":"post","link":"http:\/\/www.24baires.com\/?p=57897","title":{"rendered":"\u00abNo existe amenaza que pueda cambiar la voluntad de la Presidenta\u00bb"},"content":{"rendered":"<p><img data-recalc-dims=\"1\" loading=\"lazy\" decoding=\"async\" class=\"aligncenter size-full wp-image-56311\" src=\"https:\/\/i0.wp.com\/www.24baires.com\/wp-content\/uploads\/2014\/10\/cristina5.jpg?resize=560%2C373\" alt=\"cristina\" width=\"560\" height=\"373\" srcset=\"https:\/\/i0.wp.com\/www.24baires.com\/wp-content\/uploads\/2014\/10\/cristina5.jpg?w=560 560w, https:\/\/i0.wp.com\/www.24baires.com\/wp-content\/uploads\/2014\/10\/cristina5.jpg?resize=300%2C199 300w\" sizes=\"auto, (max-width: 560px) 100vw, 560px\" \/>El diputado nacional Eduardo \u201cWado\u201d De Pedro asegur\u00f3 que \u201cante el fracaso de la oposici\u00f3n\u201d, los sectores que promueven una \u201cestrategia de desgaste\u201d del gobierno nacional \u201cdeciden usar otras armas\u201d y \u201coptan por la v\u00eda judicial\u201d, en alusi\u00f3n a la causa que impulsa el juez Claudio Bonadio por la empresa Hotesur, y, en ese marco, sostuvo que \u201cno existe amenaza que pueda cambiar la voluntad de la Presidenta\u201d.<!--more--><\/p>\n<p>En una entrevista publicada hoy por el diario Tiempo Argentino, el legislador y uno de los representantes del oficialismo en el Consejo de la Magistratura, se\u00f1al\u00f3 al CEO del Grupo Clar\u00edn, H\u00e9ctor Magnetto, como el \u00abarticulador de la oposici\u00f3n\u00bb que hoy despliega una ofensiva en el \u00e1mbito judicial.<\/p>\n<p>\u201cCuando comprueban que la Presidenta aumenta su aceptaci\u00f3n en la sociedad, cuando ven que los programas de gobierno siguen avanzando y generando soluciones para la gente, cuando ven que la oposici\u00f3n pol\u00edtica que ten\u00edan para enfrentar a la Presidenta, fracasa, all\u00ed deciden usar otras armas. Y entonces profundizan la pelea v\u00eda el Poder Judicial o v\u00eda medios de comunicaci\u00f3n\u00bb, explic\u00f3.<\/p>\n<p>En este contexto, descart\u00f3 los efectos que pueda tener esa ofensiva y subray\u00f3: \u201cno existe amenaza que pueda cambiar la voluntad de la Presidenta. No existe amenaza que condicione una decisi\u00f3n de la Presidenta\u201d.<\/p>\n<p>Titular de la Comisi\u00f3n de Selecci\u00f3n y Escuela Judicial, De Pedro destac\u00f3 \u201clos avances de gesti\u00f3n que ha tenido el Consejo de la Magistratura a lo largo de 2013\u201d y precis\u00f3 que \u201ccuando el Consejo funciona, funciona para seleccionar, para tomar ex\u00e1menes, para sortear concursos, y tambi\u00e9n funciona para ver los expedientes de la Comisi\u00f3n de Acusaci\u00f3n que estaban siendo frenados\u201d.<\/p>\n<p>En ese sentido, se\u00f1al\u00f3 que \u201ceste a\u00f1o han avanzado varios expedientes referidos al juez Bonadio\u201d y recalc\u00f3 que \u201ccada movimiento de un expediente de Bonadio tra\u00eda aparejado una denuncia o un allanamiento al Ministerio de Justicia, a alguien vinculado al gobierno o al ministerio p\u00fablico\u201d, en lo que calific\u00f3 como el intento del magistrado de \u201ccrearse un escudo de protecci\u00f3n\u201d.<\/p>\n<p>\u201cDesde que asumi\u00f3 como juez, en el menemismo, hasta hoy, se han ido recibiendo innumerables denuncias sobre su desempe\u00f1o\u201d, enfatiz\u00f3.<\/p>\n<p>Consultado sobre por las denuncias motorizadas por el juez Bonadio alrededor de la empresa Hotesur, de la cual la presidenta Cristina Fern\u00e1ndez de Kirchner es accionista, el diputado sostuvo que \u201cno tienen ning\u00fan tipo de fundamento en la realidad\u201d.<\/p>\n<p>\u201cSon operaciones pol\u00edticas porque les molesta la democratizaci\u00f3n de la justicia\u201d, a\u00f1adi\u00f3, para apuntar a \u201cun reducido sector de la Justicia Federal\u201d que \u201cest\u00e1 siendo un actor pol\u00edtico m\u00e1s que un actor judicial. Pierden m\u00e1s tiempo en la operaci\u00f3n pol\u00edtica, en ayudar a un candidato y en desgastar a otro, que en ejercer el servicio de justicia que les impone la ley\u201d.<\/p>\n<p>Respecto de si existe una intenci\u00f3n de cierto poder econ\u00f3mico de cuestionar el lugar de la Presidenta en la pol\u00edtica argentina, De Pedro fue terminante: \u00abLes va a resultar imposible separar el amor que siente nuestro pueblo por nuestra Presidenta. No lo lograr\u00e1n ni con allanamientos ni con causas penales\u00bb.<\/p>\n","protected":false},"excerpt":{"rendered":"<p>El diputado nacional Eduardo \u201cWado\u201d De Pedro asegur\u00f3 que \u201cante el fracaso de la oposici\u00f3n\u201d, los sectores que promueven una \u201cestrategia de desgaste\u201d del gobierno nacional \u201cdeciden usar otras armas\u201d y \u201coptan por la v\u00eda judicial\u201d, en alusi\u00f3n a la causa que impulsa el juez Claudio Bonadio por la empresa Hotesur, y, en ese marco, sostuvo que \u201cno existe amenaza [&#8230;]<\/p>\n","protected":false},"author":4,"featured_media":0,"comment_status":"open","ping_status":"open","sticky":false,"template":"","format":"standard","meta":{"_jetpack_newsletter_access":"","_jetpack_dont_email_post_to_subs":false,"_jetpack_newsletter_tier_id":0,"_jetpack_memberships_contains_paywalled_content":false,"_jetpack_memberships_contains_paid_content":false,"footnotes":""},"categories":[51],"tags":[],"class_list":["post-57897","post","type-post","status-publish","format-standard","hentry","category-politica"],"jetpack_shortlink":"https:\/\/wp.me\/p2JWE0-f3P","jetpack-related-posts":[{"id":107985,"url":"http:\/\/www.24baires.com\/?p=107985","url_meta":{"origin":57897,"position":0},"title":"Tras hablar con Macri, Massa afirm\u00f3: \u00abEs un Gobierno terco. No tiene voluntad de corregir el rumbo\u00bb","author":"GB","date":"06\/05\/2019","format":false,"excerpt":"El l\u00edder del Frente Renovador respondi\u00f3 con dureza a la convocatoria del Gobierno para alcanzar un \"acuerdo\" con la oposici\u00f3n. Luego de mantener una conversaci\u00f3n telef\u00f3nica con el Presidente por este tema, el tigrense asegur\u00f3: \"No tiene ninguna voluntad de corregir el rumbo, solo quiere qu nos hagamos cargo de\u2026","rel":"","context":"En \u00abPol\u00edtica\u00bb","block_context":{"text":"Pol\u00edtica","link":"http:\/\/www.24baires.com\/?cat=51"},"img":{"alt_text":"","src":"https:\/\/i0.wp.com\/www.24baires.com\/wp-content\/uploads\/2015\/03\/massa-1.jpg?resize=350%2C200","width":350,"height":200,"srcset":"https:\/\/i0.wp.com\/www.24baires.com\/wp-content\/uploads\/2015\/03\/massa-1.jpg?resize=350%2C200 1x, https:\/\/i0.wp.com\/www.24baires.com\/wp-content\/uploads\/2015\/03\/massa-1.jpg?resize=525%2C300 1.5x"},"classes":[]},{"id":114986,"url":"http:\/\/www.24baires.com\/?p=114986","url_meta":{"origin":57897,"position":1},"title":"Alberto anunci\u00f3 que enviar\u00e1 al Congreso los proyectos de reforma judicial y legalizaci\u00f3n del aborto","author":"GB","date":"12\/05\/2020","format":false,"excerpt":"La intenci\u00f3n es que el parlamento los trate luego de poner a punto el sistema de sesi\u00f3n a distancia. El presidente, Alberto Fern\u00e1ndez, dio a conocer que tanto el proyecto de reforma judicial como el de legalizaci\u00f3n del aborto y de conformaci\u00f3n del Consejo Econ\u00f3mico y Social ya se encuentran\u2026","rel":"","context":"En \u00abPol\u00edtica\u00bb","block_context":{"text":"Pol\u00edtica","link":"http:\/\/www.24baires.com\/?cat=51"},"img":{"alt_text":"","src":"https:\/\/i0.wp.com\/www.24baires.com\/wp-content\/uploads\/2020\/05\/alberto-entrevista.jpg?resize=350%2C200","width":350,"height":200,"srcset":"https:\/\/i0.wp.com\/www.24baires.com\/wp-content\/uploads\/2020\/05\/alberto-entrevista.jpg?resize=350%2C200 1x, https:\/\/i0.wp.com\/www.24baires.com\/wp-content\/uploads\/2020\/05\/alberto-entrevista.jpg?resize=525%2C300 1.5x"},"classes":[]},{"id":117991,"url":"http:\/\/www.24baires.com\/?p=117991","url_meta":{"origin":57897,"position":2},"title":"Cristina: \u00abLa pandemia va a pasar y tendremos que hacernos cargo del muerto que nos dejaron\u00bb","author":"AF","date":"12\/08\/2021","format":false,"excerpt":"La vicepresidenta particip\u00f3 del lanzamiento del nuevo plan Qunita. Consider\u00f3 adem\u00e1s que la oposici\u00f3n se \"dedic\u00f3 a construir otro relato con una formidable maquinaria medi\u00e1tica\", cuando atribu\u00edan a la cuarentena la crisis y no a la pandemia que afectaba al mundo. La vicepresidenta, Cristina Fern\u00e1ndez de Kirchner, subray\u00f3 que la\u2026","rel":"","context":"En \u00abPol\u00edtica\u00bb","block_context":{"text":"Pol\u00edtica","link":"http:\/\/www.24baires.com\/?cat=51"},"img":{"alt_text":"","src":"https:\/\/i0.wp.com\/www.24baires.com\/wp-content\/uploads\/2021\/08\/cfk.jpg?resize=350%2C200","width":350,"height":200,"srcset":"https:\/\/i0.wp.com\/www.24baires.com\/wp-content\/uploads\/2021\/08\/cfk.jpg?resize=350%2C200 1x, https:\/\/i0.wp.com\/www.24baires.com\/wp-content\/uploads\/2021\/08\/cfk.jpg?resize=525%2C300 1.5x"},"classes":[]},{"id":100442,"url":"http:\/\/www.24baires.com\/?p=100442","url_meta":{"origin":57897,"position":3},"title":"CFK: \u00abEl \u00fanico argumento es la persecuci\u00f3n pol\u00edtica\u00bb","author":"AF","date":"08\/02\/2018","format":false,"excerpt":"La ex presidenta atribuy\u00f3 la denuncia por \"da\u00f1os y perjuicios\" por 22.500 millones pesos de Javier Iguacel, titular de Vialidad, a la campa\u00f1a instrumentada en su contra por el Gobierno. Marc\u00f3 las contradicciones de la presentaci\u00f3n judicial y pidi\u00f3 que se cite como testigos a todos los que fueron jefes\u2026","rel":"","context":"En \u00abPol\u00edtica\u00bb","block_context":{"text":"Pol\u00edtica","link":"http:\/\/www.24baires.com\/?cat=51"},"img":{"alt_text":"","src":"https:\/\/i0.wp.com\/www.24baires.com\/wp-content\/uploads\/2017\/09\/cristina.jpg?resize=350%2C200","width":350,"height":200,"srcset":"https:\/\/i0.wp.com\/www.24baires.com\/wp-content\/uploads\/2017\/09\/cristina.jpg?resize=350%2C200 1x, https:\/\/i0.wp.com\/www.24baires.com\/wp-content\/uploads\/2017\/09\/cristina.jpg?resize=525%2C300 1.5x"},"classes":[]},{"id":119112,"url":"http:\/\/www.24baires.com\/?p=119112","url_meta":{"origin":57897,"position":4},"title":"La carta completa de Cristina Kirchner sobre la Corte Suprema","author":"AF","date":"18\/07\/2022","format":false,"excerpt":"La Corte ejemplar: En el a\u00f1o 2003, a pocos d\u00edas de asumir y ante la amenaza p\u00fablica de dolarizar la econom\u00eda formulada por el presidente de la Suprema Corte de Justicia de aquel entonces\u2026 El presidente N\u00e9stor Kirchner se dirigi\u00f3 al pa\u00eds por cadena nacional anunciando que enviar\u00eda a la\u2026","rel":"","context":"En \u00abPol\u00edtica\u00bb","block_context":{"text":"Pol\u00edtica","link":"http:\/\/www.24baires.com\/?cat=51"},"img":{"alt_text":"","src":"https:\/\/i0.wp.com\/www.24baires.com\/wp-content\/uploads\/2022\/07\/589138-whatsapp-20image-202022-07-18-20at-205-08-45-20pm-0.jpeg?resize=350%2C200","width":350,"height":200},"classes":[]},{"id":122404,"url":"http:\/\/www.24baires.com\/?p=122404","url_meta":{"origin":57897,"position":5},"title":"Milei confirm\u00f3 que vetar\u00e1 el aumento a jubilados: \u201cSi insisten, vamos a judicializar\u201d","author":"GB","date":"11\/07\/2025","format":false,"excerpt":"El Presidente confirm\u00f3 que vetar\u00e1 las leyes aprobadas por el Senado y avis\u00f3 que, si el Congreso insiste, llevar\u00e1 la disputa al terreno judicial. Minutos despu\u00e9s de que el Senado convirtiera en ley el aumento a las jubilaciones y la pr\u00f3rroga de la moratoria previsional, el presidente Javier Milei se\u2026","rel":"","context":"En \u00abPol\u00edtica\u00bb","block_context":{"text":"Pol\u00edtica","link":"http:\/\/www.24baires.com\/?cat=51"},"img":{"alt_text":"","src":"https:\/\/i0.wp.com\/www.24baires.com\/wp-content\/uploads\/2025\/07\/milei-lla.jpg?resize=350%2C200","width":350,"height":200,"srcset":"https:\/\/i0.wp.com\/www.24baires.com\/wp-content\/uploads\/2025\/07\/milei-lla.jpg?resize=350%2C200 1x, https:\/\/i0.wp.com\/www.24baires.com\/wp-content\/uploads\/2025\/07\/milei-lla.jpg?resize=525%2C300 1.5x, https:\/\/i0.wp.com\/www.24baires.com\/wp-content\/uploads\/2025\/07\/milei-lla.jpg?resize=700%2C400 2x, https:\/\/i0.wp.com\/www.24baires.com\/wp-content\/uploads\/2025\/07\/milei-lla.jpg?resize=1050%2C600 3x, https:\/\/i0.wp.com\/www.24baires.com\/wp-content\/uploads\/2025\/07\/milei-lla.jpg?resize=1400%2C800 4x"},"classes":[]}],"jetpack_sharing_enabled":true,"jetpack_likes_enabled":true,"jetpack_featured_media_url":"","_links":{"self":[{"href":"http:\/\/www.24baires.com\/index.php?rest_route=\/wp\/v2\/posts\/57897","targetHints":{"allow":["GET"]}}],"collection":[{"href":"http:\/\/www.24baires.com\/index.php?rest_route=\/wp\/v2\/posts"}],"about":[{"href":"http:\/\/www.24baires.com\/index.php?rest_route=\/wp\/v2\/types\/post"}],"author":[{"embeddable":true,"href":"http:\/\/www.24baires.com\/index.php?rest_route=\/wp\/v2\/users\/4"}],"replies":[{"embeddable":true,"href":"http:\/\/www.24baires.com\/index.php?rest_route=%2Fwp%2Fv2%2Fcomments&post=57897"}],"version-history":[{"count":1,"href":"http:\/\/www.24baires.com\/index.php?rest_route=\/wp\/v2\/posts\/57897\/revisions"}],"predecessor-version":[{"id":57898,"href":"http:\/\/www.24baires.com\/index.php?rest_route=\/wp\/v2\/posts\/57897\/revisions\/57898"}],"wp:attachment":[{"href":"http:\/\/www.24baires.com\/index.php?rest_route=%2Fwp%2Fv2%2Fmedia&parent=57897"}],"wp:term":[{"taxonomy":"category","embeddable":true,"href":"http:\/\/www.24baires.com\/index.php?rest_route=%2Fwp%2Fv2%2Fcategories&post=57897"},{"taxonomy":"post_tag","embeddable":true,"href":"http:\/\/www.24baires.com\/index.php?rest_route=%2Fwp%2Fv2%2Ftags&post=57897"}],"curies":[{"name":"wp","href":"https:\/\/api.w.org\/{rel}","templated":true}]}}