{"id":57893,"date":"2014-11-29T21:02:28","date_gmt":"2014-11-30T00:02:28","guid":{"rendered":"http:\/\/www.24baires.com\/?p=57893"},"modified":"2014-11-29T21:02:28","modified_gmt":"2014-11-30T00:02:28","slug":"no-me-representa-ninguno-de-los-oradores-del-encuentro-del-pj-bonaerense","status":"publish","type":"post","link":"http:\/\/www.24baires.com\/?p=57893","title":{"rendered":"\u00abNo me representa ninguno de los oradores del Encuentro del PJ Bonaerense\u00bb"},"content":{"rendered":"<p><img data-recalc-dims=\"1\" loading=\"lazy\" decoding=\"async\" class=\"aligncenter size-full wp-image-56420\" src=\"https:\/\/i0.wp.com\/www.24baires.com\/wp-content\/uploads\/2014\/11\/pj-bonaerense.jpg?resize=560%2C434\" alt=\"pj bonaerense\" width=\"560\" height=\"434\" srcset=\"https:\/\/i0.wp.com\/www.24baires.com\/wp-content\/uploads\/2014\/11\/pj-bonaerense.jpg?w=560 560w, https:\/\/i0.wp.com\/www.24baires.com\/wp-content\/uploads\/2014\/11\/pj-bonaerense.jpg?resize=300%2C232 300w\" sizes=\"auto, (max-width: 560px) 100vw, 560px\" \/>As\u00ed lo se\u00f1al\u00f3 Patricio Mussi a trav\u00e9s de redes sociales. Dispar\u00f3 contra el partido y los asistentes al Consejo organizado en La Plata.<!--more--><\/p>\n<p>El encuentro del peronismo que se realiz\u00f3 en la ciudad de La Plata gener\u00f3 la cr\u00edtica del intendente de Berazategui, Patricio Mussi, quien a trav\u00e9s de la red social se\u00f1al\u00f3: \u00abNo me sent\u00ed representado por ninguno de los oradores en el 7mo Encuentro de Debate y Reflexion del PJ bonaerense\u00bb.<\/p>\n<p>Adem\u00e1s, el candidato a gobernador, miembro de los Octubres, indic\u00f3: \u00abMe gustar\u00eda q los candidatos ya dejen de decir quiero ser y digan qu\u00e9 quieren hacer con la producci\u00f3n de energ\u00eda, h\u00eddrica, vial, portuaria\u00bb.<\/p>\n<p>En otro tuit, Mussi escribi\u00f3:\u00bbNo me gusta q en un acto peronista no se haya nombrado a N\u00e9stor y @CFKArgentina que son los gobiernos m\u00e1s peronistas despu\u00e9s de Per\u00f3n y Evita\u00bb y agreg\u00f3: \u00abMe gustar\u00eda saber qu\u00e9 modelo de pa\u00eds quieren. Cada vez somos m\u00e1s los que tenemos claro que hay que profundizar el modelo actual\u00bb.<\/p>\n<p>Otra de las cr\u00edticas del kirchnerista fue: \u00abEscuch\u00e9 decir que en este encuentro estaba todo el peronismo..pero no es cierto, mi pap\u00e1 @jjosemussi no estaba, por ejemplo\u00bb.<\/p>\n<p>Finalmente, el alcalde de Berazategui argument\u00f3: \u00abA los oktubres nos gustar\u00eda saber QU\u00c9 opinan nuestros candidatos @JulioDeVido\u00bb.<\/p>\n<p>&nbsp;<\/p>\n<p>&nbsp;<\/p>\n<p>&nbsp;<\/p>\n","protected":false},"excerpt":{"rendered":"<p>As\u00ed lo se\u00f1al\u00f3 Patricio Mussi a trav\u00e9s de redes sociales. Dispar\u00f3 contra el partido y los asistentes al Consejo organizado en La Plata.<\/p>\n","protected":false},"author":11,"featured_media":0,"comment_status":"open","ping_status":"open","sticky":false,"template":"","format":"standard","meta":{"_jetpack_newsletter_access":"","_jetpack_dont_email_post_to_subs":false,"_jetpack_newsletter_tier_id":0,"_jetpack_memberships_contains_paywalled_content":false,"_jetpack_memberships_contains_paid_content":false,"footnotes":""},"categories":[51],"tags":[],"class_list":["post-57893","post","type-post","status-publish","format-standard","hentry","category-politica"],"jetpack_shortlink":"https:\/\/wp.me\/p2JWE0-f3L","jetpack-related-posts":[{"id":57955,"url":"http:\/\/www.24baires.com\/?p=57955","url_meta":{"origin":57893,"position":0},"title":"Insaurralde se despeg\u00f3 del PJ","author":"GB","date":"01\/12\/2014","format":false,"excerpt":"El diputado y ex intendente de Lomas de Zamora, que fuera el principal candidato del kirchnerismo en 2013, amaga con un cambio de partido. Aunque no lo confirma y el ida y vuelta se estira, Mart\u00edn Insaurralde est\u00e1 cada vez m\u00e1s lejos del oficialismo: ahora utiliz\u00f3 las redes sociales para\u2026","rel":"","context":"En \u00abPol\u00edtica\u00bb","block_context":{"text":"Pol\u00edtica","link":"http:\/\/www.24baires.com\/?cat=51"},"img":{"alt_text":"Insaurralde en Pinamar","src":"https:\/\/i0.wp.com\/www.24baires.com\/wp-content\/uploads\/2014\/01\/Insaurralde-en-Pinamar.jpg?resize=350%2C200","width":350,"height":200,"srcset":"https:\/\/i0.wp.com\/www.24baires.com\/wp-content\/uploads\/2014\/01\/Insaurralde-en-Pinamar.jpg?resize=350%2C200 1x, https:\/\/i0.wp.com\/www.24baires.com\/wp-content\/uploads\/2014\/01\/Insaurralde-en-Pinamar.jpg?resize=525%2C300 1.5x"},"classes":[]},{"id":116527,"url":"http:\/\/www.24baires.com\/?p=116527","url_meta":{"origin":57893,"position":1},"title":"Intendentes del PJ se reunieron para respaldar al Gobierno y evaluar aperturas","author":"AF","date":"22\/10\/2020","format":false,"excerpt":"Se reunieron en Berazategui para efectuar un respaldo al presidente Alberto Fern\u00e1ndez y al gobernador bonaerense Axel Kicillof. Adem\u00e1s evaluaron la implementaci\u00f3n en los distritos de las distintas aperturas tras la flexibilizaci\u00f3n de las restricciones sociales. Una treintena de intendentes peronistas del Conurbano se reunieron en Berazategui para respaldar al\u2026","rel":"","context":"En \u00abProvincia\u00bb","block_context":{"text":"Provincia","link":"http:\/\/www.24baires.com\/?cat=40"},"img":{"alt_text":"","src":"https:\/\/i0.wp.com\/www.24baires.com\/wp-content\/uploads\/2020\/10\/5f9236f601237_1004x565.jpg?resize=350%2C200","width":350,"height":200,"srcset":"https:\/\/i0.wp.com\/www.24baires.com\/wp-content\/uploads\/2020\/10\/5f9236f601237_1004x565.jpg?resize=350%2C200 1x, https:\/\/i0.wp.com\/www.24baires.com\/wp-content\/uploads\/2020\/10\/5f9236f601237_1004x565.jpg?resize=525%2C300 1.5x"},"classes":[]},{"id":100697,"url":"http:\/\/www.24baires.com\/?p=100697","url_meta":{"origin":57893,"position":2},"title":"Sol\u00e1: \u00abMassa va a tener que sumarse a la unidad del peronismo\u00bb","author":"GB","date":"23\/02\/2018","format":false,"excerpt":"El diputado nacional del FR sostuvo que \"lo importante es la unidad para enfrentar al neoliberalismo\". En medio de la discusi\u00f3n por la unidad del PJ de cara al 2019, el diputado nacional Felipe Sol\u00e1 presion\u00f3 a su actual jefe pol\u00edtico Sergio Massa para que haga a un lado sus\u2026","rel":"","context":"En \u00abPol\u00edtica\u00bb","block_context":{"text":"Pol\u00edtica","link":"http:\/\/www.24baires.com\/?cat=51"},"img":{"alt_text":"","src":"https:\/\/i0.wp.com\/www.24baires.com\/wp-content\/uploads\/2014\/07\/felipe-sol%C3%A1.jpg?resize=350%2C200","width":350,"height":200,"srcset":"https:\/\/i0.wp.com\/www.24baires.com\/wp-content\/uploads\/2014\/07\/felipe-sol%C3%A1.jpg?resize=350%2C200 1x, https:\/\/i0.wp.com\/www.24baires.com\/wp-content\/uploads\/2014\/07\/felipe-sol%C3%A1.jpg?resize=525%2C300 1.5x"},"classes":[]},{"id":111743,"url":"http:\/\/www.24baires.com\/?p=111743","url_meta":{"origin":57893,"position":3},"title":"Kicillof pidi\u00f3 a intendentes \u00abatenci\u00f3n\u00bb a lo social","author":"GB","date":"22\/08\/2019","format":false,"excerpt":"El candidato a gobernador bonaerense del Frente de Todos, Axel Kicillof, les pidi\u00f3 a los intendentes y postulantes locales de ese espacio que no se queden \"quietos\" y los conmin\u00f3 a estar \"atentos\" a la situaci\u00f3n social de sus distritos. Kicillof se reuni\u00f3 hoy con los 135 intendentes y candidatos\u2026","rel":"","context":"En \u00abProvincia\u00bb","block_context":{"text":"Provincia","link":"http:\/\/www.24baires.com\/?cat=40"},"img":{"alt_text":"","src":"https:\/\/i0.wp.com\/www.24baires.com\/wp-content\/uploads\/2019\/08\/kicillof-1-300x200.jpg?resize=350%2C200","width":350,"height":200},"classes":[]},{"id":34758,"url":"http:\/\/www.24baires.com\/?p=34758","url_meta":{"origin":57893,"position":4},"title":"El viernes definir\u00e1n si Scioli va por la presidencia del PJ Bonaerense","author":"GB","date":"06\/11\/2013","format":false,"excerpt":"La candidatura para presidir el Consejo del Partido Justicialista bonaerense se definir\u00e1 durante una reuni\u00f3n de dirigentes que se realizar\u00e1 en Tres de Febrero, seg\u00fan se acord\u00f3 durante un encuentro que el gobernador mantuvo con intendentes y legisladores del justicialismo. Si bien varios intendentes consultados por T\u00e9lam opinaron que si\u2026","rel":"","context":"En \u00abPol\u00edtica\u00bb","block_context":{"text":"Pol\u00edtica","link":"http:\/\/www.24baires.com\/?cat=51"},"img":{"alt_text":"","src":"","width":0,"height":0},"classes":[]},{"id":108487,"url":"http:\/\/www.24baires.com\/?p=108487","url_meta":{"origin":57893,"position":5},"title":"El massismo define si avanza en un frente con el kirchnerismo","author":"GB","date":"30\/05\/2019","format":false,"excerpt":"El Frente Renovador bonaerense realizar\u00e1 este jueves su congreso partidario para definir el futuro del partido de cara a las elecciones. El tema central de la cumbre en Parque Norte ser\u00e1 la posibilidad de avanzar en un frente com\u00fan con el kirchnerismo y el PJ bonaerense. El congreso de los\u2026","rel":"","context":"En \u00abPol\u00edtica\u00bb","block_context":{"text":"Pol\u00edtica","link":"http:\/\/www.24baires.com\/?cat=51"},"img":{"alt_text":"","src":"https:\/\/i0.wp.com\/www.24baires.com\/wp-content\/uploads\/2019\/05\/alternativa-federal.jpg?resize=350%2C200","width":350,"height":200,"srcset":"https:\/\/i0.wp.com\/www.24baires.com\/wp-content\/uploads\/2019\/05\/alternativa-federal.jpg?resize=350%2C200 1x, https:\/\/i0.wp.com\/www.24baires.com\/wp-content\/uploads\/2019\/05\/alternativa-federal.jpg?resize=525%2C300 1.5x"},"classes":[]}],"jetpack_sharing_enabled":true,"jetpack_likes_enabled":true,"jetpack_featured_media_url":"","_links":{"self":[{"href":"http:\/\/www.24baires.com\/index.php?rest_route=\/wp\/v2\/posts\/57893","targetHints":{"allow":["GET"]}}],"collection":[{"href":"http:\/\/www.24baires.com\/index.php?rest_route=\/wp\/v2\/posts"}],"about":[{"href":"http:\/\/www.24baires.com\/index.php?rest_route=\/wp\/v2\/types\/post"}],"author":[{"embeddable":true,"href":"http:\/\/www.24baires.com\/index.php?rest_route=\/wp\/v2\/users\/11"}],"replies":[{"embeddable":true,"href":"http:\/\/www.24baires.com\/index.php?rest_route=%2Fwp%2Fv2%2Fcomments&post=57893"}],"version-history":[{"count":1,"href":"http:\/\/www.24baires.com\/index.php?rest_route=\/wp\/v2\/posts\/57893\/revisions"}],"predecessor-version":[{"id":57894,"href":"http:\/\/www.24baires.com\/index.php?rest_route=\/wp\/v2\/posts\/57893\/revisions\/57894"}],"wp:attachment":[{"href":"http:\/\/www.24baires.com\/index.php?rest_route=%2Fwp%2Fv2%2Fmedia&parent=57893"}],"wp:term":[{"taxonomy":"category","embeddable":true,"href":"http:\/\/www.24baires.com\/index.php?rest_route=%2Fwp%2Fv2%2Fcategories&post=57893"},{"taxonomy":"post_tag","embeddable":true,"href":"http:\/\/www.24baires.com\/index.php?rest_route=%2Fwp%2Fv2%2Ftags&post=57893"}],"curies":[{"name":"wp","href":"https:\/\/api.w.org\/{rel}","templated":true}]}}