{"id":57876,"date":"2014-11-29T15:00:45","date_gmt":"2014-11-29T18:00:45","guid":{"rendered":"http:\/\/www.24baires.com\/?p=57876"},"modified":"2014-11-29T12:36:08","modified_gmt":"2014-11-29T15:36:08","slug":"de-vido-techint-clarin-massa-y-macri-quieren-desguazar-el-estado","status":"publish","type":"post","link":"http:\/\/www.24baires.com\/?p=57876","title":{"rendered":"De Vido: \u00abTechint, Clar\u00edn, Massa y Macri quieren desguazar el Estado\u00bb"},"content":{"rendered":"<p><img data-recalc-dims=\"1\" loading=\"lazy\" decoding=\"async\" class=\"aligncenter size-full wp-image-57877\" src=\"https:\/\/i0.wp.com\/www.24baires.com\/wp-content\/uploads\/2014\/11\/de-vido.jpg?resize=560%2C336\" alt=\"de vido\" width=\"560\" height=\"336\" srcset=\"https:\/\/i0.wp.com\/www.24baires.com\/wp-content\/uploads\/2014\/11\/de-vido.jpg?w=560 560w, https:\/\/i0.wp.com\/www.24baires.com\/wp-content\/uploads\/2014\/11\/de-vido.jpg?resize=300%2C180 300w\" sizes=\"auto, (max-width: 560px) 100vw, 560px\" \/>El ministro de Planificaci\u00f3n Federal critic\u00f3 a dirigentes reunidos en el Foro de Convergencia Empresaria, de quienes dijo que buscan \u00abpromover la desarticulaci\u00f3n del Estado, que es una de las bases fundamentales de los valores republicanos\u00bb.<!--more--><\/p>\n<p>\u00abResulta llamativo y contradictorio que los mismos que proclaman la falta de valores republicanos por parte del gobierno nacional promuevan la desarticulaci\u00f3n del Estado, que es una de sus bases fundamentales\u00bb, consign\u00f3 el funcionario en una columna de opini\u00f3n publicada hoy en el matutino P\u00e1gina\/12.<\/p>\n<p>En un encuentro del Foro de Convergencia se plante\u00f3 que no existe una real divisi\u00f3n de poderes, cuando existe una clara y concreta divisi\u00f3n de poderes y una libertad de expresi\u00f3n sin restricci\u00f3n, in\u00e9dita en la historia que no puede pasar desapercibida, se\u00f1al\u00f3 De Vido.<\/p>\n<p>\u00abEs llamativo que la C\u00e1mara Minera (CAME) reclame reglas claras cuando en 2003 era una actividad abandonada y la pol\u00edtica sectorial permiti\u00f3 crecimientos r\u00e9cord: el producto bruto creci\u00f3 120%, exportaciones 210%, los proyectos pasaron de 40 a 700 y las empresas se incrementaron en 50% propiciando la creaci\u00f3n de 2200 PyMEs y 450.000 empleos\u00bb.<\/p>\n<p>Es incomprensible -prosigui\u00f3 De Vido- que coincida con esa visi\u00f3n el titular del Comit\u00e9 Argentino del Consejo Mundial de Energ\u00eda (Cacme), Jorge Feriolli, quien pidi\u00f3 un marco para los hidrocarburos que sea fruto del consenso, s\u00f3lido y estable, como si la nueva ley no fuera producto de un amplio debate en el Congreso, salvo que \u00e9l tenga un \u00e1mbito diferente para discutir una ley y no pueda expresarlo.<\/p>\n<p>Durante los &#8217;90 Argentina fue exportador neto de energ\u00eda con libre disponibilidad de divisas bajo un escenario de falso autoabastecimiento cuya contracara era 54% de pobreza, 25% de desocupaci\u00f3n, mitad de la poblaci\u00f3n excluida de los servicios y cierre de 220.000 empresas, sostuvo el titular de Planificaci\u00f3n.<\/p>\n<p>\u00abSi un escenario de reglas claras es ese \u00faltimo, indudablemente no es una propuesta positiva para los argentinos\u00bb, consider\u00f3 De Vido.<\/p>\n<p>No obstante, el funcionario consider\u00f3 a\u00fan m\u00e1s llamativo el planteo de Techint, entidad que sostuvo que el mercado le va a ganar al Estado para luego terminar con un postulado de la dictadura, seg\u00fan el cual el debate es c\u00f3mo liberar las fuerzas productivas, lo que demuestra la vocaci\u00f3n de mercado dominante de Techint, que concibe como soluci\u00f3n imponerse sobre el resto, sobre el Estado, que somos todos los argentinos, afirm\u00f3 el ministro.<\/p>\n<p>En realidad, quieren derrotar a la pol\u00edtica para despu\u00e9s ir por el Estado, explic\u00f3 el funcionario, quien rese\u00f1\u00f3 que en los \u00faltimos 10 a\u00f1os el sector tuvo un desarrollo r\u00e9cord, que ser\u00e1 la herencia que deja el modelo.<\/p>\n<p>\u00abLa actividad aument\u00f3 su producci\u00f3n global m\u00e1s de 150%, la ocupaci\u00f3n se increment\u00f3 97%, se triplicaron las exportaciones y la cantidad de empresas se sum\u00f3 52% desde 2003\u00bb, agreg\u00f3.<\/p>\n<p>\u00abQuienes aplaudieron la desafortunada frase estar\u00e1n impulsando el regreso al auge neoliberal que permiti\u00f3 que empresas grandes como Techint abandonen las actividades productivas para convertirse en meros agentes de la especulaci\u00f3n financiera\u00bb, apunt\u00f3 De Vido desde su art\u00edculo.<\/p>\n<p>\u00abEn ning\u00fan lugar, incluso Estados Unidos, un industrial dir\u00eda eso porque atenta contra sus intereses, la rep\u00fablica y la democracia\u00bb, concluy\u00f3.<\/p>\n","protected":false},"excerpt":{"rendered":"<p>El ministro de Planificaci\u00f3n Federal critic\u00f3 a dirigentes reunidos en el Foro de Convergencia Empresaria, de quienes dijo que buscan \u00abpromover la desarticulaci\u00f3n del Estado, que es una de las bases fundamentales de los valores republicanos\u00bb.<\/p>\n","protected":false},"author":4,"featured_media":0,"comment_status":"open","ping_status":"open","sticky":false,"template":"","format":"standard","meta":{"_jetpack_newsletter_access":"","_jetpack_dont_email_post_to_subs":false,"_jetpack_newsletter_tier_id":0,"_jetpack_memberships_contains_paywalled_content":false,"_jetpack_memberships_contains_paid_content":false,"footnotes":""},"categories":[51],"tags":[],"class_list":["post-57876","post","type-post","status-publish","format-standard","hentry","category-politica"],"jetpack_shortlink":"https:\/\/wp.me\/p2JWE0-f3u","jetpack-related-posts":[{"id":92348,"url":"http:\/\/www.24baires.com\/?p=92348","url_meta":{"origin":57876,"position":0},"title":"Macri y Bachelet apoyan una alianza entre el Mercosur y la Alianza del Pac\u00edfico","author":"AF","date":"13\/02\/2017","format":false,"excerpt":"Los presidentes Mauricio Macri y Michelle Bachelet ratificaron el compromiso de la Argentina y de Chile de profundizar la integraci\u00f3n regional e impulsar la convergencia entre el Mercosur y la Alianza del Pac\u00edfico. Los presidentes Mauricio Macri y Michelle Bachelet ratificaron el compromiso de la Argentina y de Chile de\u2026","rel":"","context":"En \u00abInternacionales\u00bb","block_context":{"text":"Internacionales","link":"http:\/\/www.24baires.com\/?cat=73"},"img":{"alt_text":"","src":"https:\/\/i0.wp.com\/www.24baires.com\/wp-content\/uploads\/2017\/02\/bachellet-macri.png?resize=350%2C200","width":350,"height":200},"classes":[]},{"id":95288,"url":"http:\/\/www.24baires.com\/?p=95288","url_meta":{"origin":57876,"position":1},"title":"Bah\u00eda Blanca: incautan dos toneladas de coca\u00edna valuada en US$60 millones","author":"AF","date":"19\/06\/2017","format":false,"excerpt":"Casi dos toneladas de coca\u00edna valuadas en 60 millones de d\u00f3lares fueron secuestradas en la ciudad de Bah\u00eda Blanca ocultas en rollos de acero en el marco de un operativo realizado por la Polic\u00eda Federal Argentina (PFA), en el que hay varios detenidos, informaron fuentes de esa fuerza de seguridad.\u2026","rel":"","context":"En \u00abPoliciales\u00bb","block_context":{"text":"Policiales","link":"http:\/\/www.24baires.com\/?cat=49"},"img":{"alt_text":"","src":"https:\/\/i0.wp.com\/www.24baires.com\/wp-content\/uploads\/2017\/06\/5947cbb9cf45e_645x362.jpg?resize=350%2C200","width":350,"height":200,"srcset":"https:\/\/i0.wp.com\/www.24baires.com\/wp-content\/uploads\/2017\/06\/5947cbb9cf45e_645x362.jpg?resize=350%2C200 1x, https:\/\/i0.wp.com\/www.24baires.com\/wp-content\/uploads\/2017\/06\/5947cbb9cf45e_645x362.jpg?resize=525%2C300 1.5x"},"classes":[]},{"id":44433,"url":"http:\/\/www.24baires.com\/?p=44433","url_meta":{"origin":57876,"position":2},"title":"Capitanich pidi\u00f3 a empresarios que no aumenten los precios","author":"AF","date":"22\/04\/2014","format":false,"excerpt":"El jefe de Gabinete, Jorge Capitanich, advirti\u00f3 hoy a los empresarios que la \"mejor contribuci\u00f3n\" que pueden hacer a la econom\u00eda argentina es \"no aumentar los precios\". El jefe de Gabinete, Jorge Capitanich, dijo hoy que \"se desarroll\u00f3 dentro de lo previsible\" la audiencia ante la Corte Suprema de Estados\u2026","rel":"","context":"En \u00abPol\u00edtica\u00bb","block_context":{"text":"Pol\u00edtica","link":"http:\/\/www.24baires.com\/?cat=51"},"img":{"alt_text":"Capitanich","src":"https:\/\/i0.wp.com\/www.24baires.com\/wp-content\/uploads\/2014\/01\/Capitanich.jpg?resize=350%2C200","width":350,"height":200,"srcset":"https:\/\/i0.wp.com\/www.24baires.com\/wp-content\/uploads\/2014\/01\/Capitanich.jpg?resize=350%2C200 1x, https:\/\/i0.wp.com\/www.24baires.com\/wp-content\/uploads\/2014\/01\/Capitanich.jpg?resize=525%2C300 1.5x"},"classes":[]},{"id":1119,"url":"http:\/\/www.24baires.com\/?p=1119","url_meta":{"origin":57876,"position":3},"title":"Gran expectativa por la creaci\u00f3n de la Polic\u00eda Judicial","author":"AF","date":"05\/10\/2012","format":false,"excerpt":"Ante la media sanci\u00f3n del Senado bonaerense del proyecto para la implementaci\u00f3n de la Polic\u00eda Judicial en la Provincia de Buenos Aires, el espacio \u201cConvergencia para la Democratizaci\u00f3n de la Justicia\u201d manifest\u00f3 su satisfacci\u00f3n por constituir \u201cun avance significativo en la democratizaci\u00f3n de la justicia y un cambio de paradigma\u2026","rel":"","context":"En \u00abSociedad\u00bb","block_context":{"text":"Sociedad","link":"http:\/\/www.24baires.com\/?cat=1"},"img":{"alt_text":"","src":"","width":0,"height":0},"classes":[]},{"id":34568,"url":"http:\/\/www.24baires.com\/?p=34568","url_meta":{"origin":57876,"position":4},"title":"Carri\u00f3 y su locura selectiva","author":"Grupo Sierra","date":"03\/11\/2013","format":false,"excerpt":"Hay una visi\u00f3n po\u00e9tica de la locura, porque hay una visi\u00f3n po\u00e9tica para todo a estas alturas. Hasta un charco de barro o el contenido de un sanitario puede ser afectado a un enfoque po\u00e9tico, desde alguna perspectiva particular, atravesada de connotaciones, aspectos y figuras que quiz\u00e1 se nos escapan\u2026","rel":"","context":"En \u00abOpini\u00f3n\u00bb","block_context":{"text":"Opini\u00f3n","link":"http:\/\/www.24baires.com\/?cat=64"},"img":{"alt_text":"carrio","src":"https:\/\/i0.wp.com\/www.24baires.com\/wp-content\/uploads\/2012\/10\/carrio.jpg?resize=350%2C200","width":350,"height":200,"srcset":"https:\/\/i0.wp.com\/www.24baires.com\/wp-content\/uploads\/2012\/10\/carrio.jpg?resize=350%2C200 1x, https:\/\/i0.wp.com\/www.24baires.com\/wp-content\/uploads\/2012\/10\/carrio.jpg?resize=525%2C300 1.5x"},"classes":[]},{"id":44386,"url":"http:\/\/www.24baires.com\/?p=44386","url_meta":{"origin":57876,"position":5},"title":"Scioli y De Vido firmaron un acuerdo para mantener congeladas las tarifas el\u00e9ctricas","author":"GB","date":"21\/04\/2014","format":false,"excerpt":"La provincia de Buenos Aires se sum\u00f3 al Programa de Convergencia de Tarifas El\u00e9ctricas con el objetivo de mantener sin modificaciones los cuadros tarifarios vigentes durante un a\u00f1o. El acuerdo fue firmado por el ministro de Planificaci\u00f3n, Julio de Vido, y el gobernador bonaerense, Daniel Scioli, en la sede de\u2026","rel":"","context":"En \u00abPol\u00edtica\u00bb","block_context":{"text":"Pol\u00edtica","link":"http:\/\/www.24baires.com\/?cat=51"},"img":{"alt_text":"sciolu y de vido","src":"https:\/\/i0.wp.com\/www.24baires.com\/wp-content\/uploads\/2014\/04\/sciolu-y-de-vido-300x225.jpg?resize=350%2C200","width":350,"height":200},"classes":[]}],"jetpack_sharing_enabled":true,"jetpack_likes_enabled":true,"jetpack_featured_media_url":"","_links":{"self":[{"href":"http:\/\/www.24baires.com\/index.php?rest_route=\/wp\/v2\/posts\/57876","targetHints":{"allow":["GET"]}}],"collection":[{"href":"http:\/\/www.24baires.com\/index.php?rest_route=\/wp\/v2\/posts"}],"about":[{"href":"http:\/\/www.24baires.com\/index.php?rest_route=\/wp\/v2\/types\/post"}],"author":[{"embeddable":true,"href":"http:\/\/www.24baires.com\/index.php?rest_route=\/wp\/v2\/users\/4"}],"replies":[{"embeddable":true,"href":"http:\/\/www.24baires.com\/index.php?rest_route=%2Fwp%2Fv2%2Fcomments&post=57876"}],"version-history":[{"count":1,"href":"http:\/\/www.24baires.com\/index.php?rest_route=\/wp\/v2\/posts\/57876\/revisions"}],"predecessor-version":[{"id":57878,"href":"http:\/\/www.24baires.com\/index.php?rest_route=\/wp\/v2\/posts\/57876\/revisions\/57878"}],"wp:attachment":[{"href":"http:\/\/www.24baires.com\/index.php?rest_route=%2Fwp%2Fv2%2Fmedia&parent=57876"}],"wp:term":[{"taxonomy":"category","embeddable":true,"href":"http:\/\/www.24baires.com\/index.php?rest_route=%2Fwp%2Fv2%2Fcategories&post=57876"},{"taxonomy":"post_tag","embeddable":true,"href":"http:\/\/www.24baires.com\/index.php?rest_route=%2Fwp%2Fv2%2Ftags&post=57876"}],"curies":[{"name":"wp","href":"https:\/\/api.w.org\/{rel}","templated":true}]}}