{"id":57865,"date":"2014-11-29T10:00:27","date_gmt":"2014-11-29T13:00:27","guid":{"rendered":"http:\/\/www.24baires.com\/?p=57865"},"modified":"2014-11-30T10:40:13","modified_gmt":"2014-11-30T13:40:13","slug":"kicillof-en-2015-se-tendra-que-elegir-entre-dos-modelos-de-pais","status":"publish","type":"post","link":"http:\/\/www.24baires.com\/?p=57865","title":{"rendered":"Kicillof: \u00abEn 2015 se tendr\u00e1 que elegir entre dos modelos de pa\u00eds\u00bb"},"content":{"rendered":"<p><img data-recalc-dims=\"1\" loading=\"lazy\" decoding=\"async\" class=\"aligncenter size-full wp-image-39529\" src=\"https:\/\/i0.wp.com\/www.24baires.com\/wp-content\/uploads\/2014\/01\/axelkicillof.jpg?resize=560%2C333\" alt=\"axelkicillof\" width=\"560\" height=\"333\" srcset=\"https:\/\/i0.wp.com\/www.24baires.com\/wp-content\/uploads\/2014\/01\/axelkicillof.jpg?w=560 560w, https:\/\/i0.wp.com\/www.24baires.com\/wp-content\/uploads\/2014\/01\/axelkicillof.jpg?resize=300%2C178 300w\" sizes=\"auto, (max-width: 560px) 100vw, 560px\" \/>El ministro de Econom\u00eda Axel Kicillof asegur\u00f3 que en las elecciones del a\u00f1o pr\u00f3ximo \u201ces por dos modelos claramente definidos\u201d, uno el lanzado por este Gobierno, de industrializaci\u00f3n con inclusi\u00f3n social, y el otro \u201cde regreso a la pol\u00edtica que ya conocimos, de ajuste y flexibilizaci\u00f3n laboral que conduce a la desindustrializaci\u00f3n\u201d.<!--more--><\/p>\n<p>Kicillof formul\u00f3 estas declaraciones en la ciudad de Rosario donde particip\u00f3 de un encuentro con empresarios y representantes de la Uni\u00f3n Industrial Regi\u00f3n Rosario (Unirr), la Confederaci\u00f3n Argentina de la Mediana Empresa (CAME) y la Asociaci\u00f3n Empresaria de Rosario, inform\u00f3 el ministerio a trav\u00e9s de un comunicado.<\/p>\n<p>\u201cNosotros demostramos que no se trata de plantear un programa que s\u00f3lo maneje dos o tres variables econ\u00f3micas. Nuestro proyecto tiene claros objetivos pol\u00edticos de sustentabilidad\u201d, asegur\u00f3 el ministro, ante un centenar de empresarios.<\/p>\n<p>Kicillof destac\u00f3 que \u201csin inclusi\u00f3n social no hay sostenibilidad. Si no generamos 6 millones de puestos de trabajo e incluimos 3 millones de nuevos jubilados, el pa\u00eds no es sostenible. Por eso, para poder crecer en el tiempo y a lo largo del pa\u00eds primero hay que distribuir\u201d.<\/p>\n<p>En ese marco, el funcionario sostuvo que \u201cla disputa en las elecciones (presidenciales) del a\u00f1o que viene es por los dos modelos claramente definidos. Todo el contexto de incertidumbre y desestabilizaci\u00f3n generado es preparando el terreno para el regreso de la pol\u00edtica que ya conocimos, de ajuste y flexibilizaci\u00f3n laboral. Y eso conduce indefectiblemente a recesi\u00f3n y a un proceso de desindustrializaci\u00f3n\u201d.<\/p>\n<p>Previamente, Kicillof hab\u00eda defendido el modelo de crecimiento con inclusi\u00f3n social que impulsa el Gobierno y que \u201cpermiti\u00f3 consolidar un proceso de crecimiento econ\u00f3mico y de fortalecimiento de la industria nacional donde la pol\u00edtica social fue un complemento fundamental para el c\u00edrculo virtuoso que redund\u00f3 en la econom\u00eda nacional\u201d.<\/p>\n<p>Kicillof estuvo acompa\u00f1ado por el Secretario de Comercio, Augusto Costa y el diputado nacional, Marcos Cleri.<\/p>\n","protected":false},"excerpt":{"rendered":"<p>El ministro de Econom\u00eda Axel Kicillof asegur\u00f3 que en las elecciones del a\u00f1o pr\u00f3ximo \u201ces por dos modelos claramente definidos\u201d, uno el lanzado por este Gobierno, de industrializaci\u00f3n con inclusi\u00f3n social, y el otro \u201cde regreso a la pol\u00edtica que ya conocimos, de ajuste y flexibilizaci\u00f3n laboral que conduce a la desindustrializaci\u00f3n\u201d.<\/p>\n","protected":false},"author":4,"featured_media":0,"comment_status":"open","ping_status":"open","sticky":false,"template":"","format":"standard","meta":{"_jetpack_newsletter_access":"","_jetpack_dont_email_post_to_subs":false,"_jetpack_newsletter_tier_id":0,"_jetpack_memberships_contains_paywalled_content":false,"_jetpack_memberships_contains_paid_content":false,"footnotes":""},"categories":[51],"tags":[],"class_list":["post-57865","post","type-post","status-publish","format-standard","hentry","category-politica"],"jetpack_shortlink":"https:\/\/wp.me\/p2JWE0-f3j","jetpack-related-posts":[{"id":65468,"url":"http:\/\/www.24baires.com\/?p=65468","url_meta":{"origin":57865,"position":0},"title":"Kicillof pidi\u00f3 que las mejoras salariales no sean trasladadas a los precios","author":"AF","date":"06\/05\/2015","format":false,"excerpt":"El ministro de Econom\u00eda, Axel Kicillof, pidi\u00f3 \"responsabilidad\" al sector empresario en las discusiones paritarias, al tiempo que enfatiz\u00f3 que existen sectores que ganaron \"much\u00edsima plata\" durante la \u00faltima d\u00e9cada y que deber\u00edan \"compartir con los trabajadores\" esa renta. Kicillof critic\u00f3 adem\u00e1s la pol\u00edtica de trasladar los aumentos de sueldo\u2026","rel":"","context":"En \u00abEconom\u00eda\u00bb","block_context":{"text":"Econom\u00eda","link":"http:\/\/www.24baires.com\/?cat=45"},"img":{"alt_text":"kicillof","src":"https:\/\/i0.wp.com\/www.24baires.com\/wp-content\/uploads\/2014\/07\/kicillof.jpg?resize=350%2C200","width":350,"height":200,"srcset":"https:\/\/i0.wp.com\/www.24baires.com\/wp-content\/uploads\/2014\/07\/kicillof.jpg?resize=350%2C200 1x, https:\/\/i0.wp.com\/www.24baires.com\/wp-content\/uploads\/2014\/07\/kicillof.jpg?resize=525%2C300 1.5x"},"classes":[]},{"id":111509,"url":"http:\/\/www.24baires.com\/?p=111509","url_meta":{"origin":57865,"position":1},"title":"Kicillof y Vidal cerrar\u00e1n su campa\u00f1a con Cristina Kirchner y Macri","author":"GB","date":"08\/08\/2019","format":false,"excerpt":"El precandidato del Frente de Todos estar\u00e1 este jueves en Merlo, mientras que la gobernadora ir\u00e1 a Vicente L\u00f3pez. Los precandidatos para gobernador de la provincia de Buenos Aires, Axel Kicillof y Mar\u00eda Eugenia Vidal, cerrar\u00e1n este jueves su campa\u00f1a para las PASO con importantes figuras de alcance nacional. Kicillof\u2026","rel":"","context":"En \u00abPol\u00edtica\u00bb","block_context":{"text":"Pol\u00edtica","link":"http:\/\/www.24baires.com\/?cat=51"},"img":{"alt_text":"","src":"https:\/\/i0.wp.com\/www.24baires.com\/wp-content\/uploads\/2019\/08\/cierre-de-campa%C3%B1a.jpg?resize=350%2C200","width":350,"height":200,"srcset":"https:\/\/i0.wp.com\/www.24baires.com\/wp-content\/uploads\/2019\/08\/cierre-de-campa%C3%B1a.jpg?resize=350%2C200 1x, https:\/\/i0.wp.com\/www.24baires.com\/wp-content\/uploads\/2019\/08\/cierre-de-campa%C3%B1a.jpg?resize=525%2C300 1.5x"},"classes":[]},{"id":121162,"url":"http:\/\/www.24baires.com\/?p=121162","url_meta":{"origin":57865,"position":2},"title":"Kicillof presentar\u00e1 el operativo \u201cescudo del norte\u201d contra los narcos","author":"GB","date":"25\/03\/2024","format":false,"excerpt":"El gobernador de la provincia de Buenos Aires implementar\u00e1 medidas para combatir el narcotr\u00e1fico en la regi\u00f3n norte bonaerense, presentando el \"escudo del norte\" en San Nicol\u00e1s para prevenir el ingreso de narcotraficantes desde Rosario. En respuesta a la creciente preocupaci\u00f3n por el aumento del narcotr\u00e1fico en la regi\u00f3n norte\u2026","rel":"","context":"En \u00abProvincia\u00bb","block_context":{"text":"Provincia","link":"http:\/\/www.24baires.com\/?cat=40"},"img":{"alt_text":"","src":"https:\/\/i0.wp.com\/www.24baires.com\/wp-content\/uploads\/2024\/03\/gendarmeria.webp?resize=350%2C200","width":350,"height":200,"srcset":"https:\/\/i0.wp.com\/www.24baires.com\/wp-content\/uploads\/2024\/03\/gendarmeria.webp?resize=350%2C200 1x, https:\/\/i0.wp.com\/www.24baires.com\/wp-content\/uploads\/2024\/03\/gendarmeria.webp?resize=525%2C300 1.5x, https:\/\/i0.wp.com\/www.24baires.com\/wp-content\/uploads\/2024\/03\/gendarmeria.webp?resize=700%2C400 2x"},"classes":[]},{"id":64223,"url":"http:\/\/www.24baires.com\/?p=64223","url_meta":{"origin":57865,"position":3},"title":"\u00abEn los \u00faltimos once a\u00f1os se dio un renacimiento de la actividad industrial\u00bb","author":"GB","date":"13\/04\/2015","format":false,"excerpt":"Axel Kicillof lo dijo al encabezar en el Mercado Central un encuentro con medio millar de j\u00f3venes empresarios, en el marco de un evento convocado por referentes de las principales centrales empresarias Pymes. El ministro de Econom\u00eda, Axel Kicillof, afirm\u00f3 esta tarde que durante los \u00faltimos once a\u00f1os se dio\u2026","rel":"","context":"En \u00abEconom\u00eda\u00bb","block_context":{"text":"Econom\u00eda","link":"http:\/\/www.24baires.com\/?cat=45"},"img":{"alt_text":"kicillof","src":"https:\/\/i0.wp.com\/www.24baires.com\/wp-content\/uploads\/2014\/07\/kicillof.jpg?resize=350%2C200","width":350,"height":200,"srcset":"https:\/\/i0.wp.com\/www.24baires.com\/wp-content\/uploads\/2014\/07\/kicillof.jpg?resize=350%2C200 1x, https:\/\/i0.wp.com\/www.24baires.com\/wp-content\/uploads\/2014\/07\/kicillof.jpg?resize=525%2C300 1.5x"},"classes":[]},{"id":39528,"url":"http:\/\/www.24baires.com\/?p=39528","url_meta":{"origin":57865,"position":4},"title":"\u00abVamos a sostener un nivel de reservas adecuado\u00bb, asegur\u00f3 Kicillof","author":"GB","date":"30\/01\/2014","format":false,"excerpt":"Tras conseguir estabilizar el precio del d\u00f3lar, el ministro de Econom\u00eda conf\u00eda en que los exportadores liquidar\u00e1n sus stocks. Una semana despu\u00e9s de la mayor devaluaci\u00f3n de la \u00faltima d\u00e9cada, el ministro de Econom\u00eda, Axel Kicillof, piensa que se cumpli\u00f3 el primer objetivo: clavar el precio del d\u00f3lar en 8\u2026","rel":"","context":"En \u00abEconom\u00eda\u00bb","block_context":{"text":"Econom\u00eda","link":"http:\/\/www.24baires.com\/?cat=45"},"img":{"alt_text":"","src":"https:\/\/i0.wp.com\/www.24baires.com\/wp-content\/uploads\/2014\/01\/axelkicillof.jpg?resize=350%2C200","width":350,"height":200,"srcset":"https:\/\/i0.wp.com\/www.24baires.com\/wp-content\/uploads\/2014\/01\/axelkicillof.jpg?resize=350%2C200 1x, https:\/\/i0.wp.com\/www.24baires.com\/wp-content\/uploads\/2014\/01\/axelkicillof.jpg?resize=525%2C300 1.5x"},"classes":[]},{"id":58059,"url":"http:\/\/www.24baires.com\/?p=58059","url_meta":{"origin":57865,"position":5},"title":"\u00abLes pido a los empresarios que cuando defiendan la industrializaci\u00f3n defiendan tambi\u00e9n la inclusi\u00f3n\u00bb","author":"AF","date":"03\/12\/2014","format":false,"excerpt":"En la conferencia anual de la Uni\u00f3n Industrial Argentina (UIA) que se realiza en Pilar, el ministro de Econom\u00eda, Axel Kicillof, dijo que \u201cla mejor forma de inclusi\u00f3n social es el empleo industrial urbano\u201d. El ministro de Econom\u00eda, Axel Kicillof, pidi\u00f3 hoy a los empresarios que defiendan la industrializaci\u00f3n y\u2026","rel":"","context":"En \u00abEconom\u00eda\u00bb","block_context":{"text":"Econom\u00eda","link":"http:\/\/www.24baires.com\/?cat=45"},"img":{"alt_text":"kicillof","src":"https:\/\/i0.wp.com\/www.24baires.com\/wp-content\/uploads\/2014\/07\/kicillof.jpg?resize=350%2C200","width":350,"height":200,"srcset":"https:\/\/i0.wp.com\/www.24baires.com\/wp-content\/uploads\/2014\/07\/kicillof.jpg?resize=350%2C200 1x, https:\/\/i0.wp.com\/www.24baires.com\/wp-content\/uploads\/2014\/07\/kicillof.jpg?resize=525%2C300 1.5x"},"classes":[]}],"jetpack_sharing_enabled":true,"jetpack_likes_enabled":true,"jetpack_featured_media_url":"","_links":{"self":[{"href":"http:\/\/www.24baires.com\/index.php?rest_route=\/wp\/v2\/posts\/57865","targetHints":{"allow":["GET"]}}],"collection":[{"href":"http:\/\/www.24baires.com\/index.php?rest_route=\/wp\/v2\/posts"}],"about":[{"href":"http:\/\/www.24baires.com\/index.php?rest_route=\/wp\/v2\/types\/post"}],"author":[{"embeddable":true,"href":"http:\/\/www.24baires.com\/index.php?rest_route=\/wp\/v2\/users\/4"}],"replies":[{"embeddable":true,"href":"http:\/\/www.24baires.com\/index.php?rest_route=%2Fwp%2Fv2%2Fcomments&post=57865"}],"version-history":[{"count":1,"href":"http:\/\/www.24baires.com\/index.php?rest_route=\/wp\/v2\/posts\/57865\/revisions"}],"predecessor-version":[{"id":57866,"href":"http:\/\/www.24baires.com\/index.php?rest_route=\/wp\/v2\/posts\/57865\/revisions\/57866"}],"wp:attachment":[{"href":"http:\/\/www.24baires.com\/index.php?rest_route=%2Fwp%2Fv2%2Fmedia&parent=57865"}],"wp:term":[{"taxonomy":"category","embeddable":true,"href":"http:\/\/www.24baires.com\/index.php?rest_route=%2Fwp%2Fv2%2Fcategories&post=57865"},{"taxonomy":"post_tag","embeddable":true,"href":"http:\/\/www.24baires.com\/index.php?rest_route=%2Fwp%2Fv2%2Ftags&post=57865"}],"curies":[{"name":"wp","href":"https:\/\/api.w.org\/{rel}","templated":true}]}}