{"id":57832,"date":"2014-11-28T09:00:32","date_gmt":"2014-11-28T12:00:32","guid":{"rendered":"http:\/\/www.24baires.com\/?p=57832"},"modified":"2014-11-28T09:47:36","modified_gmt":"2014-11-28T12:47:36","slug":"la-eleccion-de-legisladores-del-mercosur-es-iniciativa-del-poder-legislativo","status":"publish","type":"post","link":"http:\/\/www.24baires.com\/?p=57832","title":{"rendered":"La elecci\u00f3n de legisladores del Mercosur \u00abes iniciativa del Poder Legislativo\u00bb"},"content":{"rendered":"<p><img data-recalc-dims=\"1\" loading=\"lazy\" decoding=\"async\" class=\"aligncenter size-full wp-image-53421\" src=\"https:\/\/i0.wp.com\/www.24baires.com\/wp-content\/uploads\/2014\/09\/capitanich-4.jpg?resize=560%2C313\" alt=\"capitanich 4\" width=\"560\" height=\"313\" srcset=\"https:\/\/i0.wp.com\/www.24baires.com\/wp-content\/uploads\/2014\/09\/capitanich-4.jpg?w=560 560w, https:\/\/i0.wp.com\/www.24baires.com\/wp-content\/uploads\/2014\/09\/capitanich-4.jpg?resize=300%2C167 300w\" sizes=\"auto, (max-width: 560px) 100vw, 560px\" \/>El jefe de Gabinete, Jorge Capitanich, indic\u00f3 hoy que la elecci\u00f3n que debe realizarse en 2015 no es un proyecto impulsado por el Poder Ejecutivo. Y agreg\u00f3 que \u00abpor lo tanto, deber\u00e1 evaluarse en el marco del Congreso\u00bb.<!--more--><\/p>\n<p>Desde Casa de Gobierno, el funcionario nacional respondi\u00f3 as\u00ed a una consulta period\u00edstica sobre si el Poder Ejecutivo propiciar\u00eda la elecci\u00f3n de parlamentarios al organismo latinoamericano junto con las elecciones presidenciales y legislativas de 2015.<\/p>\n<p>\u00abEs una iniciativa legislativa, no del Poder Ejecutivo. Por lo tanto, deber\u00e1 evaluarse en el marco del Congreso\u00bb, dijo Capitanich.<\/p>\n<p>El a\u00f1o pr\u00f3ximo el Congreso de la Naci\u00f3n deber\u00e1 elegir a sus representantes en el Parlasur, organismo legislativo del Mercosur.<\/p>\n<p>&nbsp;<\/p>\n<p>&nbsp;<\/p>\n<p>&nbsp;<\/p>\n<p>&nbsp;<\/p>\n<p>&nbsp;<\/p>\n<p>&nbsp;<\/p>\n<p>&nbsp;<\/p>\n<p>&nbsp;<\/p>\n<p>&nbsp;<\/p>\n<p>&nbsp;<\/p>\n<p>&nbsp;<\/p>\n<p>&nbsp;<\/p>\n<p>&nbsp;<\/p>\n<p>&nbsp;<\/p>\n","protected":false},"excerpt":{"rendered":"<p>El jefe de Gabinete, Jorge Capitanich, indic\u00f3 hoy que la elecci\u00f3n que debe realizarse en 2015 no es un proyecto impulsado por el Poder Ejecutivo. Y agreg\u00f3 que \u00abpor lo tanto, deber\u00e1 evaluarse en el marco del Congreso\u00bb.<\/p>\n","protected":false},"author":8,"featured_media":0,"comment_status":"open","ping_status":"open","sticky":false,"template":"","format":"standard","meta":{"_jetpack_newsletter_access":"","_jetpack_dont_email_post_to_subs":false,"_jetpack_newsletter_tier_id":0,"_jetpack_memberships_contains_paywalled_content":false,"_jetpack_memberships_contains_paid_content":false,"footnotes":""},"categories":[51],"tags":[],"class_list":["post-57832","post","type-post","status-publish","format-standard","hentry","category-politica"],"jetpack_shortlink":"https:\/\/wp.me\/p2JWE0-f2M","jetpack-related-posts":[{"id":107261,"url":"http:\/\/www.24baires.com\/?p=107261","url_meta":{"origin":57832,"position":0},"title":"El Poder Ejecutivo arremete contra Ramos Padilla","author":"AF","date":"18\/03\/2019","format":false,"excerpt":"El Gobierno concret\u00f3 el pedido de destituci\u00f3n del juez Alejo Ramos Padilla, que investiga una red de espionaje y extorsi\u00f3n que podr\u00eda alcanzar a sectores del oficialismo. Por orden del presidente Mauricio Macri, el representante del Poder Ejecutivo ante el Consejo de la Magistratura, Juan Bautista Mah\u00edques, hizo una presentaci\u00f3n\u2026","rel":"","context":"En \u00abJUDICIALES\u00bb","block_context":{"text":"JUDICIALES","link":"http:\/\/www.24baires.com\/?cat=68"},"img":{"alt_text":"","src":"https:\/\/i0.wp.com\/www.24baires.com\/wp-content\/uploads\/2019\/03\/ramos-padilla-1.jpg?resize=350%2C200","width":350,"height":200,"srcset":"https:\/\/i0.wp.com\/www.24baires.com\/wp-content\/uploads\/2019\/03\/ramos-padilla-1.jpg?resize=350%2C200 1x, https:\/\/i0.wp.com\/www.24baires.com\/wp-content\/uploads\/2019\/03\/ramos-padilla-1.jpg?resize=525%2C300 1.5x"},"classes":[]},{"id":117067,"url":"http:\/\/www.24baires.com\/?p=117067","url_meta":{"origin":57832,"position":1},"title":"El Gobierno habilit\u00f3 al Congreso a tratar el proyecto para suspender las PASO","author":"AF","date":"23\/01\/2021","format":false,"excerpt":"Lo hizo a trav\u00e9s de un decreto, con el que incluye en las sesiones extraordinarias el debate de cambios en el calendario electoral. El Gobierno nacional ampli\u00f3 con un decreto el temario a tratar en las sesiones extraordinarias del Congreso y la principal novedad refiere a \"Emergencia Sanitaria y Calendario\u2026","rel":"","context":"En \u00abLocales\u00bb","block_context":{"text":"Locales","link":"http:\/\/www.24baires.com\/?cat=38"},"img":{"alt_text":"","src":"https:\/\/i0.wp.com\/www.24baires.com\/wp-content\/uploads\/2015\/04\/paso-caba.jpg?resize=350%2C200","width":350,"height":200,"srcset":"https:\/\/i0.wp.com\/www.24baires.com\/wp-content\/uploads\/2015\/04\/paso-caba.jpg?resize=350%2C200 1x, https:\/\/i0.wp.com\/www.24baires.com\/wp-content\/uploads\/2015\/04\/paso-caba.jpg?resize=525%2C300 1.5x"},"classes":[]},{"id":102850,"url":"http:\/\/www.24baires.com\/?p=102850","url_meta":{"origin":57832,"position":2},"title":"Diputados comenz\u00f3 su sesi\u00f3n especial para que el acuerdo con el FMI se debata en el Congreso","author":"GB","date":"19\/06\/2018","format":false,"excerpt":"Conformado por legisladores de todos los bloques opositores, la C\u00e1mara de Diputados lleva adelante el pedido de una sesi\u00f3n especial para que el acuerdo que firm\u00f3 el Gobierno con el Fondo pase por el Poder Legislativo. Contundente ausencia del oficialismo. En la C\u00e1mara de Diputados comenz\u00f3 la sesi\u00f3n especial para\u2026","rel":"","context":"En \u00abPol\u00edtica\u00bb","block_context":{"text":"Pol\u00edtica","link":"http:\/\/www.24baires.com\/?cat=51"},"img":{"alt_text":"","src":"https:\/\/i0.wp.com\/www.24baires.com\/wp-content\/uploads\/2017\/11\/diputados.jpg?resize=350%2C200","width":350,"height":200,"srcset":"https:\/\/i0.wp.com\/www.24baires.com\/wp-content\/uploads\/2017\/11\/diputados.jpg?resize=350%2C200 1x, https:\/\/i0.wp.com\/www.24baires.com\/wp-content\/uploads\/2017\/11\/diputados.jpg?resize=525%2C300 1.5x"},"classes":[]},{"id":110882,"url":"http:\/\/www.24baires.com\/?p=110882","url_meta":{"origin":57832,"position":3},"title":"El Gobierno redujo a la mitad el espacio para los spots de campa\u00f1a","author":"GB","date":"21\/06\/2019","format":false,"excerpt":"El Gobierno dispuso que los medios de comunicaci\u00f3n deber\u00e1n ceder gratuitamente el 5% de doce horas de programaci\u00f3n \"para la difusi\u00f3n de mensajes de campa\u00f1a electoral\" tanto para las PASO como para las elecciones generales, la mitad de lo que se hab\u00eda dispuesto en 2015. El decreto 429\/2019, firmado por\u2026","rel":"","context":"En \u00abElecciones\u00bb","block_context":{"text":"Elecciones","link":"http:\/\/www.24baires.com\/?cat=316"},"img":{"alt_text":"","src":"https:\/\/i0.wp.com\/www.24baires.com\/wp-content\/uploads\/2019\/03\/MACRI-CONGRESO.png?resize=350%2C200","width":350,"height":200,"srcset":"https:\/\/i0.wp.com\/www.24baires.com\/wp-content\/uploads\/2019\/03\/MACRI-CONGRESO.png?resize=350%2C200 1x, https:\/\/i0.wp.com\/www.24baires.com\/wp-content\/uploads\/2019\/03\/MACRI-CONGRESO.png?resize=525%2C300 1.5x"},"classes":[]},{"id":104798,"url":"http:\/\/www.24baires.com\/?p=104798","url_meta":{"origin":57832,"position":4},"title":"Buscan que se discuta en el Congreso el acuerdo entre el Gobierno y el FMI","author":"AF","date":"05\/10\/2018","format":false,"excerpt":"Legisladores rechazaron por \u201cinconstitucional\u201d e \u201cimprocedente\u201d el nuevo convenio de endeudamiento que acord\u00f3 el presidente Mauricio Macri con el FMI. Adem\u00e1s se present\u00f3 un recurso de amparo en el que solicita a la Justicia que establezca la nulidad del convenio. Los principales referentes del bloque FpV-PJ presentaron ayer un proyecto\u2026","rel":"","context":"En \u00abPol\u00edtica\u00bb","block_context":{"text":"Pol\u00edtica","link":"http:\/\/www.24baires.com\/?cat=51"},"img":{"alt_text":"","src":"https:\/\/i0.wp.com\/www.24baires.com\/wp-content\/uploads\/2016\/04\/fmi.jpg?resize=350%2C200","width":350,"height":200,"srcset":"https:\/\/i0.wp.com\/www.24baires.com\/wp-content\/uploads\/2016\/04\/fmi.jpg?resize=350%2C200 1x, https:\/\/i0.wp.com\/www.24baires.com\/wp-content\/uploads\/2016\/04\/fmi.jpg?resize=525%2C300 1.5x"},"classes":[]},{"id":59524,"url":"http:\/\/www.24baires.com\/?p=59524","url_meta":{"origin":57832,"position":5},"title":"El a\u00f1o pasado la C\u00e1mara de Diputados sesion\u00f3 el doble de veces que en 2013","author":"Grupo Sierra","date":"03\/01\/2015","format":false,"excerpt":"La C\u00e1mara baja tuvo un total de 26 reuniones, entre sesiones ordinarias, especiales, informativas, en minor\u00eda y una preparatoria, superando con creces la actividad de 2013. Se acentu\u00f3 la tendencia de las sesiones especiales. La actividad de los diputados en la era kirchnerista. Aprovechando la mayor\u00eda num\u00e9rica que a\u00fan conserva,\u2026","rel":"","context":"En \u00abPol\u00edtica\u00bb","block_context":{"text":"Pol\u00edtica","link":"http:\/\/www.24baires.com\/?cat=51"},"img":{"alt_text":"","src":"","width":0,"height":0},"classes":[]}],"jetpack_sharing_enabled":true,"jetpack_likes_enabled":true,"jetpack_featured_media_url":"","_links":{"self":[{"href":"http:\/\/www.24baires.com\/index.php?rest_route=\/wp\/v2\/posts\/57832","targetHints":{"allow":["GET"]}}],"collection":[{"href":"http:\/\/www.24baires.com\/index.php?rest_route=\/wp\/v2\/posts"}],"about":[{"href":"http:\/\/www.24baires.com\/index.php?rest_route=\/wp\/v2\/types\/post"}],"author":[{"embeddable":true,"href":"http:\/\/www.24baires.com\/index.php?rest_route=\/wp\/v2\/users\/8"}],"replies":[{"embeddable":true,"href":"http:\/\/www.24baires.com\/index.php?rest_route=%2Fwp%2Fv2%2Fcomments&post=57832"}],"version-history":[{"count":1,"href":"http:\/\/www.24baires.com\/index.php?rest_route=\/wp\/v2\/posts\/57832\/revisions"}],"predecessor-version":[{"id":57833,"href":"http:\/\/www.24baires.com\/index.php?rest_route=\/wp\/v2\/posts\/57832\/revisions\/57833"}],"wp:attachment":[{"href":"http:\/\/www.24baires.com\/index.php?rest_route=%2Fwp%2Fv2%2Fmedia&parent=57832"}],"wp:term":[{"taxonomy":"category","embeddable":true,"href":"http:\/\/www.24baires.com\/index.php?rest_route=%2Fwp%2Fv2%2Fcategories&post=57832"},{"taxonomy":"post_tag","embeddable":true,"href":"http:\/\/www.24baires.com\/index.php?rest_route=%2Fwp%2Fv2%2Ftags&post=57832"}],"curies":[{"name":"wp","href":"https:\/\/api.w.org\/{rel}","templated":true}]}}