{"id":57798,"date":"2014-11-27T17:43:46","date_gmt":"2014-11-27T20:43:46","guid":{"rendered":"http:\/\/www.24baires.com\/?p=57798"},"modified":"2014-11-27T17:43:46","modified_gmt":"2014-11-27T20:43:46","slug":"zaffaroni-destaco-la-baja-en-la-tasa-de-homicidios-intencionales","status":"publish","type":"post","link":"http:\/\/www.24baires.com\/?p=57798","title":{"rendered":"Zaffaroni destac\u00f3 la baja en la tasa de homicidios intencionales"},"content":{"rendered":"<p><img data-recalc-dims=\"1\" loading=\"lazy\" decoding=\"async\" class=\"aligncenter size-full wp-image-7360\" src=\"https:\/\/i0.wp.com\/www.24baires.com\/wp-content\/uploads\/2012\/11\/zaffaroni21.jpg?resize=560%2C372\" alt=\"zaffaroni2\" width=\"560\" height=\"372\" srcset=\"https:\/\/i0.wp.com\/www.24baires.com\/wp-content\/uploads\/2012\/11\/zaffaroni21.jpg?w=560 560w, https:\/\/i0.wp.com\/www.24baires.com\/wp-content\/uploads\/2012\/11\/zaffaroni21.jpg?resize=300%2C199 300w\" sizes=\"auto, (max-width: 560px) 100vw, 560px\" \/>El ministro de la Corte Suprema de Justicia de la Naci\u00f3n destac\u00f3 las cifras de la Argentina en relaci\u00f3n con otros pa\u00edses del continente. \u00abEstamos en una situaci\u00f3n privilegiada\u201d, afirm\u00f3.<!--more--><\/p>\n<p>\u00abEstamos en una situaci\u00f3n privilegiada\u201d dentro de una \u201cregi\u00f3n altamente violenta\u201d, remarc\u00f3 esta tarde Zaffaroni al presentar un informe sobre \u201cHomicidios Dolosos\u201d de 2013, registrados en la Ciudad de Buenos Aires y algunas provincias argentina.<\/p>\n<p>&nbsp;<\/p>\n<p>&nbsp;<\/p>\n<p>&nbsp;<\/p>\n<p>&nbsp;<\/p>\n<p>&nbsp;<\/p>\n<p>&nbsp;<\/p>\n<p>&nbsp;<\/p>\n<p>&nbsp;<\/p>\n<p>&nbsp;<\/p>\n<p>&nbsp;<\/p>\n<p>&nbsp;<\/p>\n<p>&nbsp;<\/p>\n<p>&nbsp;<\/p>\n<p>&nbsp;<\/p>\n","protected":false},"excerpt":{"rendered":"<p>El ministro de la Corte Suprema de Justicia de la Naci\u00f3n destac\u00f3 las cifras de la Argentina en relaci\u00f3n con otros pa\u00edses del continente. \u00abEstamos en una situaci\u00f3n privilegiada\u201d, afirm\u00f3.<\/p>\n","protected":false},"author":8,"featured_media":0,"comment_status":"open","ping_status":"open","sticky":false,"template":"","format":"standard","meta":{"_jetpack_newsletter_access":"","_jetpack_dont_email_post_to_subs":false,"_jetpack_newsletter_tier_id":0,"_jetpack_memberships_contains_paywalled_content":false,"_jetpack_memberships_contains_paid_content":false,"footnotes":""},"categories":[51],"tags":[],"class_list":["post-57798","post","type-post","status-publish","format-standard","hentry","category-politica"],"jetpack_shortlink":"https:\/\/wp.me\/p2JWE0-f2e","jetpack-related-posts":[{"id":100310,"url":"http:\/\/www.24baires.com\/?p=100310","url_meta":{"origin":57798,"position":0},"title":"Cambiemos busca que echen a Zaffaroni de la CIDH","author":"AF","date":"01\/02\/2018","format":false,"excerpt":"El inefable Fernando Iglesias es el autor de un proyecto para que la C\u00e1mara de Diputados pida la remoci\u00f3n del magistrado. En una pirueta m\u00e1s de su inefable carrera pol\u00edtica, el profesor de gimnasia y legislador nacional por Cambiemos, Fernando Iglesias, impulsa un proyecto en la C\u00e1mara de Diputados para\u2026","rel":"","context":"En \u00abPol\u00edtica\u00bb","block_context":{"text":"Pol\u00edtica","link":"http:\/\/www.24baires.com\/?cat=51"},"img":{"alt_text":"","src":"https:\/\/i0.wp.com\/www.24baires.com\/wp-content\/uploads\/2012\/11\/zaffaroni21.jpg?resize=350%2C200","width":350,"height":200,"srcset":"https:\/\/i0.wp.com\/www.24baires.com\/wp-content\/uploads\/2012\/11\/zaffaroni21.jpg?resize=350%2C200 1x, https:\/\/i0.wp.com\/www.24baires.com\/wp-content\/uploads\/2012\/11\/zaffaroni21.jpg?resize=525%2C300 1.5x"},"classes":[]},{"id":100578,"url":"http:\/\/www.24baires.com\/?p=100578","url_meta":{"origin":57798,"position":1},"title":"Macri volvi\u00f3 a defender a Chocobar","author":"AF","date":"16\/02\/2018","format":false,"excerpt":"Tras la confirmaci\u00f3n del procesamiento del efectivo de la polic\u00eda local de Avellaneda y el cambio de car\u00e1tulo a homicidio calificado, el presidente Mauricio Macri volvi\u00f3 a defender al acusado de gatillo f\u00e1cil. El presidente Mauricio Macri reiter\u00f3 este viernes su cerrada defensa del efectivo de la polic\u00eda local de\u2026","rel":"","context":"En \u00abLocales\u00bb","block_context":{"text":"Locales","link":"http:\/\/www.24baires.com\/?cat=38"},"img":{"alt_text":"","src":"https:\/\/i0.wp.com\/www.24baires.com\/wp-content\/uploads\/2017\/10\/mauricio-macri.jpg?resize=350%2C200","width":350,"height":200,"srcset":"https:\/\/i0.wp.com\/www.24baires.com\/wp-content\/uploads\/2017\/10\/mauricio-macri.jpg?resize=350%2C200 1x, https:\/\/i0.wp.com\/www.24baires.com\/wp-content\/uploads\/2017\/10\/mauricio-macri.jpg?resize=525%2C300 1.5x"},"classes":[]},{"id":9545,"url":"http:\/\/www.24baires.com\/?p=9545","url_meta":{"origin":57798,"position":2},"title":"Zaffaroni habl\u00f3 de \u00abcrisis\u00bb en el Consejo de la Magistratura","author":"Grupo Sierra","date":"17\/12\/2012","format":false,"excerpt":"El juez de la Corte Suprema de Justicia, Eugenio Zaffaroni,\u00a0\u00a0se\u00f1al\u00f3 que \"el Consejo de la Magistratura est\u00e1 trabado principalmente en lo relacionado a la designaci\u00f3n de jueces\", y consider\u00f3 que \u201chay que encontrar un mecanismo que lo destrabe\". Al ser consultado sobre el presente del Poder Judicial, el integrante de\u2026","rel":"","context":"En \u00abPol\u00edtica\u00bb","block_context":{"text":"Pol\u00edtica","link":"http:\/\/www.24baires.com\/?cat=51"},"img":{"alt_text":"","src":"","width":0,"height":0},"classes":[]},{"id":101512,"url":"http:\/\/www.24baires.com\/?p=101512","url_meta":{"origin":57798,"position":3},"title":"Zaffaroni: \u00abEstamos en un proceso regresivo de la democracia y los derechos humanos\u00bb","author":"AF","date":"09\/04\/2018","format":false,"excerpt":"El ex juez de la Corte Suprema y juez de la Corte Interamericana de Derechos Humanos sostuvo que \"el gobierno quiere manipular la justicia de una forma in\u00e9dita\". En declaraciones al programa Maldita Suerte por FM La Patriada, sostuvo que \"hay una conflictividad interna en los servicios de inteligencia que\u2026","rel":"","context":"En \u00abPol\u00edtica\u00bb","block_context":{"text":"Pol\u00edtica","link":"http:\/\/www.24baires.com\/?cat=51"},"img":{"alt_text":"","src":"https:\/\/i0.wp.com\/www.24baires.com\/wp-content\/uploads\/2012\/11\/zaffaroni21.jpg?resize=350%2C200","width":350,"height":200,"srcset":"https:\/\/i0.wp.com\/www.24baires.com\/wp-content\/uploads\/2012\/11\/zaffaroni21.jpg?resize=350%2C200 1x, https:\/\/i0.wp.com\/www.24baires.com\/wp-content\/uploads\/2012\/11\/zaffaroni21.jpg?resize=525%2C300 1.5x"},"classes":[]},{"id":56734,"url":"http:\/\/www.24baires.com\/?p=56734","url_meta":{"origin":57798,"position":4},"title":"Zaffaroni y Bonicatto presentar\u00e1n un informe sobre los cr\u00edmenes en la Provincia","author":"GB","date":"07\/11\/2014","format":false,"excerpt":"LA PLATA-El ministro de la Corte Suprema de Justicia de la Naci\u00f3n, Ra\u00fal Zaffaroni, y el Defensor del Pueblo bonaerense, Carlos Bonicatto, presentar\u00e1 los resultados de la investigaci\u00f3n \"Violencia y Homicidios Dolosos en la Provincia de Buenos Aires\" en la Universidad de La Plata. El informe sobre \"Violencia y Homicidios\u2026","rel":"","context":"En \u00abSociedad\u00bb","block_context":{"text":"Sociedad","link":"http:\/\/www.24baires.com\/?cat=1"},"img":{"alt_text":"Policia-bonaerense","src":"https:\/\/i0.wp.com\/www.24baires.com\/wp-content\/uploads\/2014\/04\/Policia-bonaerense.jpg?resize=350%2C200","width":350,"height":200,"srcset":"https:\/\/i0.wp.com\/www.24baires.com\/wp-content\/uploads\/2014\/04\/Policia-bonaerense.jpg?resize=350%2C200 1x, https:\/\/i0.wp.com\/www.24baires.com\/wp-content\/uploads\/2014\/04\/Policia-bonaerense.jpg?resize=525%2C300 1.5x"},"classes":[]},{"id":6516,"url":"http:\/\/www.24baires.com\/?p=6516","url_meta":{"origin":57798,"position":5},"title":"Lorenzetti y Zaffaroni presentar\u00e1n una nueva investigaci\u00f3n sobre homicidios dolosos","author":"AF","date":"23\/11\/2012","format":false,"excerpt":"Ser\u00e1 el pr\u00f3ximo mi\u00e9rcoles, a las 11, en el Palacio de Justicia. El estudio abarca hechos registrados durante 2011 en la Ciudad de Buenos Aires, La Plata y San Mart\u00edn. Estar\u00e1n presentes los ministros de Justicia, Julio Alak, y de Seguridad, Nilda Garr\u00e9. El presidente de la Corte Suprema de\u2026","rel":"","context":"En \u00abSociedad\u00bb","block_context":{"text":"Sociedad","link":"http:\/\/www.24baires.com\/?cat=1"},"img":{"alt_text":"","src":"https:\/\/i0.wp.com\/www.24baires.com\/wp-content\/uploads\/2012\/11\/lorenzetti-zaffaroni.jpg?resize=350%2C200","width":350,"height":200},"classes":[]}],"jetpack_sharing_enabled":true,"jetpack_likes_enabled":true,"jetpack_featured_media_url":"","_links":{"self":[{"href":"http:\/\/www.24baires.com\/index.php?rest_route=\/wp\/v2\/posts\/57798","targetHints":{"allow":["GET"]}}],"collection":[{"href":"http:\/\/www.24baires.com\/index.php?rest_route=\/wp\/v2\/posts"}],"about":[{"href":"http:\/\/www.24baires.com\/index.php?rest_route=\/wp\/v2\/types\/post"}],"author":[{"embeddable":true,"href":"http:\/\/www.24baires.com\/index.php?rest_route=\/wp\/v2\/users\/8"}],"replies":[{"embeddable":true,"href":"http:\/\/www.24baires.com\/index.php?rest_route=%2Fwp%2Fv2%2Fcomments&post=57798"}],"version-history":[{"count":1,"href":"http:\/\/www.24baires.com\/index.php?rest_route=\/wp\/v2\/posts\/57798\/revisions"}],"predecessor-version":[{"id":57799,"href":"http:\/\/www.24baires.com\/index.php?rest_route=\/wp\/v2\/posts\/57798\/revisions\/57799"}],"wp:attachment":[{"href":"http:\/\/www.24baires.com\/index.php?rest_route=%2Fwp%2Fv2%2Fmedia&parent=57798"}],"wp:term":[{"taxonomy":"category","embeddable":true,"href":"http:\/\/www.24baires.com\/index.php?rest_route=%2Fwp%2Fv2%2Fcategories&post=57798"},{"taxonomy":"post_tag","embeddable":true,"href":"http:\/\/www.24baires.com\/index.php?rest_route=%2Fwp%2Fv2%2Ftags&post=57798"}],"curies":[{"name":"wp","href":"https:\/\/api.w.org\/{rel}","templated":true}]}}