{"id":57765,"date":"2014-11-27T10:00:15","date_gmt":"2014-11-27T13:00:15","guid":{"rendered":"http:\/\/www.24baires.com\/?p=57765"},"modified":"2014-11-28T09:24:30","modified_gmt":"2014-11-28T12:24:30","slug":"el-gobierno-hace-un-esfuerzo-significativo-para-mejorar-las-condiciones-del-transporte","status":"publish","type":"post","link":"http:\/\/www.24baires.com\/?p=57765","title":{"rendered":"\u00abEl Gobierno hace un esfuerzo significativo para mejorar las condiciones del transporte\u00bb"},"content":{"rendered":"<p><img data-recalc-dims=\"1\" loading=\"lazy\" decoding=\"async\" class=\"aligncenter size-full wp-image-53422\" src=\"https:\/\/i0.wp.com\/www.24baires.com\/wp-content\/uploads\/2014\/09\/capitanich1.jpg?resize=560%2C420\" alt=\"capitanich\" width=\"560\" height=\"420\" srcset=\"https:\/\/i0.wp.com\/www.24baires.com\/wp-content\/uploads\/2014\/09\/capitanich1.jpg?w=560 560w, https:\/\/i0.wp.com\/www.24baires.com\/wp-content\/uploads\/2014\/09\/capitanich1.jpg?resize=300%2C225 300w\" sizes=\"auto, (max-width: 560px) 100vw, 560px\" \/>El jefe de Gabiente, Jorge Capitanich, dijo que \u201cel Gobierno est\u00e1 haciendo un esfuerzo significativo\u201d para mejorar las condiciones del transporte en todas sus variantes y apel\u00f3 a que \u201csea comprendido por la sociedad\u201d y \u201ca la solidaridad\u201d en el marco de la suspensi\u00f3n de tareas del sector que se realiz\u00f3 hoy de 4 a 7 en reclamo de la modificaci\u00f3n del Impuesto a las Ganancias.<!--more--><\/p>\n<p>Sobre este punto record\u00f3 tambi\u00e9n que es \u201cjustamente gracias a la recaudaci\u00f3n que hace el Estado\u201d que puede \u201cinvertir\u201d y \u201cgenerar obras de infraestructura\u201d que permitan \u201cmejoras para los que necesitan trasladarse a sus lugares de trabajo\u201d.<\/p>\n<p>En la conferencia que brind\u00f3 desde Aeroparque junto al ministro de Econom\u00eda, Axel Kicillof -previo al viaje que realizar\u00e1n a Brasil por temas de agenda bilateral- Capitanich dijo que \u201clos principales perjudicados son los trabajadores con estas medidas, y en materia ferroviaria, se ha hecho la inversi\u00f3n m\u00e1s grande de los \u00faltimos cincuenta a\u00f1os\u201d.<\/p>\n<p>Asimismo record\u00f3 los \u201cesfuerzos\u201d que realiza el gobierno con \u201cdinero disponible para el pasaje\u201d (subsdios) que permite una \u201cmejora de la capacidad adquisitiva del salario\u201d como as\u00ed tambi\u00e9n la realizaci\u00f3n peri\u00f3dica de \u201cparitarias y convenciones colectivas de trabajo\u201d y las \u201cmejoras en los subterr\u00e1neos\u201d.<\/p>\n<p>Consultado sobre la posibilidad de otra medida de fuerza, dijo que \u201cno nos queremos adelantar ni vaticinar ning\u00fan tipo de movimiento hacia el futuro, ratificamos que en esta gesti\u00f3n se invierte y se invirti\u00f3 como nunca y eso es necesario valorarlo muy profundamente porque el Estado financia subsidios no solo para la renovaci\u00f3n de unidades sino para la seguridad de pasajeros\u201d.<\/p>\n<p>\u201cEsperamos que exista una restituci\u00f3n pronta de todos los servicios y debemos entender que el sistema de transporte p\u00fablico altamente subsidiado por el Estado, cuando existe una medida de esta naturaleza los principales perjudicados son los trabajadores\u201d, finaliz\u00f3.<\/p>\n","protected":false},"excerpt":{"rendered":"<p>El jefe de Gabiente, Jorge Capitanich, dijo que \u201cel Gobierno est\u00e1 haciendo un esfuerzo significativo\u201d para mejorar las condiciones del transporte en todas sus variantes y apel\u00f3 a que \u201csea comprendido por la sociedad\u201d y \u201ca la solidaridad\u201d en el marco de la suspensi\u00f3n de tareas del sector que se realiz\u00f3 hoy de 4 a 7 en reclamo de la [&#8230;]<\/p>\n","protected":false},"author":4,"featured_media":0,"comment_status":"open","ping_status":"open","sticky":false,"template":"","format":"standard","meta":{"_jetpack_newsletter_access":"","_jetpack_dont_email_post_to_subs":false,"_jetpack_newsletter_tier_id":0,"_jetpack_memberships_contains_paywalled_content":false,"_jetpack_memberships_contains_paid_content":false,"footnotes":""},"categories":[51],"tags":[],"class_list":["post-57765","post","type-post","status-publish","format-standard","hentry","category-politica"],"jetpack_shortlink":"https:\/\/wp.me\/p2JWE0-f1H","jetpack-related-posts":[{"id":115668,"url":"http:\/\/www.24baires.com\/?p=115668","url_meta":{"origin":57765,"position":0},"title":"El Gobierno anunci\u00f3 el comienzo de la nueva fase","author":"AF","date":"17\/07\/2020","format":false,"excerpt":"Alberto Fern\u00e1ndez realiz\u00f3 una conferencia de prensa, junto a los mandatarios provinciales de Jujuy, Chaco, R\u00edo Negro, Buenos Aires y el jefe de gobierno porte\u00f1o. El presidente Alberto Fern\u00e1ndez comenz\u00f3 su discurso con la afirmaci\u00f3n de que \"la pandemia sigue presente, sigue atacando y sigue enfermando y llev\u00e1ndose vidas\", adem\u00e1s\u2026","rel":"","context":"En \u00abSociedad\u00bb","block_context":{"text":"Sociedad","link":"http:\/\/www.24baires.com\/?cat=1"},"img":{"alt_text":"","src":"https:\/\/i0.wp.com\/www.24baires.com\/wp-content\/uploads\/2020\/07\/larreta-fern%C3%A1ndez-kicillof.jpg?resize=350%2C200","width":350,"height":200,"srcset":"https:\/\/i0.wp.com\/www.24baires.com\/wp-content\/uploads\/2020\/07\/larreta-fern%C3%A1ndez-kicillof.jpg?resize=350%2C200 1x, https:\/\/i0.wp.com\/www.24baires.com\/wp-content\/uploads\/2020\/07\/larreta-fern%C3%A1ndez-kicillof.jpg?resize=525%2C300 1.5x"},"classes":[]},{"id":116123,"url":"http:\/\/www.24baires.com\/?p=116123","url_meta":{"origin":57765,"position":1},"title":"\u00abLa Argentina central que tiene periferias no se puede tolerar m\u00e1s\u00bb","author":"AF","date":"01\/09\/2020","format":false,"excerpt":"El Presidente encabez\u00f3 la firma de convenios con el gobernador de Chaco, Jorge Capitanich. En ese marco, defendi\u00f3 el acceso a la conectividad y al conocimiento en todo el pa\u00eds. El presidente Alberto Fern\u00e1ndez reafirm\u00f3 que \"la Argentina central, que tiene dos periferias, al norte y a sur del pa\u00eds,\u2026","rel":"","context":"En \u00abPol\u00edtica\u00bb","block_context":{"text":"Pol\u00edtica","link":"http:\/\/www.24baires.com\/?cat=51"},"img":{"alt_text":"","src":"https:\/\/i0.wp.com\/www.24baires.com\/wp-content\/uploads\/2020\/09\/fern%C3%A1ndez-capitanich.jpg?resize=350%2C200","width":350,"height":200,"srcset":"https:\/\/i0.wp.com\/www.24baires.com\/wp-content\/uploads\/2020\/09\/fern%C3%A1ndez-capitanich.jpg?resize=350%2C200 1x, https:\/\/i0.wp.com\/www.24baires.com\/wp-content\/uploads\/2020\/09\/fern%C3%A1ndez-capitanich.jpg?resize=525%2C300 1.5x"},"classes":[]},{"id":44433,"url":"http:\/\/www.24baires.com\/?p=44433","url_meta":{"origin":57765,"position":2},"title":"Capitanich pidi\u00f3 a empresarios que no aumenten los precios","author":"AF","date":"22\/04\/2014","format":false,"excerpt":"El jefe de Gabinete, Jorge Capitanich, advirti\u00f3 hoy a los empresarios que la \"mejor contribuci\u00f3n\" que pueden hacer a la econom\u00eda argentina es \"no aumentar los precios\". El jefe de Gabinete, Jorge Capitanich, dijo hoy que \"se desarroll\u00f3 dentro de lo previsible\" la audiencia ante la Corte Suprema de Estados\u2026","rel":"","context":"En \u00abPol\u00edtica\u00bb","block_context":{"text":"Pol\u00edtica","link":"http:\/\/www.24baires.com\/?cat=51"},"img":{"alt_text":"Capitanich","src":"https:\/\/i0.wp.com\/www.24baires.com\/wp-content\/uploads\/2014\/01\/Capitanich.jpg?resize=350%2C200","width":350,"height":200,"srcset":"https:\/\/i0.wp.com\/www.24baires.com\/wp-content\/uploads\/2014\/01\/Capitanich.jpg?resize=350%2C200 1x, https:\/\/i0.wp.com\/www.24baires.com\/wp-content\/uploads\/2014\/01\/Capitanich.jpg?resize=525%2C300 1.5x"},"classes":[]},{"id":41056,"url":"http:\/\/www.24baires.com\/?p=41056","url_meta":{"origin":57765,"position":3},"title":"Paritarias docentes: el Gobierno har\u00e1 una \u00abpropuesta final\u00bb, dijo Capitanich","author":"GB","date":"25\/02\/2014","format":false,"excerpt":"El jefe de Gabinete, Jorge Capitanich, asegur\u00f3 que hoy el gobierno nacional har\u00e1 una \"propuesta final\" a los docentes en el marco de la negociaci\u00f3n paritaria y cuestion\u00f3 a los gremios al decir que al lanzar un paro \"no generan el mejor ambiente\" para las negociaciones. Asimismo, al hablar en\u2026","rel":"","context":"En \u00abSociedad\u00bb","block_context":{"text":"Sociedad","link":"http:\/\/www.24baires.com\/?cat=1"},"img":{"alt_text":"capitanich dolares","src":"https:\/\/i0.wp.com\/www.24baires.com\/wp-content\/uploads\/2014\/01\/capitanich-dolares.jpg?resize=350%2C200","width":350,"height":200,"srcset":"https:\/\/i0.wp.com\/www.24baires.com\/wp-content\/uploads\/2014\/01\/capitanich-dolares.jpg?resize=350%2C200 1x, https:\/\/i0.wp.com\/www.24baires.com\/wp-content\/uploads\/2014\/01\/capitanich-dolares.jpg?resize=525%2C300 1.5x"},"classes":[]},{"id":119838,"url":"http:\/\/www.24baires.com\/?p=119838","url_meta":{"origin":57765,"position":4},"title":"\u00abNunca m\u00e1s puede morirse un Favaloro porque el Estado lo abandon\u00f3\u00bb","author":"AF","date":"27\/02\/2023","format":false,"excerpt":"El Presidente destac\u00f3 que la Argentina \u201chizo mucho a lo largo de los a\u00f1os para que la educaci\u00f3n sea accesible para todos\u201d, durante el acto inaugural de un nuevo establecimiento educativo chaque\u00f1o. Fern\u00e1ndez aconsej\u00f3 a los estudiantes: \u201cTomen la educaci\u00f3n como una inversi\u00f3n de su futuro\u201d. El presidente Alberto Fern\u00e1ndez\u2026","rel":"","context":"En \u00abLocales\u00bb","block_context":{"text":"Locales","link":"http:\/\/www.24baires.com\/?cat=38"},"img":{"alt_text":"","src":"https:\/\/i0.wp.com\/www.24baires.com\/wp-content\/uploads\/2023\/02\/fernandez.jpg?resize=350%2C200","width":350,"height":200,"srcset":"https:\/\/i0.wp.com\/www.24baires.com\/wp-content\/uploads\/2023\/02\/fernandez.jpg?resize=350%2C200 1x, https:\/\/i0.wp.com\/www.24baires.com\/wp-content\/uploads\/2023\/02\/fernandez.jpg?resize=525%2C300 1.5x, https:\/\/i0.wp.com\/www.24baires.com\/wp-content\/uploads\/2023\/02\/fernandez.jpg?resize=700%2C400 2x, https:\/\/i0.wp.com\/www.24baires.com\/wp-content\/uploads\/2023\/02\/fernandez.jpg?resize=1050%2C600 3x"},"classes":[]},{"id":59327,"url":"http:\/\/www.24baires.com\/?p=59327","url_meta":{"origin":57765,"position":5},"title":"Capitanich asegur\u00f3 que est\u00e1n fiscalizando las inversiones en el suministro el\u00e9ctrico","author":"AF","date":"30\/12\/2014","format":false,"excerpt":"El jefe de Gabinete asegur\u00f3 que eso es para que no ocurran m\u00e1s dificultades en la provisi\u00f3n del servicio como pas\u00f3 en las \u00faltimas horas con 35.552 usuarios en la zona metropolitana, aunque indic\u00f3 que las \"altas temperaturas\" contribuyen a esa situaci\u00f3n. El jefe de Gabinete, Jorge Capitanich, afirm\u00f3 hoy\u2026","rel":"","context":"En \u00abSociedad\u00bb","block_context":{"text":"Sociedad","link":"http:\/\/www.24baires.com\/?cat=1"},"img":{"alt_text":"capitanich","src":"https:\/\/i0.wp.com\/www.24baires.com\/wp-content\/uploads\/2014\/09\/capitanich1.jpg?resize=350%2C200","width":350,"height":200,"srcset":"https:\/\/i0.wp.com\/www.24baires.com\/wp-content\/uploads\/2014\/09\/capitanich1.jpg?resize=350%2C200 1x, https:\/\/i0.wp.com\/www.24baires.com\/wp-content\/uploads\/2014\/09\/capitanich1.jpg?resize=525%2C300 1.5x"},"classes":[]}],"jetpack_sharing_enabled":true,"jetpack_likes_enabled":true,"jetpack_featured_media_url":"","_links":{"self":[{"href":"http:\/\/www.24baires.com\/index.php?rest_route=\/wp\/v2\/posts\/57765","targetHints":{"allow":["GET"]}}],"collection":[{"href":"http:\/\/www.24baires.com\/index.php?rest_route=\/wp\/v2\/posts"}],"about":[{"href":"http:\/\/www.24baires.com\/index.php?rest_route=\/wp\/v2\/types\/post"}],"author":[{"embeddable":true,"href":"http:\/\/www.24baires.com\/index.php?rest_route=\/wp\/v2\/users\/4"}],"replies":[{"embeddable":true,"href":"http:\/\/www.24baires.com\/index.php?rest_route=%2Fwp%2Fv2%2Fcomments&post=57765"}],"version-history":[{"count":1,"href":"http:\/\/www.24baires.com\/index.php?rest_route=\/wp\/v2\/posts\/57765\/revisions"}],"predecessor-version":[{"id":57766,"href":"http:\/\/www.24baires.com\/index.php?rest_route=\/wp\/v2\/posts\/57765\/revisions\/57766"}],"wp:attachment":[{"href":"http:\/\/www.24baires.com\/index.php?rest_route=%2Fwp%2Fv2%2Fmedia&parent=57765"}],"wp:term":[{"taxonomy":"category","embeddable":true,"href":"http:\/\/www.24baires.com\/index.php?rest_route=%2Fwp%2Fv2%2Fcategories&post=57765"},{"taxonomy":"post_tag","embeddable":true,"href":"http:\/\/www.24baires.com\/index.php?rest_route=%2Fwp%2Fv2%2Ftags&post=57765"}],"curies":[{"name":"wp","href":"https:\/\/api.w.org\/{rel}","templated":true}]}}