{"id":57742,"date":"2014-11-26T19:00:28","date_gmt":"2014-11-26T22:00:28","guid":{"rendered":"http:\/\/www.24baires.com\/?p=57742"},"modified":"2014-11-26T20:16:29","modified_gmt":"2014-11-26T23:16:29","slug":"cristina-se-reune-con-capitanich-en-olivos","status":"publish","type":"post","link":"http:\/\/www.24baires.com\/?p=57742","title":{"rendered":"Cristina se re\u00fane con Capitanich en Olivos"},"content":{"rendered":"<p><img data-recalc-dims=\"1\" loading=\"lazy\" decoding=\"async\" class=\"aligncenter size-full wp-image-34015\" src=\"https:\/\/i0.wp.com\/www.24baires.com\/wp-content\/uploads\/2013\/10\/cristina-favaloro.jpg?resize=510%2C339\" alt=\"cristina favaloro\" width=\"510\" height=\"339\" srcset=\"https:\/\/i0.wp.com\/www.24baires.com\/wp-content\/uploads\/2013\/10\/cristina-favaloro.jpg?w=510 510w, https:\/\/i0.wp.com\/www.24baires.com\/wp-content\/uploads\/2013\/10\/cristina-favaloro.jpg?resize=300%2C199 300w\" sizes=\"auto, (max-width: 510px) 100vw, 510px\" \/><\/p>\n<p>Fuentes oficiales informaron que la Presidenta de la Naci\u00f3n recibir\u00e1 esta tarde en la Residencia presidencial a Jorge Capitanich. La reuni\u00f3n se realizar\u00e1 en el despacho de la jefa de Estado.<!--more--><\/p>\n<p>La presidenta Cristina Fern\u00e1ndez de Kirchner recibir\u00e1 esta tarde al jefe de Gabinete, Jorge Capitanich, informaron fuentes oficiales.<\/p>\n<p>La reunion se realizar\u00e1 en el despacho de la jefa de Estado, en la Residencia de Olivos.<\/p>\n<p>&nbsp;<\/p>\n<p>&nbsp;<\/p>\n<p>&nbsp;<\/p>\n<p>&nbsp;<\/p>\n<p>&nbsp;<\/p>\n<p>&nbsp;<\/p>\n<p>&nbsp;<\/p>\n<p>&nbsp;<\/p>\n<p>&nbsp;<\/p>\n<p>&nbsp;<\/p>\n<p>&nbsp;<\/p>\n<p>&nbsp;<\/p>\n","protected":false},"excerpt":{"rendered":"<p>Fuentes oficiales informaron que la Presidenta de la Naci\u00f3n recibir\u00e1 esta tarde en la Residencia presidencial a Jorge Capitanich. La reuni\u00f3n se realizar\u00e1 en el despacho de la jefa de Estado.<\/p>\n","protected":false},"author":8,"featured_media":0,"comment_status":"open","ping_status":"open","sticky":false,"template":"","format":"standard","meta":{"_jetpack_newsletter_access":"","_jetpack_dont_email_post_to_subs":false,"_jetpack_newsletter_tier_id":0,"_jetpack_memberships_contains_paywalled_content":false,"_jetpack_memberships_contains_paid_content":false,"footnotes":""},"categories":[51],"tags":[],"class_list":["post-57742","post","type-post","status-publish","format-standard","hentry","category-politica"],"jetpack_shortlink":"https:\/\/wp.me\/p2JWE0-f1k","jetpack-related-posts":[{"id":45558,"url":"http:\/\/www.24baires.com\/?p=45558","url_meta":{"origin":57742,"position":0},"title":"Cristina recibir\u00e1 a Capitanich y Kicillof en Olivos","author":"GB","date":"08\/05\/2014","format":false,"excerpt":"Cristina Fern\u00e1ndez de Kirchner recibir\u00e1 al jefe de Gabinete y al ministro de Econom\u00eda por separado en su despacho de la residencia presidencial. La presidenta Cristina Fern\u00e1ndez de Kirchner recibir\u00e1 hoy, en forma separada, al Jefe de Gabinete, Jorge Capitanich, y al ministro de Econom\u00eda, Axel Kicillof. La Presidenta desarrollar\u00e1\u2026","rel":"","context":"En \u00abPol\u00edtica\u00bb","block_context":{"text":"Pol\u00edtica","link":"http:\/\/www.24baires.com\/?cat=51"},"img":{"alt_text":"cristina en tecno","src":"https:\/\/i0.wp.com\/www.24baires.com\/wp-content\/uploads\/2014\/04\/cristina-en-tecno.jpg?resize=350%2C200","width":350,"height":200,"srcset":"https:\/\/i0.wp.com\/www.24baires.com\/wp-content\/uploads\/2014\/04\/cristina-en-tecno.jpg?resize=350%2C200 1x, https:\/\/i0.wp.com\/www.24baires.com\/wp-content\/uploads\/2014\/04\/cristina-en-tecno.jpg?resize=525%2C300 1.5x"},"classes":[]},{"id":59285,"url":"http:\/\/www.24baires.com\/?p=59285","url_meta":{"origin":57742,"position":1},"title":"Cristina recibe a funcionarios en Olivos","author":"GB","date":"29\/12\/2014","format":false,"excerpt":"La presidenta Cristina Fern\u00e1ndez de Kirchner desarrolla hoy su actividad oficial en su gabinete de trabajo de la residencia de Olivos, informaron fuentes oficiales. La jefa de Estado, quien sufri\u00f3 una fractura del tobillo izquierdo, recibir\u00e1 esta tarde al jefe de Gabinete, Jorge Capitanich. Poco despu\u00e9s, en forma separada, ingresar\u00e1n\u2026","rel":"","context":"En \u00abPol\u00edtica\u00bb","block_context":{"text":"Pol\u00edtica","link":"http:\/\/www.24baires.com\/?cat=51"},"img":{"alt_text":"cristina","src":"https:\/\/i0.wp.com\/www.24baires.com\/wp-content\/uploads\/2014\/09\/cristina3.jpg?resize=350%2C200","width":350,"height":200,"srcset":"https:\/\/i0.wp.com\/www.24baires.com\/wp-content\/uploads\/2014\/09\/cristina3.jpg?resize=350%2C200 1x, https:\/\/i0.wp.com\/www.24baires.com\/wp-content\/uploads\/2014\/09\/cristina3.jpg?resize=525%2C300 1.5x"},"classes":[]},{"id":35756,"url":"http:\/\/www.24baires.com\/?p=35756","url_meta":{"origin":57742,"position":2},"title":"Cristina recibe a directivos de petroqu\u00edmica alemana y a funcionarios nacionales","author":"AF","date":"26\/11\/2013","format":false,"excerpt":"La presidenta Cristina Fern\u00e1ndez de Kirchner recibir\u00e1 esta tarde en la residencia de Olivos a los directivos de BASF, la petroqu\u00edmica alemana m\u00e1s grande del mundo, que son los due\u00f1os de Wintershall, la empresa que se asoci\u00f3 con la de gas neuquino para explotar Vaca Muerta, y a funcionarios nacionales.\u2026","rel":"","context":"En \u00abLocales\u00bb","block_context":{"text":"Locales","link":"http:\/\/www.24baires.com\/?cat=38"},"img":{"alt_text":"cristina samsung","src":"https:\/\/i0.wp.com\/www.24baires.com\/wp-content\/uploads\/2013\/07\/cristina-samsung.jpg?resize=350%2C200","width":350,"height":200,"srcset":"https:\/\/i0.wp.com\/www.24baires.com\/wp-content\/uploads\/2013\/07\/cristina-samsung.jpg?resize=350%2C200 1x, https:\/\/i0.wp.com\/www.24baires.com\/wp-content\/uploads\/2013\/07\/cristina-samsung.jpg?resize=525%2C300 1.5x"},"classes":[]},{"id":38102,"url":"http:\/\/www.24baires.com\/?p=38102","url_meta":{"origin":57742,"position":3},"title":"Cristina retom\u00f3 su agenda y volvi\u00f3 a la Casa Rosada","author":"GB","date":"07\/01\/2014","format":false,"excerpt":"La Presidenta arrib\u00f3 esta tarde a la Casa Rosada, luego de haber permanecido 17 d\u00edas descansando en Santa Cruz junto a su familia. La mandataria ingres\u00f3 a Casa de Gobierno esta tarde, y el primero en visitarla fue el secretario de Legal y T\u00e9cnica, Carlos Zannini con el libro de\u2026","rel":"","context":"En \u00abPol\u00edtica\u00bb","block_context":{"text":"Pol\u00edtica","link":"http:\/\/www.24baires.com\/?cat=51"},"img":{"alt_text":"Cristina","src":"https:\/\/i0.wp.com\/www.24baires.com\/wp-content\/uploads\/2013\/12\/Cristina.jpg?resize=350%2C200","width":350,"height":200},"classes":[]},{"id":116123,"url":"http:\/\/www.24baires.com\/?p=116123","url_meta":{"origin":57742,"position":4},"title":"\u00abLa Argentina central que tiene periferias no se puede tolerar m\u00e1s\u00bb","author":"AF","date":"01\/09\/2020","format":false,"excerpt":"El Presidente encabez\u00f3 la firma de convenios con el gobernador de Chaco, Jorge Capitanich. En ese marco, defendi\u00f3 el acceso a la conectividad y al conocimiento en todo el pa\u00eds. El presidente Alberto Fern\u00e1ndez reafirm\u00f3 que \"la Argentina central, que tiene dos periferias, al norte y a sur del pa\u00eds,\u2026","rel":"","context":"En \u00abPol\u00edtica\u00bb","block_context":{"text":"Pol\u00edtica","link":"http:\/\/www.24baires.com\/?cat=51"},"img":{"alt_text":"","src":"https:\/\/i0.wp.com\/www.24baires.com\/wp-content\/uploads\/2020\/09\/fern%C3%A1ndez-capitanich.jpg?resize=350%2C200","width":350,"height":200,"srcset":"https:\/\/i0.wp.com\/www.24baires.com\/wp-content\/uploads\/2020\/09\/fern%C3%A1ndez-capitanich.jpg?resize=350%2C200 1x, https:\/\/i0.wp.com\/www.24baires.com\/wp-content\/uploads\/2020\/09\/fern%C3%A1ndez-capitanich.jpg?resize=525%2C300 1.5x"},"classes":[]},{"id":40800,"url":"http:\/\/www.24baires.com\/?p=40800","url_meta":{"origin":57742,"position":5},"title":"Por el alerta meteorol\u00f3gico, pasan para el viernes el acto de Cristina en Florencio Varela","author":"GB","date":"20\/02\/2014","format":false,"excerpt":"FLORENCIO VARELA-El acto que Cristina Fern\u00e1ndez de Kirchner deb\u00eda encabezar esta tarde fue postergado para ma\u00f1ana al mediod\u00eda por razones clim\u00e1ticas, informaron fuentes oficiales. Cristina ten\u00eda previsto presidir esta tarde en el partido bonaerense de Florencio Varela un acto donde deb\u00eda hacer entrega en forma simb\u00f3lica del primer plan Progresar,\u2026","rel":"","context":"En \u00abPol\u00edtica\u00bb","block_context":{"text":"Pol\u00edtica","link":"http:\/\/www.24baires.com\/?cat=51"},"img":{"alt_text":"cristina1","src":"https:\/\/i0.wp.com\/www.24baires.com\/wp-content\/uploads\/2014\/02\/cristina1.jpg?resize=350%2C200","width":350,"height":200,"srcset":"https:\/\/i0.wp.com\/www.24baires.com\/wp-content\/uploads\/2014\/02\/cristina1.jpg?resize=350%2C200 1x, https:\/\/i0.wp.com\/www.24baires.com\/wp-content\/uploads\/2014\/02\/cristina1.jpg?resize=525%2C300 1.5x"},"classes":[]}],"jetpack_sharing_enabled":true,"jetpack_likes_enabled":true,"jetpack_featured_media_url":"","_links":{"self":[{"href":"http:\/\/www.24baires.com\/index.php?rest_route=\/wp\/v2\/posts\/57742","targetHints":{"allow":["GET"]}}],"collection":[{"href":"http:\/\/www.24baires.com\/index.php?rest_route=\/wp\/v2\/posts"}],"about":[{"href":"http:\/\/www.24baires.com\/index.php?rest_route=\/wp\/v2\/types\/post"}],"author":[{"embeddable":true,"href":"http:\/\/www.24baires.com\/index.php?rest_route=\/wp\/v2\/users\/8"}],"replies":[{"embeddable":true,"href":"http:\/\/www.24baires.com\/index.php?rest_route=%2Fwp%2Fv2%2Fcomments&post=57742"}],"version-history":[{"count":3,"href":"http:\/\/www.24baires.com\/index.php?rest_route=\/wp\/v2\/posts\/57742\/revisions"}],"predecessor-version":[{"id":57751,"href":"http:\/\/www.24baires.com\/index.php?rest_route=\/wp\/v2\/posts\/57742\/revisions\/57751"}],"wp:attachment":[{"href":"http:\/\/www.24baires.com\/index.php?rest_route=%2Fwp%2Fv2%2Fmedia&parent=57742"}],"wp:term":[{"taxonomy":"category","embeddable":true,"href":"http:\/\/www.24baires.com\/index.php?rest_route=%2Fwp%2Fv2%2Fcategories&post=57742"},{"taxonomy":"post_tag","embeddable":true,"href":"http:\/\/www.24baires.com\/index.php?rest_route=%2Fwp%2Fv2%2Ftags&post=57742"}],"curies":[{"name":"wp","href":"https:\/\/api.w.org\/{rel}","templated":true}]}}