{"id":57730,"date":"2014-11-26T17:30:20","date_gmt":"2014-11-26T20:30:20","guid":{"rendered":"http:\/\/www.24baires.com\/?p=57730"},"modified":"2014-11-26T17:26:22","modified_gmt":"2014-11-26T20:26:22","slug":"la-cumbre-del-mercosur-se-realizara-el-16-y-17-de-diciembre","status":"publish","type":"post","link":"http:\/\/www.24baires.com\/?p=57730","title":{"rendered":"La Cumbre del Mercosur se realizar\u00e1 el 16 y 17 de diciembre"},"content":{"rendered":"<p><img data-recalc-dims=\"1\" loading=\"lazy\" decoding=\"async\" class=\"alignleft size-full wp-image-57731\" src=\"https:\/\/i0.wp.com\/www.24baires.com\/wp-content\/uploads\/2014\/11\/mercosur.jpg?resize=315%2C200\" alt=\"mercosur\" width=\"315\" height=\"200\" srcset=\"https:\/\/i0.wp.com\/www.24baires.com\/wp-content\/uploads\/2014\/11\/mercosur.jpg?w=315 315w, https:\/\/i0.wp.com\/www.24baires.com\/wp-content\/uploads\/2014\/11\/mercosur.jpg?resize=300%2C190 300w\" sizes=\"auto, (max-width: 315px) 100vw, 315px\" \/>La cumbre, que se realizar\u00e1 en Paran\u00e1, se adelant\u00f3 debido a compromisos institucionales de la presidenta de Brasil, Dilma Rousseff.<!--more--><\/p>\n<p>El gobernador de Entre R\u00edos, Sergio Urribarri, confirm\u00f3 hoy que el encuentro de los mandatarios se adelant\u00f3 un d\u00eda debido a los compromisos de Rousseff.<\/p>\n<p>Hasta ahora, nueve mandatarios latinoamericanos confirmaron su presencia en la Cumbre de Presidentes del Mercosur, seg\u00fan lo adelantado por Urribarri.<\/p>\n<p>Las reuniones de los mandatarios se desarrollar\u00e1n en la Escuela del Centenario y en la Vieja Usina, donde se encaran diversas obras de adecuaci\u00f3n.<\/p>\n<p>Los aspectos vinculados a la seguridad se est\u00e1n trabajando en conjunto con las fuerzas nacionales y se prev\u00e9 el establecimiento de zonas denominadas \u00abprotegidas\u00bb, pr\u00f3ximas a los lugares donde se reunir\u00e1n los presidentes, en las que se restringir\u00e1 la circulaci\u00f3n vehicular y de personas.<\/p>\n<p>Esta ser\u00e1 la XLVII Cumbre Presidencial del cuerpo, integrado por la Argentina, Brasil, Paraguay, Uruguay, la Rep\u00fablica Bolivariana de Venezuela y el Estado Plurinacional de Bolivia.<\/p>\n<p>El cuerpo tambi\u00e9n cuenta con los Estados Asociados de Chile, Colombia, Per\u00fa, Ecuador, Guyana y Surinam, en el caso de estos dos \u00faltimos con tr\u00e1mites pendientes de ratificaci\u00f3n.<\/p>\n<p>&nbsp;<\/p>\n<p>&nbsp;<\/p>\n<p>&nbsp;<\/p>\n<p>&nbsp;<\/p>\n<p>&nbsp;<\/p>\n<p>&nbsp;<\/p>\n<p>&nbsp;<\/p>\n<p>&nbsp;<\/p>\n<p>&nbsp;<\/p>\n<p>&nbsp;<\/p>\n<p>&nbsp;<\/p>\n<p>&nbsp;<\/p>\n<p>&nbsp;<\/p>\n","protected":false},"excerpt":{"rendered":"<p>La cumbre, que se realizar\u00e1 en Paran\u00e1, se adelant\u00f3 debido a compromisos institucionales de la presidenta de Brasil, Dilma Rousseff.<\/p>\n","protected":false},"author":8,"featured_media":0,"comment_status":"open","ping_status":"open","sticky":false,"template":"","format":"standard","meta":{"_jetpack_newsletter_access":"","_jetpack_dont_email_post_to_subs":false,"_jetpack_newsletter_tier_id":0,"_jetpack_memberships_contains_paywalled_content":false,"_jetpack_memberships_contains_paid_content":false,"footnotes":""},"categories":[51],"tags":[],"class_list":["post-57730","post","type-post","status-publish","format-standard","hentry","category-politica"],"jetpack_shortlink":"https:\/\/wp.me\/p2JWE0-f18","jetpack-related-posts":[{"id":119126,"url":"http:\/\/www.24baires.com\/?p=119126","url_meta":{"origin":57730,"position":0},"title":"\u00abTenemos que estar m\u00e1s unidos que nunca\u00bb","author":"AF","date":"21\/07\/2022","format":false,"excerpt":"El Presidente inst\u00f3 a sus pares a \"resolver las asimetr\u00edas\" dentro del bloque, y llam\u00f3 en su discurso explorar la posibilidad de hacer un acuerdo comercial conjunto con China, en medio de las negociaciones que lleva acabo Uruguay con el gigante asi\u00e1tico. El presidente Alberto Fern\u00e1ndez inst\u00f3 este jueves a\u2026","rel":"","context":"En \u00abPol\u00edtica\u00bb","block_context":{"text":"Pol\u00edtica","link":"http:\/\/www.24baires.com\/?cat=51"},"img":{"alt_text":"","src":"https:\/\/i0.wp.com\/www.24baires.com\/wp-content\/uploads\/2022\/07\/alberto-f.jpg?resize=350%2C200","width":350,"height":200,"srcset":"https:\/\/i0.wp.com\/www.24baires.com\/wp-content\/uploads\/2022\/07\/alberto-f.jpg?resize=350%2C200 1x, https:\/\/i0.wp.com\/www.24baires.com\/wp-content\/uploads\/2022\/07\/alberto-f.jpg?resize=525%2C300 1.5x, https:\/\/i0.wp.com\/www.24baires.com\/wp-content\/uploads\/2022\/07\/alberto-f.jpg?resize=700%2C400 2x"},"classes":[]},{"id":7640,"url":"http:\/\/www.24baires.com\/?p=7640","url_meta":{"origin":57730,"position":1},"title":"Cristina viaja a Brasil para participar de la Cumbre que sumar\u00e1 a Venezuela al Mercosur","author":"AF","date":"02\/12\/2012","format":false,"excerpt":"La presidenta Cristina Fern\u00e1ndez de Kirchner viajar\u00e1 el pr\u00f3ximo jueves rumbo a Brasilia para participar de la Cumbre de Jefes de Estado del Mercosur, que tendr\u00e1 lugar el viernes, y en la que participar\u00e1n sus pares Dilma Rousseff, de Brasil, Jos\u00e9 Mujica, de Uruguay, Hugo Ch\u00e1vez, de Venezuela, Rafael Correa,\u2026","rel":"","context":"En \u00abPol\u00edtica\u00bb","block_context":{"text":"Pol\u00edtica","link":"http:\/\/www.24baires.com\/?cat=51"},"img":{"alt_text":"","src":"https:\/\/i0.wp.com\/www.24baires.com\/wp-content\/uploads\/2012\/12\/cristina-avi%C3%B3n-300x132.jpg?resize=350%2C200","width":350,"height":200},"classes":[]},{"id":50647,"url":"http:\/\/www.24baires.com\/?p=50647","url_meta":{"origin":57730,"position":2},"title":"Evo Morales asistir\u00e1 a la cumbre del Mercosur","author":"AF","date":"27\/07\/2014","format":false,"excerpt":"El presidente de Bolivia confirm\u00f3 su presencia en la cumbre que sesionar\u00e1 este martes en Caracas donde se ultiman los detalles en el Palacio Casa Amarilla. Actualmente el pa\u00eds no es miembro pleno del Mercosur pero inici\u00f3 los tr\u00e1mites para serlo en diciembre de 2012. \u201cMa\u00f1ana estamos viajando a Venezuela\u2026","rel":"","context":"En \u00abInternacionales\u00bb","block_context":{"text":"Internacionales","link":"http:\/\/www.24baires.com\/?cat=73"},"img":{"alt_text":"","src":"https:\/\/i0.wp.com\/www.24baires.com\/wp-content\/uploads\/2014\/07\/evo0911.jpg?resize=350%2C200","width":350,"height":200,"srcset":"https:\/\/i0.wp.com\/www.24baires.com\/wp-content\/uploads\/2014\/07\/evo0911.jpg?resize=350%2C200 1x, https:\/\/i0.wp.com\/www.24baires.com\/wp-content\/uploads\/2014\/07\/evo0911.jpg?resize=525%2C300 1.5x"},"classes":[]},{"id":28025,"url":"http:\/\/www.24baires.com\/?p=28025","url_meta":{"origin":57730,"position":3},"title":"Comienza Cumbre del Mercosur en la que participar\u00e1 Cristina","author":"AF","date":"11\/07\/2013","format":false,"excerpt":"Con una reuni\u00f3n de ministros de Relaciones Exteriores, hoy iniciar\u00e1 en Montevideo la 45ta. cumbre del Mercosur. Ma\u00f1ana ser\u00e1 el encuentro de presidentes entre los que estar\u00e1 Cristina Fern\u00e1ndez de Kirchner. En esta cumbre se prev\u00e9 el ingreso de Guyana y Surinam como asociados, y que Venezuela pase a ocupar\u2026","rel":"","context":"En \u00abPol\u00edtica\u00bb","block_context":{"text":"Pol\u00edtica","link":"http:\/\/www.24baires.com\/?cat=51"},"img":{"alt_text":"mujica dilma cristina","src":"https:\/\/i0.wp.com\/www.24baires.com\/wp-content\/uploads\/2013\/07\/mujica-dilma-cristina-300x187.jpg?resize=350%2C200","width":350,"height":200},"classes":[]},{"id":28080,"url":"http:\/\/www.24baires.com\/?p=28080","url_meta":{"origin":57730,"position":4},"title":"Cristina se reunir\u00e1 con Dilma Rousseff dentro de la Cumbre del Mercosur","author":"AF","date":"12\/07\/2013","format":false,"excerpt":"La presidenta Cristina Fern\u00e1ndez de Kirchner mantendr\u00e1 hoy una reuni\u00f3n bilateral con su par de Brasil, Dilma Rousseff, en el marco de la cumbre de presidentes que hoy se desarrolla en Montevideo, Uruguay. As\u00ed lo informaron hoy fuentes de Presidencia, que precisaron que el encuentro \"ser\u00e1 con agenda abierta\" y\u2026","rel":"","context":"En \u00abPol\u00edtica\u00bb","block_context":{"text":"Pol\u00edtica","link":"http:\/\/www.24baires.com\/?cat=51"},"img":{"alt_text":"dilma cristina","src":"https:\/\/i0.wp.com\/www.24baires.com\/wp-content\/uploads\/2013\/07\/filma-cristina.jpg?resize=350%2C200","width":350,"height":200},"classes":[]},{"id":102804,"url":"http:\/\/www.24baires.com\/?p=102804","url_meta":{"origin":57730,"position":5},"title":"Por los cambios de gabinete, Macri no asistir\u00e1 a la Cumbre del Mercosur en Paraguay","author":"Grupo Sierra","date":"17\/06\/2018","format":false,"excerpt":"El presidente argentino, Mauricio Macri, no asistir\u00e1 el lunes como estaba previsto a la cumbre del Mercosur, que sesionar\u00e1 en Asunci\u00f3n del Paraguay con una agenda pol\u00edtica y comercial, seg\u00fan inform\u00f3 la agencia estatal T\u00e9lam. Macri, que se enfrenta a una complicada situaci\u00f3n financiera con cambios de ministros en el\u2026","rel":"","context":"En \u00abPol\u00edtica\u00bb","block_context":{"text":"Pol\u00edtica","link":"http:\/\/www.24baires.com\/?cat=51"},"img":{"alt_text":"","src":"https:\/\/i0.wp.com\/www.24baires.com\/wp-content\/uploads\/2018\/01\/macri.jpg?resize=350%2C200","width":350,"height":200,"srcset":"https:\/\/i0.wp.com\/www.24baires.com\/wp-content\/uploads\/2018\/01\/macri.jpg?resize=350%2C200 1x, https:\/\/i0.wp.com\/www.24baires.com\/wp-content\/uploads\/2018\/01\/macri.jpg?resize=525%2C300 1.5x"},"classes":[]}],"jetpack_sharing_enabled":true,"jetpack_likes_enabled":true,"jetpack_featured_media_url":"","_links":{"self":[{"href":"http:\/\/www.24baires.com\/index.php?rest_route=\/wp\/v2\/posts\/57730","targetHints":{"allow":["GET"]}}],"collection":[{"href":"http:\/\/www.24baires.com\/index.php?rest_route=\/wp\/v2\/posts"}],"about":[{"href":"http:\/\/www.24baires.com\/index.php?rest_route=\/wp\/v2\/types\/post"}],"author":[{"embeddable":true,"href":"http:\/\/www.24baires.com\/index.php?rest_route=\/wp\/v2\/users\/8"}],"replies":[{"embeddable":true,"href":"http:\/\/www.24baires.com\/index.php?rest_route=%2Fwp%2Fv2%2Fcomments&post=57730"}],"version-history":[{"count":1,"href":"http:\/\/www.24baires.com\/index.php?rest_route=\/wp\/v2\/posts\/57730\/revisions"}],"predecessor-version":[{"id":57732,"href":"http:\/\/www.24baires.com\/index.php?rest_route=\/wp\/v2\/posts\/57730\/revisions\/57732"}],"wp:attachment":[{"href":"http:\/\/www.24baires.com\/index.php?rest_route=%2Fwp%2Fv2%2Fmedia&parent=57730"}],"wp:term":[{"taxonomy":"category","embeddable":true,"href":"http:\/\/www.24baires.com\/index.php?rest_route=%2Fwp%2Fv2%2Fcategories&post=57730"},{"taxonomy":"post_tag","embeddable":true,"href":"http:\/\/www.24baires.com\/index.php?rest_route=%2Fwp%2Fv2%2Ftags&post=57730"}],"curies":[{"name":"wp","href":"https:\/\/api.w.org\/{rel}","templated":true}]}}