{"id":57725,"date":"2014-11-26T16:30:32","date_gmt":"2014-11-26T19:30:32","guid":{"rendered":"http:\/\/www.24baires.com\/?p=57725"},"modified":"2014-11-26T16:29:51","modified_gmt":"2014-11-26T19:29:51","slug":"denuncian-al-juez-bonadio-por-enriquecimiento-ilicito","status":"publish","type":"post","link":"http:\/\/www.24baires.com\/?p=57725","title":{"rendered":"Denuncian al juez Bonadio por enriquecimiento il\u00edcito"},"content":{"rendered":"<p><strong>COMODORO PY-<\/strong>El senador Marcelo Fuentes (FPV) present\u00f3 en los tribunales de Comodoro Py una denuncia por presunto enriquecimiento il\u00edcito, lavado de dinero, abuso de autoridad e incumplimiento de los deberes de funcionario p\u00fablico.<!--more--><\/p>\n<p>La denuncia, que se efectu\u00f3 en los Tribunales Federales de Comodoro Py en la ciudad de Buenos Aires, se origina en noticias period\u00edsticas publicadas este martes, explic\u00f3.<\/p>\n<p>Seg\u00fan el legislador, mediante esas noticias se tom\u00f3 conocimiento p\u00fablico de que el magistrado tendr\u00eda una participaci\u00f3n accionaria del 20 por ciento en la firma \u201cMansue S.A.\u201d, dedicada a la venta de combustible.<\/p>\n<p>\u201cSugestivamente, el accionista mayoritario es un familiar directo suyo, Carlos Alberto Bonadio, quien posee el 40 por ciento de la empresa, junto a Fernando y Alejandro Climent que completan el paquete accionario con un 20 por ciento cada uno\u201d, detall\u00f3.<\/p>\n<p>Seg\u00fan se especifica en la denuncia, Bonadio no podr\u00eda formar parte de la sociedad respectiva toda vez que el reglamento para la Justicia Nacional no le permite a los magistrados ejercer el comercio o actividad lucrativa alguna sin autorizaci\u00f3n de la autoridad de superintendencia, en este caso la C\u00e1mara Nacional de Apelaciones en lo Criminal y Correccional Federal.<\/p>\n<p>En la presentaci\u00f3n se destaca que de acuerdo a las noticias que tomaron estado p\u00fablico, la firma en la que es accionista Bonadio no habr\u00eda presentado ante la Inspecci\u00f3n General de Justicia los balances correspondientes a los a\u00f1os 2011 y 2012.<\/p>\n<p>Fuentes consider\u00f3 que \u201cal desconocerse por ende el estado financiero de la empresa, tampoco resulta posible efectuar un certero y completo an\u00e1lisis de la evoluci\u00f3n patrimonial del magistrado\u201d.<\/p>\n<p>A esto se suma adem\u00e1s que Fernando y Alejandro Climent tendr\u00edan como actividad el asesoramiento de sociedades an\u00f3nimas y que participar\u00edan junto a Carlos Alberto Bonadio en otra empresa denominada \u201cGas Lan\u00fas S.A.\u201d, que al igual que \u201cMansue S.A.\u201d se dedicar\u00eda a la venta de combustible.<\/p>\n<p>En este contexto, el diputado nacional solicit\u00f3 que se lleve adelante una profunda investigaci\u00f3n en relaci\u00f3n a la evoluci\u00f3n patrimonial de Bonadio a efectos de determinar si pudo haber existido un incremento no justificado en su situaci\u00f3n econ\u00f3mica.<\/p>\n<p>Por \u00faltimo, en la denuncia se solicita, entre otras medidas, que se le d\u00e9 intervenci\u00f3n a la Unidad de Informaci\u00f3n Financiera frente a la posible comisi\u00f3n del delito de lavado de dinero.<\/p>\n<p>&nbsp;<\/p>\n<p>&nbsp;<\/p>\n<p>&nbsp;<\/p>\n<p>&nbsp;<\/p>\n<p>&nbsp;<\/p>\n<p>&nbsp;<\/p>\n<p>&nbsp;<\/p>\n<p>&nbsp;<\/p>\n<p>&nbsp;<\/p>\n<p>&nbsp;<\/p>\n<p>&nbsp;<\/p>\n<p>&nbsp;<\/p>\n<p>&nbsp;<\/p>\n","protected":false},"excerpt":{"rendered":"<p>COMODORO PY-El senador Marcelo Fuentes (FPV) present\u00f3 en los tribunales de Comodoro Py una denuncia por presunto enriquecimiento il\u00edcito, lavado de dinero, abuso de autoridad e incumplimiento de los deberes de funcionario p\u00fablico.<\/p>\n","protected":false},"author":8,"featured_media":0,"comment_status":"open","ping_status":"open","sticky":false,"template":"","format":"standard","meta":{"_jetpack_newsletter_access":"","_jetpack_dont_email_post_to_subs":false,"_jetpack_newsletter_tier_id":0,"_jetpack_memberships_contains_paywalled_content":false,"_jetpack_memberships_contains_paid_content":false,"footnotes":""},"categories":[51],"tags":[],"class_list":["post-57725","post","type-post","status-publish","format-standard","hentry","category-politica"],"jetpack_shortlink":"https:\/\/wp.me\/p2JWE0-f13","jetpack-related-posts":[{"id":107076,"url":"http:\/\/www.24baires.com\/?p=107076","url_meta":{"origin":57725,"position":0},"title":"Denunciar\u00e1n a Macri por presunta corrupci\u00f3n en la sucesi\u00f3n de su padre","author":"AF","date":"05\/03\/2019","format":false,"excerpt":"El titular de la Fundaci\u00f3n por la Paz y el Cambio Clim\u00e1tico, Fernando M\u00edguez, har\u00e1 una presentaci\u00f3n judicial en Comodoro Py tras la muerte del empresario. La justicia recibir\u00e1 esta semana una denuncia contra el presidente Mauricio Macri e integrantes de su familia ante la posible comisi\u00f3n de delitos de\u2026","rel":"","context":"En \u00abJUDICIALES\u00bb","block_context":{"text":"JUDICIALES","link":"http:\/\/www.24baires.com\/?cat=68"},"img":{"alt_text":"","src":"https:\/\/i0.wp.com\/www.24baires.com\/wp-content\/uploads\/2017\/02\/macri-franco-mauricio.jpg?resize=350%2C200","width":350,"height":200,"srcset":"https:\/\/i0.wp.com\/www.24baires.com\/wp-content\/uploads\/2017\/02\/macri-franco-mauricio.jpg?resize=350%2C200 1x, https:\/\/i0.wp.com\/www.24baires.com\/wp-content\/uploads\/2017\/02\/macri-franco-mauricio.jpg?resize=525%2C300 1.5x"},"classes":[]},{"id":105906,"url":"http:\/\/www.24baires.com\/?p=105906","url_meta":{"origin":57725,"position":1},"title":"El hermano de Macri se present\u00f3 ante Bonadio y entreg\u00f3 un escrito","author":"GB","date":"13\/12\/2018","format":false,"excerpt":"Gianfranco regres\u00f3 de Estados Unidos y se present\u00f3 ante el juez en el marco de la denuncia por pago de sobornos para ganar licitaciones en el \u00e1rea de transporte. El abogado Rozental que representa a Franco present\u00f3 un certificado m\u00e9dico y Bonadio solicitar\u00eda un peritaje para corroborar su estado de\u2026","rel":"","context":"En \u00abJUDICIALES\u00bb","block_context":{"text":"JUDICIALES","link":"http:\/\/www.24baires.com\/?cat=68"},"img":{"alt_text":"","src":"https:\/\/i0.wp.com\/www.24baires.com\/wp-content\/uploads\/2018\/12\/gianfranco-macri.jpg?resize=350%2C200","width":350,"height":200,"srcset":"https:\/\/i0.wp.com\/www.24baires.com\/wp-content\/uploads\/2018\/12\/gianfranco-macri.jpg?resize=350%2C200 1x, https:\/\/i0.wp.com\/www.24baires.com\/wp-content\/uploads\/2018\/12\/gianfranco-macri.jpg?resize=525%2C300 1.5x"},"classes":[]},{"id":103844,"url":"http:\/\/www.24baires.com\/?p=103844","url_meta":{"origin":57725,"position":2},"title":"\u00abDe las 6 causas que me armaron en 5 est\u00e1 Bonadio\u00bb, dijo Cristina","author":"GB","date":"13\/08\/2018","format":false,"excerpt":"La ex Presidenta present\u00f3 un escrito ante el juez que lleva adelante la causa por presuntas coimas en la obra p\u00fablica. Pidi\u00f3 la nulidad y que aparten al magistrado. La ex presidenta Cristina Kirchner present\u00f3 en los tribunales de Comodoro Py, por la causa de los cuadernos sobre las supuestas\u2026","rel":"","context":"En \u00abPol\u00edtica\u00bb","block_context":{"text":"Pol\u00edtica","link":"http:\/\/www.24baires.com\/?cat=51"},"img":{"alt_text":"","src":"https:\/\/i0.wp.com\/www.24baires.com\/wp-content\/uploads\/2017\/12\/cristina-senado.jpg?resize=350%2C200","width":350,"height":200,"srcset":"https:\/\/i0.wp.com\/www.24baires.com\/wp-content\/uploads\/2017\/12\/cristina-senado.jpg?resize=350%2C200 1x, https:\/\/i0.wp.com\/www.24baires.com\/wp-content\/uploads\/2017\/12\/cristina-senado.jpg?resize=525%2C300 1.5x"},"classes":[]},{"id":107961,"url":"http:\/\/www.24baires.com\/?p=107961","url_meta":{"origin":57725,"position":3},"title":"Siguen queriendo entorpecer la causa que lleva adelante el juez Alejo Ramos Padilla","author":"AF","date":"03\/05\/2019","format":false,"excerpt":"El juez Alejo Ramos Padilla se neg\u00f3 a investigar un expediente que le mand\u00f3 el juez Luis Rodr\u00edguez . Es la causa que se inici\u00f3 por una denuncia del fiscal Stornelli, basada en \"un sobre an\u00f3nimo que le tiraron bajo la puerta\", donde adjudica a \"un complot K\" la investigaci\u00f3n\u2026","rel":"","context":"En \u00abJUDICIALES\u00bb","block_context":{"text":"JUDICIALES","link":"http:\/\/www.24baires.com\/?cat=68"},"img":{"alt_text":"","src":"https:\/\/i0.wp.com\/www.24baires.com\/wp-content\/uploads\/2019\/03\/ramos-padilla-1.jpg?resize=350%2C200","width":350,"height":200,"srcset":"https:\/\/i0.wp.com\/www.24baires.com\/wp-content\/uploads\/2019\/03\/ramos-padilla-1.jpg?resize=350%2C200 1x, https:\/\/i0.wp.com\/www.24baires.com\/wp-content\/uploads\/2019\/03\/ramos-padilla-1.jpg?resize=525%2C300 1.5x"},"classes":[]},{"id":111120,"url":"http:\/\/www.24baires.com\/?p=111120","url_meta":{"origin":57725,"position":4},"title":"Alberto Fern\u00e1ndez declar\u00f3 en la causa por el memor\u00e1ndum con Ir\u00e1n","author":"GB","date":"10\/07\/2019","format":false,"excerpt":"El precandidato a presidente por el Frente de Todos cuestion\u00f3 su citaci\u00f3n y recomend\u00f3 a la querella repasar el Derecho Procesal. \"Alguien que opina no es un testigo\", se\u00f1al\u00f3. El precandidato a presidente por el Frente de Todos, Alberto Fern\u00e1ndez, declar\u00f3 este mi\u00e9rcoles en los tribunales de Comodoro Py en\u2026","rel":"","context":"En \u00abPol\u00edtica\u00bb","block_context":{"text":"Pol\u00edtica","link":"http:\/\/www.24baires.com\/?cat=51"},"img":{"alt_text":"","src":"https:\/\/i0.wp.com\/www.24baires.com\/wp-content\/uploads\/2019\/05\/alberto-fernandez.jpg?resize=350%2C200","width":350,"height":200,"srcset":"https:\/\/i0.wp.com\/www.24baires.com\/wp-content\/uploads\/2019\/05\/alberto-fernandez.jpg?resize=350%2C200 1x, https:\/\/i0.wp.com\/www.24baires.com\/wp-content\/uploads\/2019\/05\/alberto-fernandez.jpg?resize=525%2C300 1.5x"},"classes":[]},{"id":84612,"url":"http:\/\/www.24baires.com\/?p=84612","url_meta":{"origin":57725,"position":5},"title":"Convocan a una marcha a Comodoro Py para acompa\u00f1ar a Cristina","author":"GB","date":"05\/07\/2016","format":false,"excerpt":"Ser\u00e1 ma\u00f1ana a las 11, dos horas antes de que llegue a presentarse la ex presidenta a declarar ante el juez Claudio Bonadio por la causa por el d\u00f3lar futuro. El kirchnerismo prepara una convocatoria para acompa\u00f1ar a la ex presidenta Cristina Kirchner a los tribunales de Comodoro Py, donde\u2026","rel":"","context":"En \u00abPol\u00edtica\u00bb","block_context":{"text":"Pol\u00edtica","link":"http:\/\/www.24baires.com\/?cat=51"},"img":{"alt_text":"cristina bsas","src":"https:\/\/i0.wp.com\/www.24baires.com\/wp-content\/uploads\/2016\/07\/cristina-bsas.jpg?resize=350%2C200","width":350,"height":200,"srcset":"https:\/\/i0.wp.com\/www.24baires.com\/wp-content\/uploads\/2016\/07\/cristina-bsas.jpg?resize=350%2C200 1x, https:\/\/i0.wp.com\/www.24baires.com\/wp-content\/uploads\/2016\/07\/cristina-bsas.jpg?resize=525%2C300 1.5x"},"classes":[]}],"jetpack_sharing_enabled":true,"jetpack_likes_enabled":true,"jetpack_featured_media_url":"","_links":{"self":[{"href":"http:\/\/www.24baires.com\/index.php?rest_route=\/wp\/v2\/posts\/57725","targetHints":{"allow":["GET"]}}],"collection":[{"href":"http:\/\/www.24baires.com\/index.php?rest_route=\/wp\/v2\/posts"}],"about":[{"href":"http:\/\/www.24baires.com\/index.php?rest_route=\/wp\/v2\/types\/post"}],"author":[{"embeddable":true,"href":"http:\/\/www.24baires.com\/index.php?rest_route=\/wp\/v2\/users\/8"}],"replies":[{"embeddable":true,"href":"http:\/\/www.24baires.com\/index.php?rest_route=%2Fwp%2Fv2%2Fcomments&post=57725"}],"version-history":[{"count":1,"href":"http:\/\/www.24baires.com\/index.php?rest_route=\/wp\/v2\/posts\/57725\/revisions"}],"predecessor-version":[{"id":57726,"href":"http:\/\/www.24baires.com\/index.php?rest_route=\/wp\/v2\/posts\/57725\/revisions\/57726"}],"wp:attachment":[{"href":"http:\/\/www.24baires.com\/index.php?rest_route=%2Fwp%2Fv2%2Fmedia&parent=57725"}],"wp:term":[{"taxonomy":"category","embeddable":true,"href":"http:\/\/www.24baires.com\/index.php?rest_route=%2Fwp%2Fv2%2Fcategories&post=57725"},{"taxonomy":"post_tag","embeddable":true,"href":"http:\/\/www.24baires.com\/index.php?rest_route=%2Fwp%2Fv2%2Ftags&post=57725"}],"curies":[{"name":"wp","href":"https:\/\/api.w.org\/{rel}","templated":true}]}}