{"id":57716,"date":"2014-11-26T14:30:17","date_gmt":"2014-11-26T17:30:17","guid":{"rendered":"http:\/\/www.24baires.com\/?p=57716"},"modified":"2014-11-26T14:17:16","modified_gmt":"2014-11-26T17:17:16","slug":"para-scioli-el-allanamiento-del-juez-bonadio-fue-un-desproposito","status":"publish","type":"post","link":"http:\/\/www.24baires.com\/?p=57716","title":{"rendered":"Para Scioli, \u00abel allanamiento del juez Bonadio fue un desprop\u00f3sito\u00bb"},"content":{"rendered":"<p><img data-recalc-dims=\"1\" loading=\"lazy\" decoding=\"async\" class=\"aligncenter size-full wp-image-52743\" src=\"https:\/\/i0.wp.com\/www.24baires.com\/wp-content\/uploads\/2014\/08\/scioli-saludo.jpg?resize=560%2C373\" alt=\"scioli saludo\" width=\"560\" height=\"373\" srcset=\"https:\/\/i0.wp.com\/www.24baires.com\/wp-content\/uploads\/2014\/08\/scioli-saludo.jpg?w=560 560w, https:\/\/i0.wp.com\/www.24baires.com\/wp-content\/uploads\/2014\/08\/scioli-saludo.jpg?resize=300%2C199 300w\" sizes=\"auto, (max-width: 560px) 100vw, 560px\" \/>El gobernador bonaerense afirm\u00f3 que debe \u00abprevalecer la prudencia y la responsabilidad cuando est\u00e1 de por medio la Presidenta\u00bb. Sostuvo que se trat\u00f3 de \u00abuna cuesti\u00f3n administrativa\u00bb, y critic\u00f3 la \u00abespectacularizaci\u00f3n\u00bb del allanamiento.<!--more--><\/p>\n<p>Daniel Scioli consider\u00f3 hoy que el allanamiento ordenado por el juez Claudio Bonadio a oficinas de la sociedad Hotesur, empresa vinculada a la familia de la presidenta Cristina Fern\u00e1ndez de Kirchner, fue un \u00abdesprop\u00f3sito\u00bb.<\/p>\n<p>En declaraciones period\u00edsticas formuladas hoy en La Plata, Scioli analiz\u00f3 que debe \u00abprevalecer la prudencia y la responsabilidad cuando est\u00e1 de por medio la Presidenta\u00bb.<\/p>\n<p>El gobernador sostuvo que se trat\u00f3 de una \u00abuna cuesti\u00f3n administrativa\u00bb y critic\u00f3 la \u00abespectacularidad\u00bb del allanamiento ordenado por Bonadio en la sede de Hotesur por el incumplimiento en la entrega de balances en la Inspecci\u00f3n General de Justicia.<\/p>\n<p>\u00abLa propia (diputada Margarita) Stolbizer hizo referencia que se trataba de una cuesti\u00f3n administrativa, por eso fue un desprop\u00f3sito llevar adelante un allanamiento con esa espectacularidad\u00bb, evalu\u00f3.<\/p>\n<p>Consider\u00f3 que \u00abese es mi punto de vista por una cuesti\u00f3n administrativa dentro de lo que es la tarea de la Inspecci\u00f3n General de Justicia\u00bb, y agreg\u00f3 que \u00aba pocas horas de producirse esta espectacularidad del allanamiento vemos la esencia de lo que era esta cuesti\u00f3n\u00bb.<\/p>\n<p>&nbsp;<\/p>\n<p>&nbsp;<\/p>\n<p>&nbsp;<\/p>\n<p>&nbsp;<\/p>\n<p>&nbsp;<\/p>\n<p>&nbsp;<\/p>\n<p>&nbsp;<\/p>\n<p>&nbsp;<\/p>\n<p>&nbsp;<\/p>\n<p>&nbsp;<\/p>\n<p>&nbsp;<\/p>\n<p>&nbsp;<\/p>\n<p>&nbsp;<\/p>\n<p>&nbsp;<\/p>\n<p>&nbsp;<\/p>\n","protected":false},"excerpt":{"rendered":"<p>El gobernador bonaerense afirm\u00f3 que debe \u00abprevalecer la prudencia y la responsabilidad cuando est\u00e1 de por medio la Presidenta\u00bb. Sostuvo que se trat\u00f3 de \u00abuna cuesti\u00f3n administrativa\u00bb, y critic\u00f3 la \u00abespectacularizaci\u00f3n\u00bb del allanamiento.<\/p>\n","protected":false},"author":8,"featured_media":0,"comment_status":"open","ping_status":"open","sticky":false,"template":"","format":"standard","meta":{"_jetpack_newsletter_access":"","_jetpack_dont_email_post_to_subs":false,"_jetpack_newsletter_tier_id":0,"_jetpack_memberships_contains_paywalled_content":false,"_jetpack_memberships_contains_paid_content":false,"footnotes":""},"categories":[51],"tags":[],"class_list":["post-57716","post","type-post","status-publish","format-standard","hentry","category-politica"],"jetpack_shortlink":"https:\/\/wp.me\/p2JWE0-f0U","jetpack-related-posts":[{"id":57564,"url":"http:\/\/www.24baires.com\/?p=57564","url_meta":{"origin":57716,"position":0},"title":"Jul\u00edan \u00c1lvarez: \u201cBonadio usa causas para extorsionar y hacer pol\u00edtica\u201d","author":"AF","date":"23\/11\/2014","format":false,"excerpt":"El secretario de Justicia, Juli\u00e1n \u00c1lvarez, dijo que el juez, que esta semana dispuso allanamientos a la IGJ y a las oficinas de la empresar Hotesur, \"est\u00e1 armando un escudo frente a los nueve expedientes de destituci\u00f3n\u201d que enfrenta. El secretario de Justicia de la Naci\u00f3n, Juli\u00e1n \u00c1lvarez, en declaraciones\u2026","rel":"","context":"En \u00abJUDICIALES\u00bb","block_context":{"text":"JUDICIALES","link":"http:\/\/www.24baires.com\/?cat=68"},"img":{"alt_text":"Julian Alvarez","src":"https:\/\/i0.wp.com\/www.24baires.com\/wp-content\/uploads\/2014\/02\/Julian-Alvarez.jpg?resize=350%2C200","width":350,"height":200,"srcset":"https:\/\/i0.wp.com\/www.24baires.com\/wp-content\/uploads\/2014\/02\/Julian-Alvarez.jpg?resize=350%2C200 1x, https:\/\/i0.wp.com\/www.24baires.com\/wp-content\/uploads\/2014\/02\/Julian-Alvarez.jpg?resize=525%2C300 1.5x"},"classes":[]},{"id":104196,"url":"http:\/\/www.24baires.com\/?p=104196","url_meta":{"origin":57716,"position":1},"title":"La Asociaci\u00f3n de Abogados de Buenos Aires critic\u00f3 fuertemente a Bonadio","author":"AF","date":"30\/08\/2018","format":false,"excerpt":"En un contundente comunicado la entidad que agrupa a abogados denunci\u00f3 que en el allanamiento que se realiz\u00f3 a la casa de Cristina Kirchner se viol\u00f3 el debido proceso. La Asociaci\u00f3n de Abogados de Buenos Aires difundi\u00f3 este jueves un duro comunicado en el que cuestion\u00f3 el accionar del juez\u2026","rel":"","context":"En \u00abJUDICIALES\u00bb","block_context":{"text":"JUDICIALES","link":"http:\/\/www.24baires.com\/?cat=68"},"img":{"alt_text":"","src":"https:\/\/i0.wp.com\/www.24baires.com\/wp-content\/uploads\/2015\/07\/bonadio.jpg?resize=350%2C200","width":350,"height":200,"srcset":"https:\/\/i0.wp.com\/www.24baires.com\/wp-content\/uploads\/2015\/07\/bonadio.jpg?resize=350%2C200 1x, https:\/\/i0.wp.com\/www.24baires.com\/wp-content\/uploads\/2015\/07\/bonadio.jpg?resize=525%2C300 1.5x"},"classes":[]},{"id":70016,"url":"http:\/\/www.24baires.com\/?p=70016","url_meta":{"origin":57716,"position":2},"title":"Wado De Pedro sobre Hotesur: \u201cLas declaraciones de Bonadio son tendenciosas\u201d","author":"AF","date":"04\/08\/2015","format":false,"excerpt":"El secretario General de la Presidencia calific\u00f3 como \u201cmalintencionadas y maliciosas las declaraciones period\u00edsticas formuladas hoy por el juez y advirti\u00f3 sobre \u201cel irregular allanamiento en R\u00edo Gallegos en la causa Hotesur\u201d. \u201cLas continuas presencias y manifestaciones medi\u00e1ticas\u201d del magistrado \u201cdemuestran que m\u00e1s que administrar justicia, como corresponde a todos\u2026","rel":"","context":"En \u00abJUDICIALES\u00bb","block_context":{"text":"JUDICIALES","link":"http:\/\/www.24baires.com\/?cat=68"},"img":{"alt_text":"WADO DE PEDRO","src":"https:\/\/i0.wp.com\/www.24baires.com\/wp-content\/uploads\/2015\/04\/WADO-DE-PEDRO.jpg?resize=350%2C200","width":350,"height":200,"srcset":"https:\/\/i0.wp.com\/www.24baires.com\/wp-content\/uploads\/2015\/04\/WADO-DE-PEDRO.jpg?resize=350%2C200 1x, https:\/\/i0.wp.com\/www.24baires.com\/wp-content\/uploads\/2015\/04\/WADO-DE-PEDRO.jpg?resize=525%2C300 1.5x"},"classes":[]},{"id":57627,"url":"http:\/\/www.24baires.com\/?p=57627","url_meta":{"origin":57716,"position":3},"title":"Fuerte rechazo de sectores pol\u00edticos al accionar \u00abextorsivo\u00bb de Bonadio","author":"Grupo Sierra","date":"24\/11\/2014","format":false,"excerpt":"Miembros del Poder Ejecutivo y diputados nacionales del Frente para la Victoria (FPV) criticaron hoy al juez federal Claudio Bonadio por ordenar un allanamiento a oficinas de Hotesur y se\u00f1alaron que \u201ccada vez que se lo cita al Consejo de la Magistratura para que d\u00e9 respuestas sobre su desempe\u00f1o, al\u2026","rel":"","context":"En \u00abPol\u00edtica\u00bb","block_context":{"text":"Pol\u00edtica","link":"http:\/\/www.24baires.com\/?cat=51"},"img":{"alt_text":"","src":"https:\/\/i0.wp.com\/www.24baires.com\/wp-content\/uploads\/2014\/11\/bonadio.jpeg?resize=350%2C200","width":350,"height":200,"srcset":"https:\/\/i0.wp.com\/www.24baires.com\/wp-content\/uploads\/2014\/11\/bonadio.jpeg?resize=350%2C200 1x, https:\/\/i0.wp.com\/www.24baires.com\/wp-content\/uploads\/2014\/11\/bonadio.jpeg?resize=525%2C300 1.5x"},"classes":[]},{"id":57689,"url":"http:\/\/www.24baires.com\/?p=57689","url_meta":{"origin":57716,"position":4},"title":"Stolbizer denunci\u00f3 a Hotesur pero ahora dice que \u00abno hay delito\u00bb","author":"Grupo Sierra","date":"25\/11\/2014","format":false,"excerpt":"La diputada que hab\u00eda requerido al juez informaci\u00f3n sobre la empresa, cont\u00f3 que en ning\u00fan momento se solicitaron allanamientos. \"No me voy a hacer cargo de las cosas que hace Bonadio\", remarc\u00f3. La diputada nacional Margarita Stolbizer asegur\u00f3 hoy que \u201cninguna de las faltas cometidas por la empresa Hotesur son\u2026","rel":"","context":"En \u00abPol\u00edtica\u00bb","block_context":{"text":"Pol\u00edtica","link":"http:\/\/www.24baires.com\/?cat=51"},"img":{"alt_text":"Stolbizer2","src":"https:\/\/i0.wp.com\/www.24baires.com\/wp-content\/uploads\/2014\/08\/Stolbizer2.jpg?resize=350%2C200","width":350,"height":200,"srcset":"https:\/\/i0.wp.com\/www.24baires.com\/wp-content\/uploads\/2014\/08\/Stolbizer2.jpg?resize=350%2C200 1x, https:\/\/i0.wp.com\/www.24baires.com\/wp-content\/uploads\/2014\/08\/Stolbizer2.jpg?resize=525%2C300 1.5x"},"classes":[]},{"id":104090,"url":"http:\/\/www.24baires.com\/?p=104090","url_meta":{"origin":57716,"position":5},"title":"Allanaron la casa de Cristina en Calafate","author":"AF","date":"24\/08\/2018","format":false,"excerpt":"La propiedad, en la que pas\u00f3 los \u00faltimos minutos con vida N\u00e9stor Kirchner, es la tercera vivienda revisada por orden del juez Claudio Bonadio. Manifestantes cuestionaron el operativo y les gritaron \"cirqueros\" a los polic\u00edas. Efectivos de la Polic\u00eda Federal ingresaron esta tarde al domicilio de la ex presidenta Cristina\u2026","rel":"","context":"En \u00abJUDICIALES\u00bb","block_context":{"text":"JUDICIALES","link":"http:\/\/www.24baires.com\/?cat=68"},"img":{"alt_text":"","src":"https:\/\/i0.wp.com\/www.24baires.com\/wp-content\/uploads\/2018\/08\/casa-cristina-calafate.jpg?resize=350%2C200","width":350,"height":200,"srcset":"https:\/\/i0.wp.com\/www.24baires.com\/wp-content\/uploads\/2018\/08\/casa-cristina-calafate.jpg?resize=350%2C200 1x, https:\/\/i0.wp.com\/www.24baires.com\/wp-content\/uploads\/2018\/08\/casa-cristina-calafate.jpg?resize=525%2C300 1.5x"},"classes":[]}],"jetpack_sharing_enabled":true,"jetpack_likes_enabled":true,"jetpack_featured_media_url":"","_links":{"self":[{"href":"http:\/\/www.24baires.com\/index.php?rest_route=\/wp\/v2\/posts\/57716","targetHints":{"allow":["GET"]}}],"collection":[{"href":"http:\/\/www.24baires.com\/index.php?rest_route=\/wp\/v2\/posts"}],"about":[{"href":"http:\/\/www.24baires.com\/index.php?rest_route=\/wp\/v2\/types\/post"}],"author":[{"embeddable":true,"href":"http:\/\/www.24baires.com\/index.php?rest_route=\/wp\/v2\/users\/8"}],"replies":[{"embeddable":true,"href":"http:\/\/www.24baires.com\/index.php?rest_route=%2Fwp%2Fv2%2Fcomments&post=57716"}],"version-history":[{"count":1,"href":"http:\/\/www.24baires.com\/index.php?rest_route=\/wp\/v2\/posts\/57716\/revisions"}],"predecessor-version":[{"id":57717,"href":"http:\/\/www.24baires.com\/index.php?rest_route=\/wp\/v2\/posts\/57716\/revisions\/57717"}],"wp:attachment":[{"href":"http:\/\/www.24baires.com\/index.php?rest_route=%2Fwp%2Fv2%2Fmedia&parent=57716"}],"wp:term":[{"taxonomy":"category","embeddable":true,"href":"http:\/\/www.24baires.com\/index.php?rest_route=%2Fwp%2Fv2%2Fcategories&post=57716"},{"taxonomy":"post_tag","embeddable":true,"href":"http:\/\/www.24baires.com\/index.php?rest_route=%2Fwp%2Fv2%2Ftags&post=57716"}],"curies":[{"name":"wp","href":"https:\/\/api.w.org\/{rel}","templated":true}]}}