{"id":57689,"date":"2014-11-25T22:00:39","date_gmt":"2014-11-26T01:00:39","guid":{"rendered":"http:\/\/www.24baires.com\/?p=57689"},"modified":"2014-11-25T21:28:01","modified_gmt":"2014-11-26T00:28:01","slug":"stolbizer-denuncio-a-hotesur-pero-ahora-dice-que-no-hay-delito","status":"publish","type":"post","link":"http:\/\/www.24baires.com\/?p=57689","title":{"rendered":"Stolbizer denunci\u00f3 a Hotesur pero ahora dice que \u00abno hay delito\u00bb"},"content":{"rendered":"<p><img data-recalc-dims=\"1\" loading=\"lazy\" decoding=\"async\" class=\"aligncenter size-full wp-image-52048\" src=\"https:\/\/i0.wp.com\/www.24baires.com\/wp-content\/uploads\/2014\/08\/Stolbizer2.jpg?resize=560%2C336\" alt=\"Stolbizer2\" width=\"560\" height=\"336\" srcset=\"https:\/\/i0.wp.com\/www.24baires.com\/wp-content\/uploads\/2014\/08\/Stolbizer2.jpg?w=560 560w, https:\/\/i0.wp.com\/www.24baires.com\/wp-content\/uploads\/2014\/08\/Stolbizer2.jpg?resize=300%2C180 300w\" sizes=\"auto, (max-width: 560px) 100vw, 560px\" \/>La diputada que hab\u00eda requerido al juez informaci\u00f3n sobre la empresa, cont\u00f3 que en ning\u00fan momento se solicitaron allanamientos. \u00abNo me voy a hacer cargo de las cosas que hace Bonadio\u00bb, remarc\u00f3.<!--more--><\/p>\n<p>La diputada nacional Margarita Stolbizer asegur\u00f3 hoy que \u201cninguna de las faltas cometidas por la empresa Hotesur son delito\u201d y precis\u00f3 que la presentaci\u00f3n que realiz\u00f3 \u00abno es contra la Presidenta\u00bb.<\/p>\n<p>\u201cUna aclaraci\u00f3n que me parece importante hacer es que ninguna de estas faltas cometidas por la sociedad son delito\u201d, se\u00f1al\u00f3 la diputada del GEN en declaraciones a Radio Nacional.<\/p>\n<p>Adem\u00e1s, la legisladora afirm\u00f3 que en su presentaci\u00f3n ante el juez Claudio Bonadio solicit\u00f3 que se pidiera \u00abinformaci\u00f3n\u00bb sobre la sociedad \u00abpero no allanamientos\u00bb, tras lo cual sostuvo que no se va a \u00abhacer cargo de las cosas que hace\u00bb el magistrado.<\/p>\n<p>\u00abLe ped\u00eda que pida informaci\u00f3n. Nunca ped\u00ed un allanamiento. No me voy a hacer cargo de las cosas que hace Bonadio\u201d, insisti\u00f3.<\/p>\n<p>Para Stolbizer, lo que hay es \u201ces el delito de incumplimiento de funcionario p\u00fablico de aquellos que, debiendo controlar no hab\u00edan controlado, lo que se configura en delito respecto de la sociedad de la Presidenta como de cualquier otra\u201d.<\/p>\n<p>En este sentido, afirm\u00f3 que al requerir informaci\u00f3n sobre Hotesur a la Inspecci\u00f3n General de Justicia detect\u00f3 que \u201cno presentaba los balances hace cuatro a\u00f1os, no pagaba las tasas y no hab\u00eda renovado la constituci\u00f3n de su directorio pese a que el estatuto de la sociedad dice que hay que presentarlo cada cuatro a\u00f1os\u201d.<\/p>\n<p>&nbsp;<\/p>\n<p>&nbsp;<\/p>\n","protected":false},"excerpt":{"rendered":"<p>La diputada que hab\u00eda requerido al juez informaci\u00f3n sobre la empresa, cont\u00f3 que en ning\u00fan momento se solicitaron allanamientos. \u00abNo me voy a hacer cargo de las cosas que hace Bonadio\u00bb, remarc\u00f3.<\/p>\n","protected":false},"author":11,"featured_media":0,"comment_status":"open","ping_status":"open","sticky":false,"template":"","format":"standard","meta":{"_jetpack_newsletter_access":"","_jetpack_dont_email_post_to_subs":false,"_jetpack_newsletter_tier_id":0,"_jetpack_memberships_contains_paywalled_content":false,"_jetpack_memberships_contains_paid_content":false,"footnotes":""},"categories":[51],"tags":[],"class_list":["post-57689","post","type-post","status-publish","format-standard","hentry","category-politica"],"jetpack_shortlink":"https:\/\/wp.me\/p2JWE0-f0t","jetpack-related-posts":[{"id":57769,"url":"http:\/\/www.24baires.com\/?p=57769","url_meta":{"origin":57689,"position":0},"title":"Stolbizer confes\u00f3 que la perito citada por Bonadio para allanar Hotesur es su asesora","author":"AF","date":"27\/11\/2014","format":false,"excerpt":"La diputada nacional Margarita Stolbizer (GEN) reconoci\u00f3 que Silvina Mart\u00ednez, citada como perito por el juez federal Claudio Bonadio en el allanamiento de Hotesur S.A, es su asesora. \u201cEn el programa de Jorge Lanata la entrevistaron y por esa raz\u00f3n Bonadio la cit\u00f3\u201d, explic\u00f3 la legisladora en declaraciones a C5N,\u2026","rel":"","context":"En \u00abPol\u00edtica\u00bb","block_context":{"text":"Pol\u00edtica","link":"http:\/\/www.24baires.com\/?cat=51"},"img":{"alt_text":"Stolbizer2","src":"https:\/\/i0.wp.com\/www.24baires.com\/wp-content\/uploads\/2014\/08\/Stolbizer2.jpg?resize=350%2C200","width":350,"height":200,"srcset":"https:\/\/i0.wp.com\/www.24baires.com\/wp-content\/uploads\/2014\/08\/Stolbizer2.jpg?resize=350%2C200 1x, https:\/\/i0.wp.com\/www.24baires.com\/wp-content\/uploads\/2014\/08\/Stolbizer2.jpg?resize=525%2C300 1.5x"},"classes":[]},{"id":58483,"url":"http:\/\/www.24baires.com\/?p=58483","url_meta":{"origin":57689,"position":1},"title":"La valent\u00eda de Margarita","author":"GB","date":"11\/12\/2014","format":false,"excerpt":"Me fui de vacaciones. Todo muy lindo, si, gracias. La cosa es que estuve ausente dos semanas en las que fui leyendo, como a trav\u00e9s de un vidrio empa\u00f1ado, los temas m\u00e1s trascendentes de la pol\u00edtica nacional. Porque aunque nos tomemos unos d\u00edas, hay cosas que no estamos acostumbrados a\u2026","rel":"","context":"En \u00abOpini\u00f3n\u00bb","block_context":{"text":"Opini\u00f3n","link":"http:\/\/www.24baires.com\/?cat=64"},"img":{"alt_text":"Stolbizer2","src":"https:\/\/i0.wp.com\/www.24baires.com\/wp-content\/uploads\/2014\/08\/Stolbizer2.jpg?resize=350%2C200","width":350,"height":200,"srcset":"https:\/\/i0.wp.com\/www.24baires.com\/wp-content\/uploads\/2014\/08\/Stolbizer2.jpg?resize=350%2C200 1x, https:\/\/i0.wp.com\/www.24baires.com\/wp-content\/uploads\/2014\/08\/Stolbizer2.jpg?resize=525%2C300 1.5x"},"classes":[]},{"id":57716,"url":"http:\/\/www.24baires.com\/?p=57716","url_meta":{"origin":57689,"position":2},"title":"Para Scioli, \u00abel allanamiento del juez Bonadio fue un desprop\u00f3sito\u00bb","author":"GB","date":"26\/11\/2014","format":false,"excerpt":"El gobernador bonaerense afirm\u00f3 que debe \"prevalecer la prudencia y la responsabilidad cuando est\u00e1 de por medio la Presidenta\". Sostuvo que se trat\u00f3 de \"una cuesti\u00f3n administrativa\", y critic\u00f3 la \"espectacularizaci\u00f3n\" del allanamiento. Daniel Scioli consider\u00f3 hoy que el allanamiento ordenado por el juez Claudio Bonadio a oficinas de la\u2026","rel":"","context":"En \u00abPol\u00edtica\u00bb","block_context":{"text":"Pol\u00edtica","link":"http:\/\/www.24baires.com\/?cat=51"},"img":{"alt_text":"scioli saludo","src":"https:\/\/i0.wp.com\/www.24baires.com\/wp-content\/uploads\/2014\/08\/scioli-saludo.jpg?resize=350%2C200","width":350,"height":200,"srcset":"https:\/\/i0.wp.com\/www.24baires.com\/wp-content\/uploads\/2014\/08\/scioli-saludo.jpg?resize=350%2C200 1x, https:\/\/i0.wp.com\/www.24baires.com\/wp-content\/uploads\/2014\/08\/scioli-saludo.jpg?resize=525%2C300 1.5x"},"classes":[]},{"id":85271,"url":"http:\/\/www.24baires.com\/?p=85271","url_meta":{"origin":57689,"position":3},"title":"Florencia Kirchner apel\u00f3 el fallo que embarga sus cuentas y cajas de seguridad","author":"Grupo Sierra","date":"21\/07\/2016","format":false,"excerpt":"Florencia Kirchner apel\u00f3 el embargo dispuesto sobre los d\u00f3lares y los pesos hallados en la cuenta y en las dos cajas de seguridad que posee en el Banco Galicia, en el marco de la causa Hotesur que instruye el juez federal Juli\u00e1n Ercolini. La hija de la ex presidenta y\u2026","rel":"","context":"En \u00abJUDICIALES\u00bb","block_context":{"text":"JUDICIALES","link":"http:\/\/www.24baires.com\/?cat=68"},"img":{"alt_text":"","src":"https:\/\/i0.wp.com\/www.24baires.com\/wp-content\/uploads\/2016\/07\/florencia.jpg?resize=350%2C200","width":350,"height":200},"classes":[]},{"id":57603,"url":"http:\/\/www.24baires.com\/?p=57603","url_meta":{"origin":57689,"position":4},"title":"\u201cBonadio es un juez que elige las causas para extorsionar\u201d, asegur\u00f3 \u00c1lvarez","author":"AF","date":"24\/11\/2014","format":false,"excerpt":"El secretario de Justicia Juli\u00e1n \u00c1lvarez, ratific\u00f3 las denuncias contra el magistrado y repas\u00f3 las principales acusaciones que pesan sobre el juez, quien el jueves pasado orden\u00f3 un allanamiento a oficinas de la sociedad Hotesur, empresa vinculada a la familia de la Presidenta. \u201cLas causas contra Bonad\u00edo son muy graves.\u2026","rel":"","context":"En \u00abJUDICIALES\u00bb","block_context":{"text":"JUDICIALES","link":"http:\/\/www.24baires.com\/?cat=68"},"img":{"alt_text":"Julian Alvarez","src":"https:\/\/i0.wp.com\/www.24baires.com\/wp-content\/uploads\/2014\/02\/Julian-Alvarez.jpg?resize=350%2C200","width":350,"height":200,"srcset":"https:\/\/i0.wp.com\/www.24baires.com\/wp-content\/uploads\/2014\/02\/Julian-Alvarez.jpg?resize=350%2C200 1x, https:\/\/i0.wp.com\/www.24baires.com\/wp-content\/uploads\/2014\/02\/Julian-Alvarez.jpg?resize=525%2C300 1.5x"},"classes":[]},{"id":57572,"url":"http:\/\/www.24baires.com\/?p=57572","url_meta":{"origin":57689,"position":5},"title":"\u00abLo de Bonadio es de una falta de decoro superlativa\u00bb, dijo An\u00edbal Fern\u00e1ndez","author":"AF","date":"23\/11\/2014","format":false,"excerpt":"El senador nacional An\u00edbal Fern\u00e1ndez (Frente para la Victoria) manifest\u00f3 que un procedimiento como el ordenado por el juez federal Claudio Bonadio \"no se hace en ning\u00fan pa\u00eds del mundo\", y defini\u00f3 la actuaci\u00f3n del magistrado como \"un gesto falto de decoro\". En declaraciones al programa 'El fin de la\u2026","rel":"","context":"En \u00abJUDICIALES\u00bb","block_context":{"text":"JUDICIALES","link":"http:\/\/www.24baires.com\/?cat=68"},"img":{"alt_text":"fern\u00e1ndez an\u00edbal2","src":"https:\/\/i0.wp.com\/www.24baires.com\/wp-content\/uploads\/2012\/11\/fern%C3%A1ndez-an%C3%ADbal2.jpg?resize=350%2C200","width":350,"height":200,"srcset":"https:\/\/i0.wp.com\/www.24baires.com\/wp-content\/uploads\/2012\/11\/fern%C3%A1ndez-an%C3%ADbal2.jpg?resize=350%2C200 1x, https:\/\/i0.wp.com\/www.24baires.com\/wp-content\/uploads\/2012\/11\/fern%C3%A1ndez-an%C3%ADbal2.jpg?resize=525%2C300 1.5x"},"classes":[]}],"jetpack_sharing_enabled":true,"jetpack_likes_enabled":true,"jetpack_featured_media_url":"","_links":{"self":[{"href":"http:\/\/www.24baires.com\/index.php?rest_route=\/wp\/v2\/posts\/57689","targetHints":{"allow":["GET"]}}],"collection":[{"href":"http:\/\/www.24baires.com\/index.php?rest_route=\/wp\/v2\/posts"}],"about":[{"href":"http:\/\/www.24baires.com\/index.php?rest_route=\/wp\/v2\/types\/post"}],"author":[{"embeddable":true,"href":"http:\/\/www.24baires.com\/index.php?rest_route=\/wp\/v2\/users\/11"}],"replies":[{"embeddable":true,"href":"http:\/\/www.24baires.com\/index.php?rest_route=%2Fwp%2Fv2%2Fcomments&post=57689"}],"version-history":[{"count":1,"href":"http:\/\/www.24baires.com\/index.php?rest_route=\/wp\/v2\/posts\/57689\/revisions"}],"predecessor-version":[{"id":57690,"href":"http:\/\/www.24baires.com\/index.php?rest_route=\/wp\/v2\/posts\/57689\/revisions\/57690"}],"wp:attachment":[{"href":"http:\/\/www.24baires.com\/index.php?rest_route=%2Fwp%2Fv2%2Fmedia&parent=57689"}],"wp:term":[{"taxonomy":"category","embeddable":true,"href":"http:\/\/www.24baires.com\/index.php?rest_route=%2Fwp%2Fv2%2Fcategories&post=57689"},{"taxonomy":"post_tag","embeddable":true,"href":"http:\/\/www.24baires.com\/index.php?rest_route=%2Fwp%2Fv2%2Ftags&post=57689"}],"curies":[{"name":"wp","href":"https:\/\/api.w.org\/{rel}","templated":true}]}}