{"id":57687,"date":"2014-11-25T21:36:29","date_gmt":"2014-11-26T00:36:29","guid":{"rendered":"http:\/\/www.24baires.com\/?p=57687"},"modified":"2014-11-25T21:13:34","modified_gmt":"2014-11-26T00:13:34","slug":"ultima-vuelta-para-el-pj-bonaerense","status":"publish","type":"post","link":"http:\/\/www.24baires.com\/?p=57687","title":{"rendered":"\u00daltima vuelta para el PJ Bonaerense"},"content":{"rendered":"<p><img data-recalc-dims=\"1\" loading=\"lazy\" decoding=\"async\" class=\"aligncenter size-full wp-image-56420\" src=\"https:\/\/i0.wp.com\/www.24baires.com\/wp-content\/uploads\/2014\/11\/pj-bonaerense.jpg?resize=560%2C434\" alt=\"pj bonaerense\" width=\"560\" height=\"434\" srcset=\"https:\/\/i0.wp.com\/www.24baires.com\/wp-content\/uploads\/2014\/11\/pj-bonaerense.jpg?w=560 560w, https:\/\/i0.wp.com\/www.24baires.com\/wp-content\/uploads\/2014\/11\/pj-bonaerense.jpg?resize=300%2C232 300w\" sizes=\"auto, (max-width: 560px) 100vw, 560px\" \/>El Partido Justicialista de la provincia de Buenos Aires mantendr\u00e1 la \u00faltima reuni\u00f3n del a\u00f1o el pr\u00f3ximo s\u00e1bado en La Plata, informaron fuentes de esa fuerza pol\u00edtica.<!--more--><\/p>\n<p>El encuentro -que estar\u00e1 encabezado por el titular del PJ provincial e intendente de La Matanza, Fernando Espinoza y la vicepresidenta primera y ministra de Gobierno bonaerense, Cristina Alvarez Rodr\u00edguez- se llevar\u00e1 a cabo a partir del mediod\u00eda en el Pasaje Dardo Rocha de la capital de la Provincia, ubicado en las calles 50 entre 6 y 7.<\/p>\n<p>El Consejo del PJ mantuvo este a\u00f1o encuentros en diversos municipios de la provincia de Buenos Aires como Tandil, Punta Alta, San Nicol\u00e1s, La Matanza y Los Toldos.<\/p>\n<p>&nbsp;<\/p>\n<p>&nbsp;<\/p>\n<p>&nbsp;<\/p>\n","protected":false},"excerpt":{"rendered":"<p>El Partido Justicialista de la provincia de Buenos Aires mantendr\u00e1 la \u00faltima reuni\u00f3n del a\u00f1o el pr\u00f3ximo s\u00e1bado en La Plata, informaron fuentes de esa fuerza pol\u00edtica.<\/p>\n","protected":false},"author":11,"featured_media":0,"comment_status":"open","ping_status":"open","sticky":false,"template":"","format":"standard","meta":{"_jetpack_newsletter_access":"","_jetpack_dont_email_post_to_subs":false,"_jetpack_newsletter_tier_id":0,"_jetpack_memberships_contains_paywalled_content":false,"_jetpack_memberships_contains_paid_content":false,"footnotes":""},"categories":[51],"tags":[],"class_list":["post-57687","post","type-post","status-publish","format-standard","hentry","category-politica"],"jetpack_shortlink":"https:\/\/wp.me\/p2JWE0-f0r","jetpack-related-posts":[{"id":108380,"url":"http:\/\/www.24baires.com\/?p=108380","url_meta":{"origin":57687,"position":0},"title":"Reuni\u00f3n de Alberto Fern\u00e1ndez con intendentes del PJ bonaerense","author":"AF","date":"24\/05\/2019","format":false,"excerpt":"El precandidato presidencial Alberto Fern\u00e1ndez se reuni\u00f3 este mediod\u00eda con intendentes y legisladores peronistas en la localidad de San Antonio de Areco con la mirada puesta en recuperar los votos perdidos por el kirchnerismo en el interior rural bonaerense y continuar el debate respecto de la candidatura para gobernador. \"El\u2026","rel":"","context":"En \u00abPol\u00edtica\u00bb","block_context":{"text":"Pol\u00edtica","link":"http:\/\/www.24baires.com\/?cat=51"},"img":{"alt_text":"","src":"https:\/\/i0.wp.com\/www.24baires.com\/wp-content\/uploads\/2019\/05\/alberto-fernandez-intendentes-bonaerenses.jpg?resize=350%2C200","width":350,"height":200,"srcset":"https:\/\/i0.wp.com\/www.24baires.com\/wp-content\/uploads\/2019\/05\/alberto-fernandez-intendentes-bonaerenses.jpg?resize=350%2C200 1x, https:\/\/i0.wp.com\/www.24baires.com\/wp-content\/uploads\/2019\/05\/alberto-fernandez-intendentes-bonaerenses.jpg?resize=525%2C300 1.5x"},"classes":[]},{"id":52304,"url":"http:\/\/www.24baires.com\/?p=52304","url_meta":{"origin":57687,"position":1},"title":"El PJ bonaerense se reunir\u00e1 en Coronel Rosales","author":"GB","date":"23\/08\/2014","format":false,"excerpt":"Ser\u00e1 el pr\u00f3ximo 30 de agosto, en la localidad de Punta Alta. Estar\u00e1 encabezado por el Presidente del partido e Intendente de La Matanza, Fernando Espinoza. Esta semana hubo una reuni\u00f3n para ultimar detalles y evaluar las realidades de cada municipio, de cara a 2015. El pr\u00f3ximo s\u00e1bado 30 de\u2026","rel":"","context":"En \u00abLocales\u00bb","block_context":{"text":"Locales","link":"http:\/\/www.24baires.com\/?cat=38"},"img":{"alt_text":"pj bonaerense","src":"https:\/\/i0.wp.com\/www.24baires.com\/wp-content\/uploads\/2013\/12\/pj-bonaerense.jpg?resize=350%2C200","width":350,"height":200,"srcset":"https:\/\/i0.wp.com\/www.24baires.com\/wp-content\/uploads\/2013\/12\/pj-bonaerense.jpg?resize=350%2C200 1x, https:\/\/i0.wp.com\/www.24baires.com\/wp-content\/uploads\/2013\/12\/pj-bonaerense.jpg?resize=525%2C300 1.5x"},"classes":[]},{"id":46646,"url":"http:\/\/www.24baires.com\/?p=46646","url_meta":{"origin":57687,"position":2},"title":"Reuni\u00f3n cumbre del Justicialismo en Los Toldos","author":"Grupo Sierra","date":"24\/05\/2014","format":false,"excerpt":"El Partido Justicialista (PJ) bonaerense se reunir\u00e1 en Los Toldos para debatir los principales temas que preocupan a los habitantes de la provincia de Buenos Aires y adem\u00e1s ratificar\u00e1n el respaldo a las pol\u00edticas p\u00fablicas de la presidenta Cristina Fern\u00e1ndez de Kirchner y del gobernador Daniel Scioli. En el marco\u2026","rel":"","context":"En \u00abPol\u00edtica\u00bb","block_context":{"text":"Pol\u00edtica","link":"http:\/\/www.24baires.com\/?cat=51"},"img":{"alt_text":"pj","src":"https:\/\/i0.wp.com\/www.24baires.com\/wp-content\/uploads\/2014\/04\/pj-300x190.jpg?resize=350%2C200","width":350,"height":200},"classes":[]},{"id":107651,"url":"http:\/\/www.24baires.com\/?p=107651","url_meta":{"origin":57687,"position":3},"title":"El peronismo se re\u00fane en Avellaneda","author":"AF","date":"13\/04\/2019","format":false,"excerpt":"Con la excusa de la inauguraci\u00f3n de una pileta ol\u00edmpica climatizada, el peronismo bonaerense busca cerrar filas en Avellaneda. El encuentro partidario se dio horas despu\u00e9s del decreto de Mauricio Macri que no permite las listas colectoras en las pr\u00f3ximas elecciones; y sirve, adem\u00e1s, para mostrar juntos a los dirigentes\u2026","rel":"","context":"En \u00abPol\u00edtica\u00bb","block_context":{"text":"Pol\u00edtica","link":"http:\/\/www.24baires.com\/?cat=51"},"img":{"alt_text":"","src":"https:\/\/i0.wp.com\/www.24baires.com\/wp-content\/uploads\/2019\/04\/peronismo.jpeg?resize=350%2C200","width":350,"height":200,"srcset":"https:\/\/i0.wp.com\/www.24baires.com\/wp-content\/uploads\/2019\/04\/peronismo.jpeg?resize=350%2C200 1x, https:\/\/i0.wp.com\/www.24baires.com\/wp-content\/uploads\/2019\/04\/peronismo.jpeg?resize=525%2C300 1.5x"},"classes":[]},{"id":117196,"url":"http:\/\/www.24baires.com\/?p=117196","url_meta":{"origin":57687,"position":4},"title":"Fern\u00e1ndez present\u00f3 una lista de unidad y ser\u00e1 el presidente del PJ","author":"AF","date":"16\/02\/2021","format":false,"excerpt":"La vicegobernadora de Chaco, Anal\u00eda Rach Quiroga, y las diputadas Cristina \u00c1lvarez Rodr\u00edguez y Luc\u00eda Corpacci ser\u00e1n las vicepresidentas del partido, junto con Manzur y Kicillof. Los distintos sectores del peronismo presentaron a \u00faltima hora del lunes la lista oficialista \u2018Unidad y Federalismo\u2019 con los candidatos a consejeros para renovar\u2026","rel":"","context":"En \u00abPol\u00edtica\u00bb","block_context":{"text":"Pol\u00edtica","link":"http:\/\/www.24baires.com\/?cat=51"},"img":{"alt_text":"","src":"https:\/\/i0.wp.com\/www.24baires.com\/wp-content\/uploads\/2020\/08\/alberto-fern%C3%A1ndez.jpg?resize=350%2C200","width":350,"height":200,"srcset":"https:\/\/i0.wp.com\/www.24baires.com\/wp-content\/uploads\/2020\/08\/alberto-fern%C3%A1ndez.jpg?resize=350%2C200 1x, https:\/\/i0.wp.com\/www.24baires.com\/wp-content\/uploads\/2020\/08\/alberto-fern%C3%A1ndez.jpg?resize=525%2C300 1.5x"},"classes":[]},{"id":108582,"url":"http:\/\/www.24baires.com\/?p=108582","url_meta":{"origin":57687,"position":5},"title":"Fernando Espinoza confirm\u00f3 que ser\u00e1 candidato a intendente de La Matanza","author":"GB","date":"05\/06\/2019","format":false,"excerpt":"El diputado nacional anuncio que volver\u00e1 a competir por la intendencia en su distrito. Pese a una de las opciones era continuar en el Congreso, en el Plenario de la Militancia de La Matanza los representantes de su espacio le pidieron que vaya por el municipio en las pr\u00f3ximas elecciones.\u2026","rel":"","context":"En \u00abMunicipios\u00bb","block_context":{"text":"Municipios","link":"http:\/\/www.24baires.com\/?cat=44"},"img":{"alt_text":"","src":"https:\/\/i0.wp.com\/www.24baires.com\/wp-content\/uploads\/2013\/10\/espinoza.jpg?resize=350%2C200","width":350,"height":200,"srcset":"https:\/\/i0.wp.com\/www.24baires.com\/wp-content\/uploads\/2013\/10\/espinoza.jpg?resize=350%2C200 1x, https:\/\/i0.wp.com\/www.24baires.com\/wp-content\/uploads\/2013\/10\/espinoza.jpg?resize=525%2C300 1.5x"},"classes":[]}],"jetpack_sharing_enabled":true,"jetpack_likes_enabled":true,"jetpack_featured_media_url":"","_links":{"self":[{"href":"http:\/\/www.24baires.com\/index.php?rest_route=\/wp\/v2\/posts\/57687","targetHints":{"allow":["GET"]}}],"collection":[{"href":"http:\/\/www.24baires.com\/index.php?rest_route=\/wp\/v2\/posts"}],"about":[{"href":"http:\/\/www.24baires.com\/index.php?rest_route=\/wp\/v2\/types\/post"}],"author":[{"embeddable":true,"href":"http:\/\/www.24baires.com\/index.php?rest_route=\/wp\/v2\/users\/11"}],"replies":[{"embeddable":true,"href":"http:\/\/www.24baires.com\/index.php?rest_route=%2Fwp%2Fv2%2Fcomments&post=57687"}],"version-history":[{"count":1,"href":"http:\/\/www.24baires.com\/index.php?rest_route=\/wp\/v2\/posts\/57687\/revisions"}],"predecessor-version":[{"id":57688,"href":"http:\/\/www.24baires.com\/index.php?rest_route=\/wp\/v2\/posts\/57687\/revisions\/57688"}],"wp:attachment":[{"href":"http:\/\/www.24baires.com\/index.php?rest_route=%2Fwp%2Fv2%2Fmedia&parent=57687"}],"wp:term":[{"taxonomy":"category","embeddable":true,"href":"http:\/\/www.24baires.com\/index.php?rest_route=%2Fwp%2Fv2%2Fcategories&post=57687"},{"taxonomy":"post_tag","embeddable":true,"href":"http:\/\/www.24baires.com\/index.php?rest_route=%2Fwp%2Fv2%2Ftags&post=57687"}],"curies":[{"name":"wp","href":"https:\/\/api.w.org\/{rel}","templated":true}]}}