{"id":57655,"date":"2014-11-25T15:30:35","date_gmt":"2014-11-25T18:30:35","guid":{"rendered":"http:\/\/www.24baires.com\/?p=57655"},"modified":"2014-11-25T15:18:04","modified_gmt":"2014-11-25T18:18:04","slug":"trabajo-dicto-la-conciliacion-obligatoria-en-el-conflicto-petrolero","status":"publish","type":"post","link":"http:\/\/www.24baires.com\/?p=57655","title":{"rendered":"Trabajo dict\u00f3 la conciliaci\u00f3n obligatoria en el conflicto petrolero"},"content":{"rendered":"<p><img data-recalc-dims=\"1\" loading=\"lazy\" decoding=\"async\" class=\"aligncenter size-full wp-image-57656\" src=\"https:\/\/i0.wp.com\/www.24baires.com\/wp-content\/uploads\/2014\/11\/alberto-roberti.jpg?resize=560%2C301\" alt=\"alberto roberti\" width=\"560\" height=\"301\" srcset=\"https:\/\/i0.wp.com\/www.24baires.com\/wp-content\/uploads\/2014\/11\/alberto-roberti.jpg?w=560 560w, https:\/\/i0.wp.com\/www.24baires.com\/wp-content\/uploads\/2014\/11\/alberto-roberti.jpg?resize=300%2C161 300w\" sizes=\"auto, (max-width: 560px) 100vw, 560px\" \/>La cartera lo resolvi\u00f3 en el conflicto gremial interno de la Federaci\u00f3n de Petr\u00f3leo, que hab\u00eda declarado una huelga por 48 horas a ra\u00edz de los comicios que tuvieron lugar en la provincia de Mendoza el 10 de octubre \u00faltimo.<!--more--><\/p>\n<p>La cartera laboral inform\u00f3 hoy a T\u00e9lam que el ministro de Trabajo, Carlos Tomada, dispuso declarar la conciliaci\u00f3n obligatoria ante el paro por 48 horas dispuesto a partir de hoy en todo el pa\u00eds .<\/p>\n<p>El secretario general del gremio, el diputado nacional del Frente Renovador Alberto Roberti, dijo esta ma\u00f1ana que \u201cla lista opositora que encabeza el diputado Dante Gonz\u00e1lez (Frente para la Victoria) ha perdido, pero cuando los papeles que certificaban la normalidad de las mismas llegaron al Ministerio de Trabajo, desde all\u00ed se pidi\u00f3 que se convocara una nueva elecci\u00f3n\u00bb.<\/p>\n<p>En desacuerdo con la decisi\u00f3n oficial, el legislador opositor admiti\u00f3 que el paro \u00abpuede traer inconvenientes\u00bb al resto de la sociedad por la \u00abparalizaci\u00f3n de las plantas y yacimientos\u00bb as\u00ed como la \u00abno prestaci\u00f3n de tareas en refiner\u00edas de petr\u00f3leo\u00bb.<\/p>\n<p>&nbsp;<\/p>\n<p>&nbsp;<\/p>\n<p>&nbsp;<\/p>\n<p>&nbsp;<\/p>\n<p>&nbsp;<\/p>\n<p>&nbsp;<\/p>\n<p>&nbsp;<\/p>\n<p>&nbsp;<\/p>\n<p>&nbsp;<\/p>\n<p>&nbsp;<\/p>\n<p>&nbsp;<\/p>\n<p>&nbsp;<\/p>\n<p>&nbsp;<\/p>\n<p>&nbsp;<\/p>\n<p>&nbsp;<\/p>\n<p>&nbsp;<\/p>\n<p>&nbsp;<\/p>\n<p>&nbsp;<\/p>\n<p>&nbsp;<\/p>\n<p>&nbsp;<\/p>\n<p>&nbsp;<\/p>\n<p>&nbsp;<\/p>\n<p>&nbsp;<\/p>\n<p>&nbsp;<\/p>\n","protected":false},"excerpt":{"rendered":"<p>La cartera lo resolvi\u00f3 en el conflicto gremial interno de la Federaci\u00f3n de Petr\u00f3leo, que hab\u00eda declarado una huelga por 48 horas a ra\u00edz de los comicios que tuvieron lugar en la provincia de Mendoza el 10 de octubre \u00faltimo.<\/p>\n","protected":false},"author":8,"featured_media":0,"comment_status":"open","ping_status":"open","sticky":false,"template":"","format":"standard","meta":{"_jetpack_newsletter_access":"","_jetpack_dont_email_post_to_subs":false,"_jetpack_newsletter_tier_id":0,"_jetpack_memberships_contains_paywalled_content":false,"_jetpack_memberships_contains_paid_content":false,"footnotes":""},"categories":[51],"tags":[],"class_list":["post-57655","post","type-post","status-publish","format-standard","hentry","category-politica"],"jetpack_shortlink":"https:\/\/wp.me\/p2JWE0-eZV","jetpack-related-posts":[{"id":105891,"url":"http:\/\/www.24baires.com\/?p=105891","url_meta":{"origin":57655,"position":0},"title":"Dictaron conciliaci\u00f3n obligatoria por 15 d\u00edas en el conflicto aeron\u00e1utico","author":"AF","date":"12\/12\/2018","format":false,"excerpt":"El Ministerio de Producci\u00f3n y Trabajo dict\u00f3 esta tarde la conciliaci\u00f3n obligatoria por 15 d\u00edas en el conflicto con los gremios de pilotos, que hab\u00edan convocado a un paro de 48 horas a partir de ma\u00f1ana. El gobieno nacional fren\u00f3 el paro que los pilotos aeron\u00e1uticos convocaron para este jueves\u2026","rel":"","context":"En \u00abSociedad\u00bb","block_context":{"text":"Sociedad","link":"http:\/\/www.24baires.com\/?cat=1"},"img":{"alt_text":"","src":"https:\/\/i0.wp.com\/www.24baires.com\/wp-content\/uploads\/2018\/11\/aeropuerto.jpg?resize=350%2C200","width":350,"height":200,"srcset":"https:\/\/i0.wp.com\/www.24baires.com\/wp-content\/uploads\/2018\/11\/aeropuerto.jpg?resize=350%2C200 1x, https:\/\/i0.wp.com\/www.24baires.com\/wp-content\/uploads\/2018\/11\/aeropuerto.jpg?resize=525%2C300 1.5x"},"classes":[]},{"id":21864,"url":"http:\/\/www.24baires.com\/?p=21864","url_meta":{"origin":57655,"position":1},"title":"Docentes y Gobierno se re\u00fanen ma\u00f1ana viernes","author":"AF","date":"25\/04\/2013","format":false,"excerpt":"Ser\u00e1 en el marco de la conciliaci\u00f3n obligatoria y luego de que los trabajadores de la educaci\u00f3n acordaran acatar esa medida que suspende las medidas de fuerza que iban a realizar esta semana y la pr\u00f3xima, con dos paros por 48 horas. Representantes del gobierno bonaerense y los del Frente\u2026","rel":"","context":"En \u00abSociedad\u00bb","block_context":{"text":"Sociedad","link":"http:\/\/www.24baires.com\/?cat=1"},"img":{"alt_text":"de luc\u00eda docentes","src":"https:\/\/i0.wp.com\/www.24baires.com\/wp-content\/uploads\/2013\/03\/de-luc%C3%ADa-docentes.jpg?resize=350%2C200","width":350,"height":200,"srcset":"https:\/\/i0.wp.com\/www.24baires.com\/wp-content\/uploads\/2013\/03\/de-luc%C3%ADa-docentes.jpg?resize=350%2C200 1x, https:\/\/i0.wp.com\/www.24baires.com\/wp-content\/uploads\/2013\/03\/de-luc%C3%ADa-docentes.jpg?resize=525%2C300 1.5x"},"classes":[]},{"id":23938,"url":"http:\/\/www.24baires.com\/?p=23938","url_meta":{"origin":57655,"position":2},"title":"Docentes bonaerenses informar\u00e1n sobre nuevos paros si no hay respuestas hoy","author":"Grupo Sierra","date":"20\/05\/2013","format":false,"excerpt":"El Frente Gremial Docente ratific\u00f3 hoy \u201cla firmeza de continuar con los reclamos, hasta que el gobierno bonaerense no supere la mejora salarial de 22,6%\u201d e indicaron que si eso no ocurre en las pr\u00f3ximas horas, ma\u00f1ana anunciar\u00e1n nuevas huelgas por 48 horas. El Frente Gremial de Docentes Bonaerenses (FGDB)\u2026","rel":"","context":"En \u00abProvincia\u00bb","block_context":{"text":"Provincia","link":"http:\/\/www.24baires.com\/?cat=40"},"img":{"alt_text":"baradel2","src":"https:\/\/i0.wp.com\/www.24baires.com\/wp-content\/uploads\/2012\/11\/baradel2.jpg?resize=350%2C200","width":350,"height":200,"srcset":"https:\/\/i0.wp.com\/www.24baires.com\/wp-content\/uploads\/2012\/11\/baradel2.jpg?resize=350%2C200 1x, https:\/\/i0.wp.com\/www.24baires.com\/wp-content\/uploads\/2012\/11\/baradel2.jpg?resize=525%2C300 1.5x"},"classes":[]},{"id":103586,"url":"http:\/\/www.24baires.com\/?p=103586","url_meta":{"origin":57655,"position":3},"title":"Suteba para y eval\u00faan multa por \u00abincumplimiento\u00bb de la conciliaci\u00f3n","author":"AF","date":"30\/07\/2018","format":false,"excerpt":"El Sindicato Unificado de Trabajadores de la Educaci\u00f3n de Buenos Aires (Suteba) iniciar\u00e1 este lunes un paro de 48 horas en el marco de una medida de fuerza convocada por la Ctera, la confederaci\u00f3n que lo aglutina a nivel nacional, algo que desde el Gobierno considerar\u00edan como incumplimiento de la\u2026","rel":"","context":"En \u00abSociedad\u00bb","block_context":{"text":"Sociedad","link":"http:\/\/www.24baires.com\/?cat=1"},"img":{"alt_text":"","src":"https:\/\/i0.wp.com\/www.24baires.com\/wp-content\/uploads\/2017\/04\/baradel-suteba.jpg?resize=350%2C200","width":350,"height":200,"srcset":"https:\/\/i0.wp.com\/www.24baires.com\/wp-content\/uploads\/2017\/04\/baradel-suteba.jpg?resize=350%2C200 1x, https:\/\/i0.wp.com\/www.24baires.com\/wp-content\/uploads\/2017\/04\/baradel-suteba.jpg?resize=525%2C300 1.5x"},"classes":[]},{"id":21673,"url":"http:\/\/www.24baires.com\/?p=21673","url_meta":{"origin":57655,"position":4},"title":"\u00abSi no hay negociaci\u00f3n, no hay conciliaci\u00f3n\u00bb, asegur\u00f3 Baradel","author":"AF","date":"23\/04\/2013","format":false,"excerpt":"Los docentes bonaerenses definir\u00e1n en las pr\u00f3ximas horas si acatan o no la conciliaci\u00f3n obligatoria que dict\u00f3 el Gobierno provincial, para desactivar el paro de 48 horas previsto para ma\u00f1ana y pasado. \"Tenemos que resolver definitivamente qu\u00e9 es lo que vamos a hacer con la conciliaci\u00f3n obligatoria. El equipo jur\u00eddico\u2026","rel":"","context":"En \u00abSociedad\u00bb","block_context":{"text":"Sociedad","link":"http:\/\/www.24baires.com\/?cat=1"},"img":{"alt_text":"baradel petrocini","src":"https:\/\/i0.wp.com\/www.24baires.com\/wp-content\/uploads\/2013\/01\/baradel-petrocini.png?resize=350%2C200","width":350,"height":200},"classes":[]},{"id":83651,"url":"http:\/\/www.24baires.com\/?p=83651","url_meta":{"origin":57655,"position":5},"title":"Dictan la conciliaci\u00f3n obligatoria pero Camioneros mantiene el paro","author":"AF","date":"10\/06\/2016","format":false,"excerpt":"La cartera laboral tom\u00f3 la decisi\u00f3n en el conflicto que mantienen los trabajadores en reclamo de aumentos salariales y enviar\u00e1 inspecciones para corroborar el cumplimiento de la medida ante una inicial falta de acatamiento por parte del gremio. El Ministerio de Trabajo de la Naci\u00f3n dict\u00f3 la conciliaci\u00f3n obligatoria en\u2026","rel":"","context":"En \u00abSociedad\u00bb","block_context":{"text":"Sociedad","link":"http:\/\/www.24baires.com\/?cat=1"},"img":{"alt_text":"camioneros","src":"https:\/\/i0.wp.com\/www.24baires.com\/wp-content\/uploads\/2013\/07\/camioneros1-e1433428722976.jpg?resize=350%2C200","width":350,"height":200,"srcset":"https:\/\/i0.wp.com\/www.24baires.com\/wp-content\/uploads\/2013\/07\/camioneros1-e1433428722976.jpg?resize=350%2C200 1x, https:\/\/i0.wp.com\/www.24baires.com\/wp-content\/uploads\/2013\/07\/camioneros1-e1433428722976.jpg?resize=525%2C300 1.5x"},"classes":[]}],"jetpack_sharing_enabled":true,"jetpack_likes_enabled":true,"jetpack_featured_media_url":"","_links":{"self":[{"href":"http:\/\/www.24baires.com\/index.php?rest_route=\/wp\/v2\/posts\/57655","targetHints":{"allow":["GET"]}}],"collection":[{"href":"http:\/\/www.24baires.com\/index.php?rest_route=\/wp\/v2\/posts"}],"about":[{"href":"http:\/\/www.24baires.com\/index.php?rest_route=\/wp\/v2\/types\/post"}],"author":[{"embeddable":true,"href":"http:\/\/www.24baires.com\/index.php?rest_route=\/wp\/v2\/users\/8"}],"replies":[{"embeddable":true,"href":"http:\/\/www.24baires.com\/index.php?rest_route=%2Fwp%2Fv2%2Fcomments&post=57655"}],"version-history":[{"count":1,"href":"http:\/\/www.24baires.com\/index.php?rest_route=\/wp\/v2\/posts\/57655\/revisions"}],"predecessor-version":[{"id":57657,"href":"http:\/\/www.24baires.com\/index.php?rest_route=\/wp\/v2\/posts\/57655\/revisions\/57657"}],"wp:attachment":[{"href":"http:\/\/www.24baires.com\/index.php?rest_route=%2Fwp%2Fv2%2Fmedia&parent=57655"}],"wp:term":[{"taxonomy":"category","embeddable":true,"href":"http:\/\/www.24baires.com\/index.php?rest_route=%2Fwp%2Fv2%2Fcategories&post=57655"},{"taxonomy":"post_tag","embeddable":true,"href":"http:\/\/www.24baires.com\/index.php?rest_route=%2Fwp%2Fv2%2Ftags&post=57655"}],"curies":[{"name":"wp","href":"https:\/\/api.w.org\/{rel}","templated":true}]}}