{"id":57646,"date":"2014-11-25T13:30:15","date_gmt":"2014-11-25T16:30:15","guid":{"rendered":"http:\/\/www.24baires.com\/?p=57646"},"modified":"2014-11-25T13:29:06","modified_gmt":"2014-11-25T16:29:06","slug":"desde-provincia-reiteraron-que-no-habra-bono-de-fin-de-ano","status":"publish","type":"post","link":"http:\/\/www.24baires.com\/?p=57646","title":{"rendered":"Desde Provincia reiteraron que \u00abno habr\u00e1 bono de fin de a\u00f1o\u00bb"},"content":{"rendered":"<p><img data-recalc-dims=\"1\" loading=\"lazy\" decoding=\"async\" class=\"aligncenter size-full wp-image-19344\" src=\"https:\/\/i0.wp.com\/www.24baires.com\/wp-content\/uploads\/2013\/03\/p%C3%A9rez-alberto.jpg?resize=560%2C336\" alt=\"p\u00e9rez alberto\" width=\"560\" height=\"336\" srcset=\"https:\/\/i0.wp.com\/www.24baires.com\/wp-content\/uploads\/2013\/03\/p%C3%A9rez-alberto.jpg?w=560 560w, https:\/\/i0.wp.com\/www.24baires.com\/wp-content\/uploads\/2013\/03\/p%C3%A9rez-alberto.jpg?resize=300%2C180 300w\" sizes=\"auto, (max-width: 560px) 100vw, 560px\" \/>Nuevamente, en semanas recientes, la Gobernaci\u00f3n aclar\u00f3 que no impartir\u00e1 un plus salarial a los trabajadores del \u00e1rea p\u00fablica. Lo hizo, esta ma\u00f1ana, Alberto P\u00e9rez.<!--more--><\/p>\n<p>Esta ma\u00f1ana el Jefe de Gabinete bonaerense, Alberto P\u00e9rez, asegur\u00f3 que \u00abm\u00e1s all\u00e1 del deseo de Daniel Scioli de hacer todo lo posible para entregar el plus econ\u00f3mico el mes que viene, la provincia no lo dar\u00e1\u00bb a pesar del pedido cada vez m\u00e1s fuerte de los gremios estatales, no s\u00f3lo los docentes sino tambi\u00e9n estatales, m\u00e9dicos y judiciales.<\/p>\n<p>\u00abYa pusimos en marcha las paritarias 2015 para llegar a un acuerdo con los 600.000 trabajadores de la provincia\u00bb, mencion\u00f3 el funcionario.<\/p>\n<p>\u00abYa est\u00e1 definido que no habr\u00e1 bono de fin de a\u00f1o\u00bb, sentenci\u00f3 P\u00e9rez.<\/p>\n<p>&nbsp;<\/p>\n<p>&nbsp;<\/p>\n<p>&nbsp;<\/p>\n<p>&nbsp;<\/p>\n<p>&nbsp;<\/p>\n<p>&nbsp;<\/p>\n<p>&nbsp;<\/p>\n<p>&nbsp;<\/p>\n<p>&nbsp;<\/p>\n<p>&nbsp;<\/p>\n<p>&nbsp;<\/p>\n","protected":false},"excerpt":{"rendered":"<p>Nuevamente, en semanas recientes, la Gobernaci\u00f3n aclar\u00f3 que no impartir\u00e1 un plus salarial a los trabajadores del \u00e1rea p\u00fablica. Lo hizo, esta ma\u00f1ana, Alberto P\u00e9rez.<\/p>\n","protected":false},"author":8,"featured_media":0,"comment_status":"open","ping_status":"open","sticky":false,"template":"","format":"standard","meta":{"_jetpack_newsletter_access":"","_jetpack_dont_email_post_to_subs":false,"_jetpack_newsletter_tier_id":0,"_jetpack_memberships_contains_paywalled_content":false,"_jetpack_memberships_contains_paid_content":false,"footnotes":""},"categories":[51],"tags":[],"class_list":["post-57646","post","type-post","status-publish","format-standard","hentry","category-politica"],"jetpack_shortlink":"https:\/\/wp.me\/p2JWE0-eZM","jetpack-related-posts":[{"id":89911,"url":"http:\/\/www.24baires.com\/?p=89911","url_meta":{"origin":57646,"position":0},"title":"Confirman que estatales bonaerenses no cobrar\u00e1n el bono","author":"AF","date":"17\/11\/2016","format":false,"excerpt":"Tras el acuerdo entre El Gobierno nacional y los estatales por el bono de fin de a\u00f1o, en la Provincia ratificaron este jueves que no habr\u00e1 plus salarial en diciembre, tal como lo hab\u00eda anticipado Mar\u00eda Eugenia Vidal semanas atr\u00e1s. \"Ella claramente dijo que la provincia no est\u00e1 en condiciones\u2026","rel":"","context":"En \u00abSociedad\u00bb","block_context":{"text":"Sociedad","link":"http:\/\/www.24baires.com\/?cat=1"},"img":{"alt_text":"marcha ate","src":"https:\/\/i0.wp.com\/www.24baires.com\/wp-content\/uploads\/2016\/03\/marcha-ate.jpg?resize=350%2C200","width":350,"height":200,"srcset":"https:\/\/i0.wp.com\/www.24baires.com\/wp-content\/uploads\/2016\/03\/marcha-ate.jpg?resize=350%2C200 1x, https:\/\/i0.wp.com\/www.24baires.com\/wp-content\/uploads\/2016\/03\/marcha-ate.jpg?resize=525%2C300 1.5x"},"classes":[]},{"id":105776,"url":"http:\/\/www.24baires.com\/?p=105776","url_meta":{"origin":57646,"position":1},"title":"Docentes y estatales bonaerenses cobrar\u00e1n el bono de fin de a\u00f1o entre el 15 y 20 de diciembre","author":"GB","date":"06\/12\/2018","format":false,"excerpt":"Desde el gobierno de la provincia de Buenos Aires se\u00f1alaron que trabajan en la elaboraci\u00f3n del cronograma de pagos. Mientras tanto, el lunes 10 los empleados p\u00fablicos percibir\u00e1n el medio aguinaldo. El gobierno de la provincia de Buenos Aires adelant\u00f3 que entre el 15 y 20 de diciembre tanto docentes\u2026","rel":"","context":"En \u00abProvincia\u00bb","block_context":{"text":"Provincia","link":"http:\/\/www.24baires.com\/?cat=40"},"img":{"alt_text":"","src":"https:\/\/i0.wp.com\/www.24baires.com\/wp-content\/uploads\/2014\/08\/senado-bonaerense.jpg?resize=350%2C200","width":350,"height":200,"srcset":"https:\/\/i0.wp.com\/www.24baires.com\/wp-content\/uploads\/2014\/08\/senado-bonaerense.jpg?resize=350%2C200 1x, https:\/\/i0.wp.com\/www.24baires.com\/wp-content\/uploads\/2014\/08\/senado-bonaerense.jpg?resize=525%2C300 1.5x"},"classes":[]},{"id":89750,"url":"http:\/\/www.24baires.com\/?p=89750","url_meta":{"origin":57646,"position":2},"title":"Municipales de Tandil amenazan con parar si no reciben un bono","author":"GB","date":"11\/11\/2016","format":false,"excerpt":"Piden un plus salarial de 3.000 pesos. Desde el municipio avisaron que \"si la Provincia no colabora\" no hay fondos para dar respuesta a ese reclamo. El Sindicato de Trabajadores Municipales de Tandil advirti\u00f3 que si el gobierno de Miguel \u00c1ngel Lunghi no les otorga un bono de fin de\u2026","rel":"","context":"En \u00abLocales\u00bb","block_context":{"text":"Locales","link":"http:\/\/www.24baires.com\/?cat=38"},"img":{"alt_text":"","src":"https:\/\/i0.wp.com\/www.24baires.com\/wp-content\/uploads\/2016\/11\/trabajadores-tandil.jpg?resize=350%2C200","width":350,"height":200,"srcset":"https:\/\/i0.wp.com\/www.24baires.com\/wp-content\/uploads\/2016\/11\/trabajadores-tandil.jpg?resize=350%2C200 1x, https:\/\/i0.wp.com\/www.24baires.com\/wp-content\/uploads\/2016\/11\/trabajadores-tandil.jpg?resize=525%2C300 1.5x"},"classes":[]},{"id":105615,"url":"http:\/\/www.24baires.com\/?p=105615","url_meta":{"origin":57646,"position":3},"title":"El Gobierno retoma desde este martes las paritarias con docentes y estatales","author":"GB","date":"27\/11\/2018","format":false,"excerpt":"El gobierno bonaerense retomar\u00e1 desde ma\u00f1ana las conversaciones paritarias con estatales y docentes, con quienes buscar\u00e1 cerrar la pauta salarial de este a\u00f1o y comenzar a conversar sobre 2019. El gobierno de Mar\u00eda Eugenia Vidal recibir\u00e1 desde ma\u00f1ana a las 18 hs. a los trabajadores estatales enmarcados en la ley\u2026","rel":"","context":"En \u00abProvincia\u00bb","block_context":{"text":"Provincia","link":"http:\/\/www.24baires.com\/?cat=40"},"img":{"alt_text":"","src":"https:\/\/i0.wp.com\/www.24baires.com\/wp-content\/uploads\/2018\/03\/ate-docentes-300x200.jpg?resize=350%2C200","width":350,"height":200},"classes":[]},{"id":37259,"url":"http:\/\/www.24baires.com\/?p=37259","url_meta":{"origin":57646,"position":4},"title":"Docentes bonaerenses tambi\u00e9n reclaman un plus de fin de a\u00f1o","author":"Grupo Sierra","date":"21\/12\/2013","format":false,"excerpt":"La Federaci\u00f3n de Educadores Bonaerenses solicit\u00f3 el pago de un bono de fin de a\u00f1o, tal como cobraron los estatales de otras provincias. \u201cLos dirigentes vivimos enfrentando una sucesi\u00f3n de faltas de decisi\u00f3n, falta de respuesta y falta de soluci\u00f3n\u201d, se quej\u00f3 Mirta Petrocini. La presidenta de la Federaci\u00f3n de\u2026","rel":"","context":"En \u00abProvincia\u00bb","block_context":{"text":"Provincia","link":"http:\/\/www.24baires.com\/?cat=40"},"img":{"alt_text":"","src":"","width":0,"height":0},"classes":[]},{"id":56741,"url":"http:\/\/www.24baires.com\/?p=56741","url_meta":{"origin":57646,"position":5},"title":"ATE vuelve al paro en Provincia y se le suman a los docentes","author":"GB","date":"07\/11\/2014","format":false,"excerpt":"El gremio estatal exigir\u00e1, una vez m\u00e1s, reapertura de paritarias, aumento y otras consignas. Denuncian un supuesto \"ajuste\". Ser\u00e1 el mi\u00e9rcoles 12 de este mes, cuando los maestros transiten su segundo d\u00eda de huelga en los colegios. La Asociaci\u00f3n de Trabajadores del Estado (ATE) bonaerense resolvi\u00f3 la realizaci\u00f3n de un\u2026","rel":"","context":"En \u00abProvincia\u00bb","block_context":{"text":"Provincia","link":"http:\/\/www.24baires.com\/?cat=40"},"img":{"alt_text":"ate","src":"https:\/\/i0.wp.com\/www.24baires.com\/wp-content\/uploads\/2014\/04\/ate.jpg?resize=350%2C200","width":350,"height":200,"srcset":"https:\/\/i0.wp.com\/www.24baires.com\/wp-content\/uploads\/2014\/04\/ate.jpg?resize=350%2C200 1x, https:\/\/i0.wp.com\/www.24baires.com\/wp-content\/uploads\/2014\/04\/ate.jpg?resize=525%2C300 1.5x"},"classes":[]}],"jetpack_sharing_enabled":true,"jetpack_likes_enabled":true,"jetpack_featured_media_url":"","_links":{"self":[{"href":"http:\/\/www.24baires.com\/index.php?rest_route=\/wp\/v2\/posts\/57646","targetHints":{"allow":["GET"]}}],"collection":[{"href":"http:\/\/www.24baires.com\/index.php?rest_route=\/wp\/v2\/posts"}],"about":[{"href":"http:\/\/www.24baires.com\/index.php?rest_route=\/wp\/v2\/types\/post"}],"author":[{"embeddable":true,"href":"http:\/\/www.24baires.com\/index.php?rest_route=\/wp\/v2\/users\/8"}],"replies":[{"embeddable":true,"href":"http:\/\/www.24baires.com\/index.php?rest_route=%2Fwp%2Fv2%2Fcomments&post=57646"}],"version-history":[{"count":1,"href":"http:\/\/www.24baires.com\/index.php?rest_route=\/wp\/v2\/posts\/57646\/revisions"}],"predecessor-version":[{"id":57647,"href":"http:\/\/www.24baires.com\/index.php?rest_route=\/wp\/v2\/posts\/57646\/revisions\/57647"}],"wp:attachment":[{"href":"http:\/\/www.24baires.com\/index.php?rest_route=%2Fwp%2Fv2%2Fmedia&parent=57646"}],"wp:term":[{"taxonomy":"category","embeddable":true,"href":"http:\/\/www.24baires.com\/index.php?rest_route=%2Fwp%2Fv2%2Fcategories&post=57646"},{"taxonomy":"post_tag","embeddable":true,"href":"http:\/\/www.24baires.com\/index.php?rest_route=%2Fwp%2Fv2%2Ftags&post=57646"}],"curies":[{"name":"wp","href":"https:\/\/api.w.org\/{rel}","templated":true}]}}