{"id":57637,"date":"2014-11-25T11:30:13","date_gmt":"2014-11-25T14:30:13","guid":{"rendered":"http:\/\/www.24baires.com\/?p=57637"},"modified":"2014-11-25T11:04:01","modified_gmt":"2014-11-25T14:04:01","slug":"desde-el-pro-aseguran-que-macri-no-descarta-sumar-a-lilita-carrio","status":"publish","type":"post","link":"http:\/\/www.24baires.com\/?p=57637","title":{"rendered":"Desde el PRO aseguran que Macri no descarta sumar a Lilita Carri\u00f3"},"content":{"rendered":"<p><img data-recalc-dims=\"1\" loading=\"lazy\" decoding=\"async\" class=\"aligncenter size-full wp-image-44736\" src=\"https:\/\/i0.wp.com\/www.24baires.com\/wp-content\/uploads\/2014\/04\/carri%C3%B3.jpg?resize=560%2C313\" alt=\"carri\u00f3\" width=\"560\" height=\"313\" srcset=\"https:\/\/i0.wp.com\/www.24baires.com\/wp-content\/uploads\/2014\/04\/carri%C3%B3.jpg?w=560 560w, https:\/\/i0.wp.com\/www.24baires.com\/wp-content\/uploads\/2014\/04\/carri%C3%B3.jpg?resize=300%2C167 300w\" sizes=\"auto, (max-width: 560px) 100vw, 560px\" \/>El jefe de Gabinete porte\u00f1o, Horacio Rodr\u00edguez Larreta, puso este martes reparo ante la posibilidad de sumar al PRO a la diputada de la Coalici\u00f3n C\u00edvica. \u00abNo estamos sumando a Carri\u00f3, Mauricio lo \u00fanico que dijo es que no lo descartaba\u00bb, repas\u00f3 al aclarar lo manifestado pro el l\u00edder del espacio.<!--more--><\/p>\n<p>En ese marco, el funcionario sostuvo: \u00abCuando Mauricio dijo que las PASO eran un buen mecanismo lo dijo en t\u00e9rminos generales. Hablar de que Mauricio sum\u00f3 a Carri\u00f3 cuando ni tomaron un caf\u00e9 juntos es un poco apresurado\u00bb.<\/p>\n<p>Sobre la diputada, quien dej\u00f3 la semana pasada el Frente Amplio UNEN, manifest\u00f3 que \u00absigue siendo de UNEN\u00bb. \u00abQue se haya peleado por ahora con los presidenciales de ese frente es otra cosa\u00bb, apunt\u00f3.<\/p>\n<p>\u00abCarri\u00f3 no se est\u00e1 sumando con nosotros, no es parte de los que estamos sumando ahora\u00bb, culmin\u00f3.<\/p>\n<p>&nbsp;<\/p>\n<p>&nbsp;<\/p>\n<p>&nbsp;<\/p>\n<p>&nbsp;<\/p>\n<p>&nbsp;<\/p>\n<p>&nbsp;<\/p>\n<p>&nbsp;<\/p>\n<p>&nbsp;<\/p>\n<p>&nbsp;<\/p>\n<p>&nbsp;<\/p>\n<p>&nbsp;<\/p>\n<p>&nbsp;<\/p>\n<p>&nbsp;<\/p>\n<p>&nbsp;<\/p>\n<p>&nbsp;<\/p>\n<p>&nbsp;<\/p>\n<p>&nbsp;<\/p>\n<p>&nbsp;<\/p>\n<p>&nbsp;<\/p>\n<p>&nbsp;<\/p>\n<p>&nbsp;<\/p>\n<p>&nbsp;<\/p>\n<p>&nbsp;<\/p>\n<p>&nbsp;<\/p>\n<p>&nbsp;<\/p>\n<p>&nbsp;<\/p>\n","protected":false},"excerpt":{"rendered":"<p>El jefe de Gabinete porte\u00f1o, Horacio Rodr\u00edguez Larreta, puso este martes reparo ante la posibilidad de sumar al PRO a la diputada de la Coalici\u00f3n C\u00edvica. \u00abNo estamos sumando a Carri\u00f3, Mauricio lo \u00fanico que dijo es que no lo descartaba\u00bb, repas\u00f3 al aclarar lo manifestado pro el l\u00edder del espacio.<\/p>\n","protected":false},"author":4,"featured_media":0,"comment_status":"open","ping_status":"open","sticky":false,"template":"","format":"standard","meta":{"_jetpack_newsletter_access":"","_jetpack_dont_email_post_to_subs":false,"_jetpack_newsletter_tier_id":0,"_jetpack_memberships_contains_paywalled_content":false,"_jetpack_memberships_contains_paid_content":false,"footnotes":""},"categories":[51],"tags":[],"class_list":["post-57637","post","type-post","status-publish","format-standard","hentry","category-politica"],"jetpack_shortlink":"https:\/\/wp.me\/p2JWE0-eZD","jetpack-related-posts":[{"id":57554,"url":"http:\/\/www.24baires.com\/?p=57554","url_meta":{"origin":57637,"position":0},"title":"Pro y Carri\u00f3, un solo coraz\u00f3n","author":"Grupo Sierra","date":"22\/11\/2014","format":false,"excerpt":"Tanto el l\u00edder del espacio, Mauricio Macri, como Laura Alonso, Guillermo Montenegro o Federico Sturzenegger, dieron se\u00f1ales de acercamiento a la diputada. Tras su abrupta salida del Frente UNEN y de cara a un posible acercamiento, se multiplican los elogios del PRO hacia la diputada Elisa Carri\u00f3. Por un lado,\u2026","rel":"","context":"En \u00abPol\u00edtica\u00bb","block_context":{"text":"Pol\u00edtica","link":"http:\/\/www.24baires.com\/?cat=51"},"img":{"alt_text":"macri carri\u00f3","src":"https:\/\/i0.wp.com\/www.24baires.com\/wp-content\/uploads\/2014\/08\/macri-carri%C3%B3.jpg?resize=350%2C200","width":350,"height":200,"srcset":"https:\/\/i0.wp.com\/www.24baires.com\/wp-content\/uploads\/2014\/08\/macri-carri%C3%B3.jpg?resize=350%2C200 1x, https:\/\/i0.wp.com\/www.24baires.com\/wp-content\/uploads\/2014\/08\/macri-carri%C3%B3.jpg?resize=525%2C300 1.5x"},"classes":[]},{"id":41909,"url":"http:\/\/www.24baires.com\/?p=41909","url_meta":{"origin":57637,"position":1},"title":"Cantado: peligra la uni\u00f3n entre Solanas, Carri\u00f3, Macri y Juez","author":"Grupo Sierra","date":"11\/03\/2014","format":false,"excerpt":"Si bien los sectores del panradicalismo, el socialismo y Proyecto Sur aspiran a aglutinar todas las alianzas distritales en un frente nacional, las diferencias est\u00e1n haciendo peligrar el acuerdo. Por un ladro Elisa Carri\u00f3 viene realiz\u00e1ndole gui\u00f1os a Mauricio Macri, pero Fernando \"Pino\" Solanas rechaz\u00f3 sumar al PRO. Por otro\u2026","rel":"","context":"En \u00abPol\u00edtica\u00bb","block_context":{"text":"Pol\u00edtica","link":"http:\/\/www.24baires.com\/?cat=51"},"img":{"alt_text":"","src":"https:\/\/i0.wp.com\/www.24baires.com\/wp-content\/uploads\/2014\/03\/pino.jpg?resize=350%2C200","width":350,"height":200,"srcset":"https:\/\/i0.wp.com\/www.24baires.com\/wp-content\/uploads\/2014\/03\/pino.jpg?resize=350%2C200 1x, https:\/\/i0.wp.com\/www.24baires.com\/wp-content\/uploads\/2014\/03\/pino.jpg?resize=525%2C300 1.5x"},"classes":[]},{"id":57913,"url":"http:\/\/www.24baires.com\/?p=57913","url_meta":{"origin":57637,"position":2},"title":"\u00abYo no estoy en Unen, ni estoy en el PRO; ambas cosas son mentiras\u00bb, dijo Carri\u00f3","author":"GB","date":"30\/11\/2014","format":false,"excerpt":"La diputada insisti\u00f3 en que \"o se juntan todas las fuerzas de la oposici\u00f3n o le dan el triunfo al PJ\" que, dijo, \"est\u00e1 a cinco puntos de ganar\" en primera vuelta con Scioli, como el elegido, estim\u00f3. Asegur\u00f3 que su meta es \"tender un puente\" entre el frente y\u2026","rel":"","context":"En \u00abPol\u00edtica\u00bb","block_context":{"text":"Pol\u00edtica","link":"http:\/\/www.24baires.com\/?cat=51"},"img":{"alt_text":"carri\u00f3","src":"https:\/\/i0.wp.com\/www.24baires.com\/wp-content\/uploads\/2013\/12\/carri%C3%B3.jpg?resize=350%2C200","width":350,"height":200,"srcset":"https:\/\/i0.wp.com\/www.24baires.com\/wp-content\/uploads\/2013\/12\/carri%C3%B3.jpg?resize=350%2C200 1x, https:\/\/i0.wp.com\/www.24baires.com\/wp-content\/uploads\/2013\/12\/carri%C3%B3.jpg?resize=525%2C300 1.5x"},"classes":[]},{"id":51913,"url":"http:\/\/www.24baires.com\/?p=51913","url_meta":{"origin":57637,"position":3},"title":"Carri\u00f3: \u00abSi no nos juntamos con el PRO, gana el PJ y hay impunidad\u00bb","author":"Grupo Sierra","date":"16\/08\/2014","format":false,"excerpt":"La diputada nacional por la Coalici\u00f3n C\u00edvica sigue firme con la idea de que UNEN apoye a Macri como candidato. Desde el PRO piden \"siceramiento\" de los radicales para aliarse. En un nuevo impulso para que el UNEN se acerque al macrismo, Carri\u00f3 reclam\u00f3 a los miembros del frente que\u2026","rel":"","context":"En \u00abElecciones 2015\u00bb","block_context":{"text":"Elecciones 2015","link":"http:\/\/www.24baires.com\/?cat=74"},"img":{"alt_text":"CARRIO","src":"https:\/\/i0.wp.com\/www.24baires.com\/wp-content\/uploads\/2013\/05\/CARRIO.jpg?resize=350%2C200","width":350,"height":200,"srcset":"https:\/\/i0.wp.com\/www.24baires.com\/wp-content\/uploads\/2013\/05\/CARRIO.jpg?resize=350%2C200 1x, https:\/\/i0.wp.com\/www.24baires.com\/wp-content\/uploads\/2013\/05\/CARRIO.jpg?resize=525%2C300 1.5x"},"classes":[]},{"id":51889,"url":"http:\/\/www.24baires.com\/?p=51889","url_meta":{"origin":57637,"position":4},"title":"Macri anticip\u00f3 un posible di\u00e1logo con Carri\u00f3","author":"Grupo Sierra","date":"15\/08\/2014","format":false,"excerpt":"Aunque asegur\u00f3 que no interferir\u00e1 en la crisis del UNEN, se mostr\u00f3 dispuesto a dialogar con la diputada. \u00bfM\u00e1s brechas en el frente pol\u00edtico? El jefe de Gobierno porte\u00f1o, Mauricio Macri, ratific\u00f3 este viernes su decisi\u00f3n de no \"interferir\" en la renovada interna en el Frente Amplio UNEN y, aunque\u2026","rel":"","context":"En \u00abElecciones 2015\u00bb","block_context":{"text":"Elecciones 2015","link":"http:\/\/www.24baires.com\/?cat=74"},"img":{"alt_text":"","src":"https:\/\/i0.wp.com\/www.24baires.com\/wp-content\/uploads\/2014\/08\/macri-carri%C3%B3.jpg?resize=350%2C200","width":350,"height":200,"srcset":"https:\/\/i0.wp.com\/www.24baires.com\/wp-content\/uploads\/2014\/08\/macri-carri%C3%B3.jpg?resize=350%2C200 1x, https:\/\/i0.wp.com\/www.24baires.com\/wp-content\/uploads\/2014\/08\/macri-carri%C3%B3.jpg?resize=525%2C300 1.5x"},"classes":[]},{"id":55855,"url":"http:\/\/www.24baires.com\/?p=55855","url_meta":{"origin":57637,"position":5},"title":"Carri\u00f3 los trat\u00f3 de \u00abimb\u00e9ciles\u00bb y le respondieron","author":"Grupo Sierra","date":"22\/10\/2014","format":false,"excerpt":"La diputada se\u00f1al\u00f3 que en UNEN \"hay imbecilidad\" por querer unirse con Massa. Su espacio y el FR salieron con los tapones de punta a contestar. Luego de que la diputada Elisa Carri\u00f3 dijera que en la alianza UNEN \"hay imbecilidad\", referentes espacio pol\u00edtico salieron a responder los insultos. A\u2026","rel":"","context":"En \u00abPol\u00edtica\u00bb","block_context":{"text":"Pol\u00edtica","link":"http:\/\/www.24baires.com\/?cat=51"},"img":{"alt_text":"carri\u00f3","src":"https:\/\/i0.wp.com\/www.24baires.com\/wp-content\/uploads\/2013\/12\/carri%C3%B3.jpg?resize=350%2C200","width":350,"height":200,"srcset":"https:\/\/i0.wp.com\/www.24baires.com\/wp-content\/uploads\/2013\/12\/carri%C3%B3.jpg?resize=350%2C200 1x, https:\/\/i0.wp.com\/www.24baires.com\/wp-content\/uploads\/2013\/12\/carri%C3%B3.jpg?resize=525%2C300 1.5x"},"classes":[]}],"jetpack_sharing_enabled":true,"jetpack_likes_enabled":true,"jetpack_featured_media_url":"","_links":{"self":[{"href":"http:\/\/www.24baires.com\/index.php?rest_route=\/wp\/v2\/posts\/57637","targetHints":{"allow":["GET"]}}],"collection":[{"href":"http:\/\/www.24baires.com\/index.php?rest_route=\/wp\/v2\/posts"}],"about":[{"href":"http:\/\/www.24baires.com\/index.php?rest_route=\/wp\/v2\/types\/post"}],"author":[{"embeddable":true,"href":"http:\/\/www.24baires.com\/index.php?rest_route=\/wp\/v2\/users\/4"}],"replies":[{"embeddable":true,"href":"http:\/\/www.24baires.com\/index.php?rest_route=%2Fwp%2Fv2%2Fcomments&post=57637"}],"version-history":[{"count":1,"href":"http:\/\/www.24baires.com\/index.php?rest_route=\/wp\/v2\/posts\/57637\/revisions"}],"predecessor-version":[{"id":57638,"href":"http:\/\/www.24baires.com\/index.php?rest_route=\/wp\/v2\/posts\/57637\/revisions\/57638"}],"wp:attachment":[{"href":"http:\/\/www.24baires.com\/index.php?rest_route=%2Fwp%2Fv2%2Fmedia&parent=57637"}],"wp:term":[{"taxonomy":"category","embeddable":true,"href":"http:\/\/www.24baires.com\/index.php?rest_route=%2Fwp%2Fv2%2Fcategories&post=57637"},{"taxonomy":"post_tag","embeddable":true,"href":"http:\/\/www.24baires.com\/index.php?rest_route=%2Fwp%2Fv2%2Ftags&post=57637"}],"curies":[{"name":"wp","href":"https:\/\/api.w.org\/{rel}","templated":true}]}}