{"id":57631,"date":"2014-11-25T10:02:14","date_gmt":"2014-11-25T13:02:14","guid":{"rendered":"http:\/\/www.24baires.com\/?p=57631"},"modified":"2014-11-26T10:28:22","modified_gmt":"2014-11-26T13:28:22","slug":"capitanich-el-accionar-de-bonadio-es-parte-de-una-estrategia-de-golpismo-activo","status":"publish","type":"post","link":"http:\/\/www.24baires.com\/?p=57631","title":{"rendered":"Capitanich: \u00abEl accionar de Bonadio es parte de una estrategia de golpismo activo\u00bb"},"content":{"rendered":"<p><img data-recalc-dims=\"1\" loading=\"lazy\" decoding=\"async\" class=\"aligncenter size-full wp-image-53422\" src=\"https:\/\/i0.wp.com\/www.24baires.com\/wp-content\/uploads\/2014\/09\/capitanich1.jpg?resize=560%2C420\" alt=\"capitanich\" width=\"560\" height=\"420\" srcset=\"https:\/\/i0.wp.com\/www.24baires.com\/wp-content\/uploads\/2014\/09\/capitanich1.jpg?w=560 560w, https:\/\/i0.wp.com\/www.24baires.com\/wp-content\/uploads\/2014\/09\/capitanich1.jpg?resize=300%2C225 300w\" sizes=\"auto, (max-width: 560px) 100vw, 560px\" \/>El jefe de Gabinete, Jorge Capitanich, ratific\u00f3 que el accionar del magistrado en la causa que investiga a la empresa Hotesur, de la que la presidenta Cristina Fern\u00e1ndez de Kirchner es accionista, es \u00abuna estrategia de golpismo activo\u00bb para \u00abhostigar\u00bb al Gobierno nacional.<!--more--><\/p>\n<p>El jefe de Gabinete, Jorge Capitanich, sostuvo hoy que el Poder Judicial \u00abes una corporaci\u00f3n que act\u00faa de consuno (com\u00fan acuerdo) con la oposici\u00f3n pol\u00edtica y los grupos econ\u00f3micos concentrados\u00bb.<\/p>\n<p>\u00ab\u00bfPor qu\u00e9 el juez Bonadio no emite allanamientos en m\u00e1s de cuarenta sociedades comerciales que est\u00e1n siendo evaluadas por la Inspecci\u00f3n General de Justicia (IGJ)?\u201d, se pregunt\u00f3 Capitanich al ser consultado sobre la medida adoptada por el juez Bonadio el jueves pasado en relaci\u00f3n a Hotesur.<\/p>\n<p>Agreg\u00f3 que \u201cs\u00f3lo lo hizo con una sociedad\u201d, la de la Presidenta, y sostuvo que \u00abes harto evidente\u201d que se trata de una \u201cacci\u00f3n intencionada con una finalidad pol\u00edtica\u201d, que no es distinta de otras acciones que \u201cviene haciendo en forma sistem\u00e1tica\u201d.<\/p>\n<p>En su habitual conferencia de prensa matutina en Casa de Gobierno, Capitanich habl\u00f3 de los \u201cirritantes privilegios\u201d de los que gozan los miembros de Poder Judicial, y mencion\u00f3 en este sentido que \u201cno presentan declaraci\u00f3n jurada, ni pagan impuesto a las Ganancias\u201d, adem\u00e1s de haber tenido un \u00abincremento de presupuesto y salarios, gracias a su pol\u00edtica salarial aut\u00f3noma\u00bb.<\/p>\n<p>\u201cTodo el tiempo el Poder Judicial hace pol\u00edtica partidaria y corporativa, defendiendo intereses propios y de grupos econ\u00f3micos concentrados. La independencia del Poder Judicial es s\u00f3lo respecto del gobierno, y est\u00e1 bien que as\u00ed sea, pero no de los grupos corporativos ni de la oposici\u00f3n pol\u00edtica\u201d, se\u00f1al\u00f3 el jefe de Gabinete.<\/p>\n<p>Capitanich ratific\u00f3 que el accionar de Bonadio \u201cse trata de una estrategia de golpismo activo del Poder Judicial\u201d, que act\u00faa de com\u00fan acuerdo con la \u201coposici\u00f3n pol\u00edtica y grupos medi\u00e1ticos concentrados\u201d con el \u00fanico fin de \u201chostigar al gobierno\u201d.<\/p>\n<p>El jefe de ministros tambi\u00e9n consider\u00f3 \u201cun exabrupto medi\u00e1tico\u201d y \u201cun exceso\u201d la comparaci\u00f3n que plante\u00f3 durante su consulta un periodista, al poner al mismo nivel la investigaci\u00f3n a la empresa Hotesur con casos como Watergate en Estados Unidos (gobierno de Richard Nixon) o la venta de armas a Ecuador y Croacia (gobierno de Carlos Menem).<\/p>\n<p>\u201cComparar Watergate o la venta de armas a Ecuador y Croacia con este caso no tiene el m\u00e1s m\u00ednimo asidero. Es un exabrupto medi\u00e1tico, un exceso. Es como comparar peras con manzanas\u201d, dijo Capitanich.<\/p>\n<p>El funcionario record\u00f3 al periodista de TN que hizo la pregunta que \u201cel grupo Clar\u00edn incumple la ley\u201d, que \u201ctiene cuentas en el exterior\u201d, y que \u201cutiliza permanentemente mecanismos de extorsi\u00f3n a los gobiernos\u201d.<\/p>\n","protected":false},"excerpt":{"rendered":"<p>El jefe de Gabinete, Jorge Capitanich, ratific\u00f3 que el accionar del magistrado en la causa que investiga a la empresa Hotesur, de la que la presidenta Cristina Fern\u00e1ndez de Kirchner es accionista, es \u00abuna estrategia de golpismo activo\u00bb para \u00abhostigar\u00bb al Gobierno nacional.<\/p>\n","protected":false},"author":4,"featured_media":0,"comment_status":"open","ping_status":"open","sticky":false,"template":"","format":"standard","meta":{"_jetpack_newsletter_access":"","_jetpack_dont_email_post_to_subs":false,"_jetpack_newsletter_tier_id":0,"_jetpack_memberships_contains_paywalled_content":false,"_jetpack_memberships_contains_paid_content":false,"footnotes":""},"categories":[51],"tags":[],"class_list":["post-57631","post","type-post","status-publish","format-standard","hentry","category-politica"],"jetpack_shortlink":"https:\/\/wp.me\/p2JWE0-eZx","jetpack-related-posts":[{"id":57467,"url":"http:\/\/www.24baires.com\/?p=57467","url_meta":{"origin":57631,"position":0},"title":"Capitanich denuncia una \u201cestrategia de golpismo activo del Poder Judicial\u201d","author":"AF","date":"21\/11\/2014","format":false,"excerpt":"El jefe de Gabinete acus\u00f3 a ese poder de mantener un \"ataque despiadado\" contra el Gobierno y dijo que algunos jueces \u201chostigan permanentemente al Ejecutivo. Fue al referirse al allanamiento a Hotesur. Desde Aeroparque, antes de partir hacia la provincia de Chaco para inaugurar una escuela, el funcionario nacional cuestion\u00f3\u2026","rel":"","context":"En \u00abPol\u00edtica\u00bb","block_context":{"text":"Pol\u00edtica","link":"http:\/\/www.24baires.com\/?cat=51"},"img":{"alt_text":"capitanich","src":"https:\/\/i0.wp.com\/www.24baires.com\/wp-content\/uploads\/2014\/09\/capitanich1.jpg?resize=350%2C200","width":350,"height":200,"srcset":"https:\/\/i0.wp.com\/www.24baires.com\/wp-content\/uploads\/2014\/09\/capitanich1.jpg?resize=350%2C200 1x, https:\/\/i0.wp.com\/www.24baires.com\/wp-content\/uploads\/2014\/09\/capitanich1.jpg?resize=525%2C300 1.5x"},"classes":[]},{"id":61695,"url":"http:\/\/www.24baires.com\/?p=61695","url_meta":{"origin":57631,"position":1},"title":"Capitanich: \u00abHay una estrategia de golpismo judicial activo\u00bb","author":"AF","date":"13\/02\/2015","format":false,"excerpt":"El jefe de Gabinete, Jorge Capitanich, denunci\u00f3 hoy a \"grupos concentrados\" con intenciones de desestabilizar al gobierno nacional a lo que se\u00f1al\u00f3 como \"estrategia de golpismo judicial activo\" tendiente a \"debilitar a las democracias\". \"Observamos una estrategia de golpismo judicial activo, una estrategia de desestabilizaci\u00f3n. Es golpismo judicial activo porque\u2026","rel":"","context":"En \u00abEspectaculos\u00bb","block_context":{"text":"Espectaculos","link":"http:\/\/www.24baires.com\/?cat=41"},"img":{"alt_text":"capitanich","src":"https:\/\/i0.wp.com\/www.24baires.com\/wp-content\/uploads\/2014\/04\/capitanich.jpg?resize=350%2C200","width":350,"height":200,"srcset":"https:\/\/i0.wp.com\/www.24baires.com\/wp-content\/uploads\/2014\/04\/capitanich.jpg?resize=350%2C200 1x, https:\/\/i0.wp.com\/www.24baires.com\/wp-content\/uploads\/2014\/04\/capitanich.jpg?resize=525%2C300 1.5x"},"classes":[]},{"id":58504,"url":"http:\/\/www.24baires.com\/?p=58504","url_meta":{"origin":57631,"position":2},"title":"\u00abLa elevaci\u00f3n a juicio oral de Boudou es parte de la estrategia judicial de hostigamiento\u00bb","author":"AF","date":"12\/12\/2014","format":false,"excerpt":"El jefe de Gabinete, Jorge Capitanich, enmarc\u00f3 hoy el hecho en el \u201cprincipio de acci\u00f3n y reacci\u00f3n\u201d y asegur\u00f3 que de ese ataque a los funcionarios tambi\u00e9n participan los grupos medi\u00e1ticos. As\u00ed lo se\u00f1al\u00f3 esta ma\u00f1ana, en su habitual conferencia de prensa en la Casa de Gobierno, al ser consultado\u2026","rel":"","context":"En \u00abPol\u00edtica\u00bb","block_context":{"text":"Pol\u00edtica","link":"http:\/\/www.24baires.com\/?cat=51"},"img":{"alt_text":"capitanich 4","src":"https:\/\/i0.wp.com\/www.24baires.com\/wp-content\/uploads\/2014\/09\/capitanich-4.jpg?resize=350%2C200","width":350,"height":200,"srcset":"https:\/\/i0.wp.com\/www.24baires.com\/wp-content\/uploads\/2014\/09\/capitanich-4.jpg?resize=350%2C200 1x, https:\/\/i0.wp.com\/www.24baires.com\/wp-content\/uploads\/2014\/09\/capitanich-4.jpg?resize=525%2C300 1.5x"},"classes":[]},{"id":57564,"url":"http:\/\/www.24baires.com\/?p=57564","url_meta":{"origin":57631,"position":3},"title":"Jul\u00edan \u00c1lvarez: \u201cBonadio usa causas para extorsionar y hacer pol\u00edtica\u201d","author":"AF","date":"23\/11\/2014","format":false,"excerpt":"El secretario de Justicia, Juli\u00e1n \u00c1lvarez, dijo que el juez, que esta semana dispuso allanamientos a la IGJ y a las oficinas de la empresar Hotesur, \"est\u00e1 armando un escudo frente a los nueve expedientes de destituci\u00f3n\u201d que enfrenta. El secretario de Justicia de la Naci\u00f3n, Juli\u00e1n \u00c1lvarez, en declaraciones\u2026","rel":"","context":"En \u00abJUDICIALES\u00bb","block_context":{"text":"JUDICIALES","link":"http:\/\/www.24baires.com\/?cat=68"},"img":{"alt_text":"Julian Alvarez","src":"https:\/\/i0.wp.com\/www.24baires.com\/wp-content\/uploads\/2014\/02\/Julian-Alvarez.jpg?resize=350%2C200","width":350,"height":200,"srcset":"https:\/\/i0.wp.com\/www.24baires.com\/wp-content\/uploads\/2014\/02\/Julian-Alvarez.jpg?resize=350%2C200 1x, https:\/\/i0.wp.com\/www.24baires.com\/wp-content\/uploads\/2014\/02\/Julian-Alvarez.jpg?resize=525%2C300 1.5x"},"classes":[]},{"id":69163,"url":"http:\/\/www.24baires.com\/?p=69163","url_meta":{"origin":57631,"position":4},"title":"Hotesur: La C\u00e1mara Federal porte\u00f1a apart\u00f3 por mal desempe\u00f1o al juez Bonadio","author":"Grupo Sierra","date":"16\/07\/2015","format":false,"excerpt":"La sala I de la C\u00e1mara Federal porte\u00f1a apart\u00f3 esta tarde al juez federal Claudio Bonadio de la causa Hotesur, al resolver un planteo de nulidad hecho por la defensa de una de las imputadas, Romina Mercado. La sala I de la C\u00e1mara Federal porte\u00f1a apart\u00f3 esta tarde al juez\u2026","rel":"","context":"En \u00abJUDICIALES\u00bb","block_context":{"text":"JUDICIALES","link":"http:\/\/www.24baires.com\/?cat=68"},"img":{"alt_text":"","src":"","width":0,"height":0},"classes":[]},{"id":58977,"url":"http:\/\/www.24baires.com\/?p=58977","url_meta":{"origin":57631,"position":5},"title":"Capitanich conden\u00f3 el \u00abhostigamiento medi\u00e1tico\u00bb de Clar\u00edn contra el Gobierno","author":"AF","date":"22\/12\/2014","format":false,"excerpt":"El jefe de Gabinete defendi\u00f3 la utilizaci\u00f3n de la cuenta de Twitter de la Casa Rosada para aclarar la postura de la familia Kirchner. \"El Gobierno debe promover su leg\u00edtima defensa frente a la calumnia, la injuria o la informaci\u00f3n falsa\", dijo. El jefe de Gabinete, Jorge Capitanich, conden\u00f3 el\u2026","rel":"","context":"En \u00abPol\u00edtica\u00bb","block_context":{"text":"Pol\u00edtica","link":"http:\/\/www.24baires.com\/?cat=51"},"img":{"alt_text":"Capitanich","src":"https:\/\/i0.wp.com\/www.24baires.com\/wp-content\/uploads\/2014\/01\/Capitanich.jpg?resize=350%2C200","width":350,"height":200,"srcset":"https:\/\/i0.wp.com\/www.24baires.com\/wp-content\/uploads\/2014\/01\/Capitanich.jpg?resize=350%2C200 1x, https:\/\/i0.wp.com\/www.24baires.com\/wp-content\/uploads\/2014\/01\/Capitanich.jpg?resize=525%2C300 1.5x"},"classes":[]}],"jetpack_sharing_enabled":true,"jetpack_likes_enabled":true,"jetpack_featured_media_url":"","_links":{"self":[{"href":"http:\/\/www.24baires.com\/index.php?rest_route=\/wp\/v2\/posts\/57631","targetHints":{"allow":["GET"]}}],"collection":[{"href":"http:\/\/www.24baires.com\/index.php?rest_route=\/wp\/v2\/posts"}],"about":[{"href":"http:\/\/www.24baires.com\/index.php?rest_route=\/wp\/v2\/types\/post"}],"author":[{"embeddable":true,"href":"http:\/\/www.24baires.com\/index.php?rest_route=\/wp\/v2\/users\/4"}],"replies":[{"embeddable":true,"href":"http:\/\/www.24baires.com\/index.php?rest_route=%2Fwp%2Fv2%2Fcomments&post=57631"}],"version-history":[{"count":1,"href":"http:\/\/www.24baires.com\/index.php?rest_route=\/wp\/v2\/posts\/57631\/revisions"}],"predecessor-version":[{"id":57632,"href":"http:\/\/www.24baires.com\/index.php?rest_route=\/wp\/v2\/posts\/57631\/revisions\/57632"}],"wp:attachment":[{"href":"http:\/\/www.24baires.com\/index.php?rest_route=%2Fwp%2Fv2%2Fmedia&parent=57631"}],"wp:term":[{"taxonomy":"category","embeddable":true,"href":"http:\/\/www.24baires.com\/index.php?rest_route=%2Fwp%2Fv2%2Fcategories&post=57631"},{"taxonomy":"post_tag","embeddable":true,"href":"http:\/\/www.24baires.com\/index.php?rest_route=%2Fwp%2Fv2%2Ftags&post=57631"}],"curies":[{"name":"wp","href":"https:\/\/api.w.org\/{rel}","templated":true}]}}