{"id":57627,"date":"2014-11-24T21:10:03","date_gmt":"2014-11-25T00:10:03","guid":{"rendered":"http:\/\/www.24baires.com\/?p=57627"},"modified":"2014-11-25T10:03:00","modified_gmt":"2014-11-25T13:03:00","slug":"fuerte-rechazo-de-sectores-politicos-al-accionar-extorsivo-de-bonadio","status":"publish","type":"post","link":"http:\/\/www.24baires.com\/?p=57627","title":{"rendered":"Fuerte rechazo de sectores pol\u00edticos al accionar \u00abextorsivo\u00bb de Bonadio"},"content":{"rendered":"<p><img data-recalc-dims=\"1\" loading=\"lazy\" decoding=\"async\" class=\"aligncenter size-full wp-image-57628\" src=\"https:\/\/i0.wp.com\/www.24baires.com\/wp-content\/uploads\/2014\/11\/bonadio.jpeg?resize=560%2C314\" alt=\"bonadio\" width=\"560\" height=\"314\" srcset=\"https:\/\/i0.wp.com\/www.24baires.com\/wp-content\/uploads\/2014\/11\/bonadio.jpeg?w=560 560w, https:\/\/i0.wp.com\/www.24baires.com\/wp-content\/uploads\/2014\/11\/bonadio.jpeg?resize=300%2C168 300w\" sizes=\"auto, (max-width: 560px) 100vw, 560px\" \/>Miembros del Poder Ejecutivo y diputados nacionales del Frente para la Victoria (FPV) criticaron hoy al juez federal Claudio Bonadio por ordenar un allanamiento a oficinas de Hotesur y se\u00f1alaron que \u201ccada vez que se lo cita al Consejo de la Magistratura para que d\u00e9 respuestas sobre su desempe\u00f1o, al d\u00eda siguiente aparece una medida judicial contra el Gobierno o un funcionario\u201d.<!--more--><\/p>\n<p>Tras los cuestionamientos del secretario de Justicia, Juli\u00e1n \u00c1lvarez, al accionar \u201cextorsivo\u201d de Bonadio, el ministro de Interior, Florencio Randazzo; el titular de la Anses, Diego Bossio; y los diputados del FPV Juan Cabandi\u00e9, Teresa Garc\u00eda, Carlos Kunkel, H\u00e9ctor Recalde y Diana Conti se sumaron al rechazo de la decisi\u00f3n del juez federal y remarcaron que tiene \u00abun ensa\u00f1amiento\u201d contra la presidenta Cristina Fern\u00e1ndez de Kirchner.<\/p>\n<p>En ese sentido, Randazzo afirm\u00f3 que hay sectores que \u00abno le van a perdonar\u00bb a la Presidenta \u00abla autonom\u00eda e independencia que tuvo en estos a\u00f1os\u00bb y tambi\u00e9n sostuvo que parte del Poder Judicial \u00abes funcional a la Argentina corporativa del poder econ\u00f3mico y medi\u00e1tico que impiden que haya un presidente independiente\u00bb.<\/p>\n<p>\u00abNosotros aspiramos a una Argentina donde haya un presidente aut\u00f3nomo e independiente, como lo ha sido Cristina Fern\u00e1ndez de Kirchner en estos a\u00f1os. Cristina decret\u00f3 la independencia y autonom\u00eda de la pol\u00edtica por encima de cualquier poder, y eso no se lo van a perdonar\u00bb, dijo el ministro del Interior y Transporte.<\/p>\n<p>En tanto, Bossio asegur\u00f3 que \u00abhay sectores de la justicia que hacen pol\u00edtica a trav\u00e9s de sus decisiones\u00bb y consider\u00f3 que \u00abhabr\u00eda que indagar la relaci\u00f3n del juez (Bonadio) con Sergio Massa (l\u00edder del Frente Renovador)\u00bb.<\/p>\n<p>\u00abHay una operaci\u00f3n pol\u00edtica y medi\u00e1tica\u00bb, denunci\u00f3 Bossio, quien fustig\u00f3: \u00abEl que se quiere dedicar a la pol\u00edtica, que se candidatee y no mal utilice a la justicia\u201d.<\/p>\n<p>A su turno, Cabandi\u00e9 consider\u00f3 que el allanamiento a Hotesur \u00abes una respuesta ante el enojo por la nueva composici\u00f3n del Consejo de la Magistratura\u201d y dispar\u00f3: \u201cBonad\u00edo todav\u00eda tiene que dar explicaciones sobre la fraudulenta venta, durante los a\u00f1os noventa, de Tandanor, que parad\u00f3jicamente nuestro gobierno recuper\u00f3, y es donde funciona actualmente el Ministerio de Justicia\u00bb.<\/p>\n<p>&nbsp;<\/p>\n<p>&nbsp;<\/p>\n<p>&nbsp;<\/p>\n","protected":false},"excerpt":{"rendered":"<p>Miembros del Poder Ejecutivo y diputados nacionales del Frente para la Victoria (FPV) criticaron hoy al juez federal Claudio Bonadio por ordenar un allanamiento a oficinas de Hotesur y se\u00f1alaron que \u201ccada vez que se lo cita al Consejo de la Magistratura para que d\u00e9 respuestas sobre su desempe\u00f1o, al d\u00eda siguiente aparece una medida judicial contra el Gobierno o [&#8230;]<\/p>\n","protected":false},"author":11,"featured_media":0,"comment_status":"open","ping_status":"open","sticky":false,"template":"","format":"standard","meta":{"_jetpack_newsletter_access":"","_jetpack_dont_email_post_to_subs":false,"_jetpack_newsletter_tier_id":0,"_jetpack_memberships_contains_paywalled_content":false,"_jetpack_memberships_contains_paid_content":false,"footnotes":""},"categories":[51],"tags":[],"class_list":["post-57627","post","type-post","status-publish","format-standard","hentry","category-politica"],"jetpack_shortlink":"https:\/\/wp.me\/p2JWE0-eZt","jetpack-related-posts":[{"id":103885,"url":"http:\/\/www.24baires.com\/?p=103885","url_meta":{"origin":57627,"position":0},"title":"Bonadio rechaz\u00f3 la recusaci\u00f3n presentada por Cristina Kirchner","author":"AF","date":"14\/08\/2018","format":false,"excerpt":"La ex Presidenta lo hab\u00eda recusado con un escrito que present\u00f3 durante su indagatoria por asociaci\u00f3n il\u00edcita. La C\u00e1mara Federal deber\u00e1 resolver si sigue al frente de la causa. El juez federal Claudio Bonadio rechaz\u00f3 este martes la recusaci\u00f3n en su contra presentada por la ex presidenta Cristina Kirchner, en\u2026","rel":"","context":"En \u00abJUDICIALES\u00bb","block_context":{"text":"JUDICIALES","link":"http:\/\/www.24baires.com\/?cat=68"},"img":{"alt_text":"","src":"https:\/\/i0.wp.com\/www.24baires.com\/wp-content\/uploads\/2014\/11\/bonadio.jpeg?resize=350%2C200","width":350,"height":200,"srcset":"https:\/\/i0.wp.com\/www.24baires.com\/wp-content\/uploads\/2014\/11\/bonadio.jpeg?resize=350%2C200 1x, https:\/\/i0.wp.com\/www.24baires.com\/wp-content\/uploads\/2014\/11\/bonadio.jpeg?resize=525%2C300 1.5x"},"classes":[]},{"id":57782,"url":"http:\/\/www.24baires.com\/?p=57782","url_meta":{"origin":57627,"position":1},"title":"Piden que Bonadio declare ante el Consejo de la Magistratura","author":"Grupo Sierra","date":"27\/11\/2014","format":false,"excerpt":"El secretario de Justicia, Juli\u00e1n \u00c1lvarez, present\u00f3 este mediod\u00eda una denuncia formal ante el cuerpo y solicit\u00f3 el juicio pol\u00edtico contra el juez federal por mal desempe\u00f1o de sus funciones. \u00c1lvarez atribuy\u00f3 a Bonadio un \"accionar extorsivo\" cada vez que en ese \u00f3rgano del Poder Judicial \"analiza los expedientes acusatorios\"\u2026","rel":"","context":"En \u00abJUDICIALES\u00bb","block_context":{"text":"JUDICIALES","link":"http:\/\/www.24baires.com\/?cat=68"},"img":{"alt_text":"bonadio","src":"https:\/\/i0.wp.com\/www.24baires.com\/wp-content\/uploads\/2014\/11\/bonadio.jpeg?resize=350%2C200","width":350,"height":200,"srcset":"https:\/\/i0.wp.com\/www.24baires.com\/wp-content\/uploads\/2014\/11\/bonadio.jpeg?resize=350%2C200 1x, https:\/\/i0.wp.com\/www.24baires.com\/wp-content\/uploads\/2014\/11\/bonadio.jpeg?resize=525%2C300 1.5x"},"classes":[]},{"id":107435,"url":"http:\/\/www.24baires.com\/?p=107435","url_meta":{"origin":57627,"position":2},"title":"Bonadio respald\u00f3 a Stornelli y rechaz\u00f3 la recusaci\u00f3n de Baratta","author":"AF","date":"29\/03\/2019","format":false,"excerpt":"El abogado Alejandro Rua hab\u00eda recusado a Stornelli debido a las graves imputaciones que tiene el fiscal por supuestas maniobras de espionaje ilegal que se investigan en la justicia de Dolores, y que afectan el desarrollo del caso de los cuadernos. El juez federal Claudio Bonadio respald\u00f3 al fiscal Carlos\u2026","rel":"","context":"En \u00abJUDICIALES\u00bb","block_context":{"text":"JUDICIALES","link":"http:\/\/www.24baires.com\/?cat=68"},"img":{"alt_text":"","src":"https:\/\/i0.wp.com\/www.24baires.com\/wp-content\/uploads\/2015\/07\/bonadio.jpg?resize=350%2C200","width":350,"height":200,"srcset":"https:\/\/i0.wp.com\/www.24baires.com\/wp-content\/uploads\/2015\/07\/bonadio.jpg?resize=350%2C200 1x, https:\/\/i0.wp.com\/www.24baires.com\/wp-content\/uploads\/2015\/07\/bonadio.jpg?resize=525%2C300 1.5x"},"classes":[]},{"id":114010,"url":"http:\/\/www.24baires.com\/?p=114010","url_meta":{"origin":57627,"position":3},"title":"Muri\u00f3 el juez federal Claudio Bonadio","author":"GB","date":"04\/02\/2020","format":false,"excerpt":"El deceso del magistrado se produjo en horas de la ma\u00f1ana en Capital Federal. El juez federal Claudio Bonadio falleci\u00f3 este martes alrededor de las 6:20. El deceso de produjo en su vivienda del barrio de Belgrano en Capital Federal. El magistrado, que ten\u00eda la causa de los cuadernos de\u2026","rel":"","context":"En \u00abPol\u00edtica\u00bb","block_context":{"text":"Pol\u00edtica","link":"http:\/\/www.24baires.com\/?cat=51"},"img":{"alt_text":"","src":"https:\/\/i0.wp.com\/www.24baires.com\/wp-content\/uploads\/2015\/07\/bonad%C3%ADo.jpg?resize=350%2C200","width":350,"height":200,"srcset":"https:\/\/i0.wp.com\/www.24baires.com\/wp-content\/uploads\/2015\/07\/bonad%C3%ADo.jpg?resize=350%2C200 1x, https:\/\/i0.wp.com\/www.24baires.com\/wp-content\/uploads\/2015\/07\/bonad%C3%ADo.jpg?resize=525%2C300 1.5x"},"classes":[]},{"id":100871,"url":"http:\/\/www.24baires.com\/?p=100871","url_meta":{"origin":57627,"position":4},"title":"Cristina Kirchner va a juicio oral por el memor\u00e1ndum con Ir\u00e1n","author":"GB","date":"05\/03\/2018","format":false,"excerpt":"El juez Claudio Bonadio cerr\u00f3 la instrucci\u00f3n y elev\u00f3 la causa por las cusas en las que tambi\u00e9n ser\u00e1n juzgados Carlos Zannini y H\u00e9ctor Timerman, entre otros exfuncionarios. El juez Claudio Bonadio elev\u00f3 a juicio oral el juicio por el memor\u00e1ndum con Ir\u00e1n, por el que ser\u00e1n juzgado la expresidenta\u2026","rel":"","context":"En \u00abPol\u00edtica\u00bb","block_context":{"text":"Pol\u00edtica","link":"http:\/\/www.24baires.com\/?cat=51"},"img":{"alt_text":"","src":"https:\/\/i0.wp.com\/www.24baires.com\/wp-content\/uploads\/2017\/10\/cristina-1.jpg?resize=350%2C200","width":350,"height":200,"srcset":"https:\/\/i0.wp.com\/www.24baires.com\/wp-content\/uploads\/2017\/10\/cristina-1.jpg?resize=350%2C200 1x, https:\/\/i0.wp.com\/www.24baires.com\/wp-content\/uploads\/2017\/10\/cristina-1.jpg?resize=525%2C300 1.5x"},"classes":[]},{"id":101846,"url":"http:\/\/www.24baires.com\/?p=101846","url_meta":{"origin":57627,"position":5},"title":"Bonadio desvincul\u00f3 a Arribas y un fiscal pidi\u00f3 procesar a Echegaray","author":"AF","date":"26\/04\/2018","format":false,"excerpt":"El juez federal liber\u00f3 de culpa y cargo al jefe de la AFI aunque reconoci\u00f3 que recibi\u00f3 dinero de un operador financiero. El fiscal de casaci\u00f3n tambi\u00e9n pidi\u00f3 reencarcelar a Crist\u00f3bal L\u00f3pez. El favorito del gobierno nacional en el mundo judicial, Claudio Bonadio, le hizo el d\u00eda a la Casa\u2026","rel":"","context":"En \u00abJUDICIALES\u00bb","block_context":{"text":"JUDICIALES","link":"http:\/\/www.24baires.com\/?cat=68"},"img":{"alt_text":"","src":"https:\/\/i0.wp.com\/www.24baires.com\/wp-content\/uploads\/2017\/05\/arribas.jpg?resize=350%2C200","width":350,"height":200,"srcset":"https:\/\/i0.wp.com\/www.24baires.com\/wp-content\/uploads\/2017\/05\/arribas.jpg?resize=350%2C200 1x, https:\/\/i0.wp.com\/www.24baires.com\/wp-content\/uploads\/2017\/05\/arribas.jpg?resize=525%2C300 1.5x"},"classes":[]}],"jetpack_sharing_enabled":true,"jetpack_likes_enabled":true,"jetpack_featured_media_url":"","_links":{"self":[{"href":"http:\/\/www.24baires.com\/index.php?rest_route=\/wp\/v2\/posts\/57627","targetHints":{"allow":["GET"]}}],"collection":[{"href":"http:\/\/www.24baires.com\/index.php?rest_route=\/wp\/v2\/posts"}],"about":[{"href":"http:\/\/www.24baires.com\/index.php?rest_route=\/wp\/v2\/types\/post"}],"author":[{"embeddable":true,"href":"http:\/\/www.24baires.com\/index.php?rest_route=\/wp\/v2\/users\/11"}],"replies":[{"embeddable":true,"href":"http:\/\/www.24baires.com\/index.php?rest_route=%2Fwp%2Fv2%2Fcomments&post=57627"}],"version-history":[{"count":1,"href":"http:\/\/www.24baires.com\/index.php?rest_route=\/wp\/v2\/posts\/57627\/revisions"}],"predecessor-version":[{"id":57629,"href":"http:\/\/www.24baires.com\/index.php?rest_route=\/wp\/v2\/posts\/57627\/revisions\/57629"}],"wp:attachment":[{"href":"http:\/\/www.24baires.com\/index.php?rest_route=%2Fwp%2Fv2%2Fmedia&parent=57627"}],"wp:term":[{"taxonomy":"category","embeddable":true,"href":"http:\/\/www.24baires.com\/index.php?rest_route=%2Fwp%2Fv2%2Fcategories&post=57627"},{"taxonomy":"post_tag","embeddable":true,"href":"http:\/\/www.24baires.com\/index.php?rest_route=%2Fwp%2Fv2%2Ftags&post=57627"}],"curies":[{"name":"wp","href":"https:\/\/api.w.org\/{rel}","templated":true}]}}