{"id":57607,"date":"2014-11-24T14:00:31","date_gmt":"2014-11-24T17:00:31","guid":{"rendered":"http:\/\/www.24baires.com\/?p=57607"},"modified":"2014-11-24T13:56:52","modified_gmt":"2014-11-24T16:56:52","slug":"randazzo-hay-una-justicia-funcional-a-la-argentina-corporativa","status":"publish","type":"post","link":"http:\/\/www.24baires.com\/?p=57607","title":{"rendered":"Randazzo: \u201cHay una Justicia funcional a la Argentina corporativa\u00bb"},"content":{"rendered":"<p><img data-recalc-dims=\"1\" loading=\"lazy\" decoding=\"async\" class=\"aligncenter size-full wp-image-38437\" src=\"https:\/\/i0.wp.com\/www.24baires.com\/wp-content\/uploads\/2014\/01\/randazzo-1.jpg?resize=560%2C333\" alt=\"randazzo 1\" width=\"560\" height=\"333\" srcset=\"https:\/\/i0.wp.com\/www.24baires.com\/wp-content\/uploads\/2014\/01\/randazzo-1.jpg?w=560 560w, https:\/\/i0.wp.com\/www.24baires.com\/wp-content\/uploads\/2014\/01\/randazzo-1.jpg?resize=300%2C178 300w\" sizes=\"auto, (max-width: 560px) 100vw, 560px\" \/>El ministro del Interior y Transporte, Florencio Randazzo, sostuvo que hay sectores que \u00abno le van a perdonar\u00bb a la presidenta Cristina Fern\u00e1ndez de Kirchner \u00abla autonom\u00eda e independencia que tuvo en estos a\u00f1os\u00bb.<!--more--><\/p>\n<p>En una entrevista al diario La Capital de Mar del Plata, Randazzo critic\u00f3 al Poder Judicial que \u00abes funcional a la Argentina corporativa del poder econ\u00f3mico y medi\u00e1tico que impiden que haya un presidente independiente\u00bb.<\/p>\n<p>Asimismo, el precandidato presidencial por el Frente para la Victoria se explay\u00f3: \u00abNosotros aspiramos a una Argentina donde haya un presidente aut\u00f3nomo e independiente, como lo ha sido Cristina en estos a\u00f1os. Cristina decret\u00f3 la independencia y autonom\u00eda de la pol\u00edtica por encima de cualquier poder, y eso no se lo van a perdonar\u00bb.<\/p>\n<p>En medio de las cr\u00edticas del oficialismo a sectores de la Justicia que se encuentran desprestigiados por su accionar, el titular de la cartera de Transporte coincidi\u00f3 con esos cuestionamientos hacia lo que denomin\u00f3 \u00abparte de la vieja Argentina\u00bb.<\/p>\n<p>En otro orden de cosas, tambi\u00e9n afirm\u00f3 que ve \u00abcon mucha tristeza\u00bb el papel de los partidos de la oposici\u00f3n, \u00absobre todo de aquellos partidos que se han nutrido de las mejores ideas en sus or\u00edgenes y hoy terminan siendo un instrumento al servicio de estos poderes econ\u00f3micos y medi\u00e1ticos\u00bb.<\/p>\n<p>&nbsp;<\/p>\n<p>&nbsp;<\/p>\n<p>&nbsp;<\/p>\n<p>&nbsp;<\/p>\n<p>&nbsp;<\/p>\n<p>&nbsp;<\/p>\n<p>&nbsp;<\/p>\n<p>&nbsp;<\/p>\n<p>&nbsp;<\/p>\n<p>&nbsp;<\/p>\n<p>&nbsp;<\/p>\n<p>&nbsp;<\/p>\n<p>&nbsp;<\/p>\n<p>&nbsp;<\/p>\n<p>&nbsp;<\/p>\n<p>&nbsp;<\/p>\n<p>&nbsp;<\/p>\n<p>&nbsp;<\/p>\n<p>&nbsp;<\/p>\n","protected":false},"excerpt":{"rendered":"<p>El ministro del Interior y Transporte, Florencio Randazzo, sostuvo que hay sectores que \u00abno le van a perdonar\u00bb a la presidenta Cristina Fern\u00e1ndez de Kirchner \u00abla autonom\u00eda e independencia que tuvo en estos a\u00f1os\u00bb.<\/p>\n","protected":false},"author":8,"featured_media":0,"comment_status":"open","ping_status":"open","sticky":false,"template":"","format":"standard","meta":{"_jetpack_newsletter_access":"","_jetpack_dont_email_post_to_subs":false,"_jetpack_newsletter_tier_id":0,"_jetpack_memberships_contains_paywalled_content":false,"_jetpack_memberships_contains_paid_content":false,"footnotes":""},"categories":[51],"tags":[],"class_list":["post-57607","post","type-post","status-publish","format-standard","hentry","category-politica"],"jetpack_shortlink":"https:\/\/wp.me\/p2JWE0-eZ9","jetpack-related-posts":[{"id":57627,"url":"http:\/\/www.24baires.com\/?p=57627","url_meta":{"origin":57607,"position":0},"title":"Fuerte rechazo de sectores pol\u00edticos al accionar \u00abextorsivo\u00bb de Bonadio","author":"Grupo Sierra","date":"24\/11\/2014","format":false,"excerpt":"Miembros del Poder Ejecutivo y diputados nacionales del Frente para la Victoria (FPV) criticaron hoy al juez federal Claudio Bonadio por ordenar un allanamiento a oficinas de Hotesur y se\u00f1alaron que \u201ccada vez que se lo cita al Consejo de la Magistratura para que d\u00e9 respuestas sobre su desempe\u00f1o, al\u2026","rel":"","context":"En \u00abPol\u00edtica\u00bb","block_context":{"text":"Pol\u00edtica","link":"http:\/\/www.24baires.com\/?cat=51"},"img":{"alt_text":"","src":"https:\/\/i0.wp.com\/www.24baires.com\/wp-content\/uploads\/2014\/11\/bonadio.jpeg?resize=350%2C200","width":350,"height":200,"srcset":"https:\/\/i0.wp.com\/www.24baires.com\/wp-content\/uploads\/2014\/11\/bonadio.jpeg?resize=350%2C200 1x, https:\/\/i0.wp.com\/www.24baires.com\/wp-content\/uploads\/2014\/11\/bonadio.jpeg?resize=525%2C300 1.5x"},"classes":[]},{"id":57239,"url":"http:\/\/www.24baires.com\/?p=57239","url_meta":{"origin":57607,"position":1},"title":"\u201cQu\u00e9dense tranquilos que Cristina est\u00e1 b\u00e1rbara\u201d, remarc\u00f3 Randazzo","author":"GB","date":"17\/11\/2014","format":false,"excerpt":"El ministro del Interior y Transporte afirm\u00f3 hoy que la Presidenta se encuentra bien de salud y anticip\u00f3 que \u201cya est\u00e1 por salir a las pistas en la semana\u201d. \u201cQu\u00e9dense tranquilos que Cristina est\u00e1 b\u00e1rbara\u201d, remarc\u00f3. \u201cQue se queden tranquilos que Cristina est\u00e1 b\u00e1rbara\u201d, remarc\u00f3 Randazzo en una entrevista esta\u2026","rel":"","context":"En \u00abPol\u00edtica\u00bb","block_context":{"text":"Pol\u00edtica","link":"http:\/\/www.24baires.com\/?cat=51"},"img":{"alt_text":"cristina","src":"https:\/\/i0.wp.com\/www.24baires.com\/wp-content\/uploads\/2014\/09\/cristina1.jpg?resize=350%2C200","width":350,"height":200,"srcset":"https:\/\/i0.wp.com\/www.24baires.com\/wp-content\/uploads\/2014\/09\/cristina1.jpg?resize=350%2C200 1x, https:\/\/i0.wp.com\/www.24baires.com\/wp-content\/uploads\/2014\/09\/cristina1.jpg?resize=525%2C300 1.5x"},"classes":[]},{"id":112373,"url":"http:\/\/www.24baires.com\/?p=112373","url_meta":{"origin":57607,"position":2},"title":"Fern\u00e1ndez tild\u00f3 al Gobierno de \u201cmalandras\u201d: \u00abAgarran el poder y lo usan para sus negocios\u00bb","author":"AF","date":"04\/10\/2019","format":false,"excerpt":"\u00a0JUN\u00cdN - \"Vamos a cumplir con las obligaciones que nos dejan estos malandras pero antes vamos a cumplir con nuestra gente\", sostuvo el candidato a presidente en su primer acto con Randazzo, a quien consider\u00f3 \"ministeriable\". De gira en la cuarta secci\u00f3n electoral, el candidato a presidente del Frente de\u2026","rel":"","context":"En \u00abPol\u00edtica\u00bb","block_context":{"text":"Pol\u00edtica","link":"http:\/\/www.24baires.com\/?cat=51"},"img":{"alt_text":"","src":"https:\/\/i0.wp.com\/www.24baires.com\/wp-content\/uploads\/2019\/10\/fern%C3%A1ndez-jun%C3%ADn.jpg?resize=350%2C200","width":350,"height":200,"srcset":"https:\/\/i0.wp.com\/www.24baires.com\/wp-content\/uploads\/2019\/10\/fern%C3%A1ndez-jun%C3%ADn.jpg?resize=350%2C200 1x, https:\/\/i0.wp.com\/www.24baires.com\/wp-content\/uploads\/2019\/10\/fern%C3%A1ndez-jun%C3%ADn.jpg?resize=525%2C300 1.5x"},"classes":[]},{"id":63641,"url":"http:\/\/www.24baires.com\/?p=63641","url_meta":{"origin":57607,"position":3},"title":"\u00abEl mayor legado que nos deja Cristina es la autonom\u00eda de la pol\u00edtica sobre las corporaciones\u00bb","author":"AF","date":"27\/03\/2015","format":false,"excerpt":"El ministro y precandidato presidencial Florencio Ranzazzo se refiri\u00f3 de esta manera en un acto que comparti\u00f3 con el Secretario General de la Presidencia, Eduardo de Pedro, en Mercedes, al anunciar la puesta en valor de una vieja estaci\u00f3n del ferrocarril Belgrano Norte. El ministro de Interior y Transporte asegur\u00f3\u2026","rel":"","context":"En \u00abPol\u00edtica\u00bb","block_context":{"text":"Pol\u00edtica","link":"http:\/\/www.24baires.com\/?cat=51"},"img":{"alt_text":"","src":"https:\/\/i0.wp.com\/www.24baires.com\/wp-content\/uploads\/2015\/03\/randazzo1.jpg?resize=350%2C200","width":350,"height":200},"classes":[]},{"id":47152,"url":"http:\/\/www.24baires.com\/?p=47152","url_meta":{"origin":57607,"position":4},"title":"Randazzo: \u00abNo voy a ser candidato a gobernador ni vice, quiero serlo a presidente\u00bb","author":"GB","date":"01\/06\/2014","format":false,"excerpt":"El ministro de Interior y Transporte, Florencio Randazzo, volvi\u00f3 a ratificar sus intenciones de cara al 2015 y a las primarias en la que competir\u00e1n todos los precandidatos del kirchnerismo. \"No voy a ser candidato a gobernador, ni quiero ser ministro de nadie, ni vice de nadie. Quiero ser candidato\u2026","rel":"","context":"En \u00abPol\u00edtica\u00bb","block_context":{"text":"Pol\u00edtica","link":"http:\/\/www.24baires.com\/?cat=51"},"img":{"alt_text":"randazzo 1","src":"https:\/\/i0.wp.com\/www.24baires.com\/wp-content\/uploads\/2014\/01\/randazzo-1.jpg?resize=350%2C200","width":350,"height":200,"srcset":"https:\/\/i0.wp.com\/www.24baires.com\/wp-content\/uploads\/2014\/01\/randazzo-1.jpg?resize=350%2C200 1x, https:\/\/i0.wp.com\/www.24baires.com\/wp-content\/uploads\/2014\/01\/randazzo-1.jpg?resize=525%2C300 1.5x"},"classes":[]},{"id":105031,"url":"http:\/\/www.24baires.com\/?p=105031","url_meta":{"origin":57607,"position":5},"title":"Intendentes de Cambiemos intentar\u00e1n eliminar las PASO","author":"GB","date":"20\/10\/2018","format":false,"excerpt":"Intendentes de Cambiemos acordaron hoy lanzar un debate sobre la \"utilidad\" que tiene las PASO, como primer paso de plan pol\u00edtico para eliminar esas elecciones con el que buscan mantener dividido al peronismo para asegurar un triunfo del oficialismo en 2019. La estrategia fue ideada por el intendente de Vicente\u2026","rel":"","context":"En \u00abPol\u00edtica\u00bb","block_context":{"text":"Pol\u00edtica","link":"http:\/\/www.24baires.com\/?cat=51"},"img":{"alt_text":"","src":"https:\/\/i0.wp.com\/www.24baires.com\/wp-content\/uploads\/2018\/10\/intendentes-cambiemos-300x200.jpg?resize=350%2C200","width":350,"height":200},"classes":[]}],"jetpack_sharing_enabled":true,"jetpack_likes_enabled":true,"jetpack_featured_media_url":"","_links":{"self":[{"href":"http:\/\/www.24baires.com\/index.php?rest_route=\/wp\/v2\/posts\/57607","targetHints":{"allow":["GET"]}}],"collection":[{"href":"http:\/\/www.24baires.com\/index.php?rest_route=\/wp\/v2\/posts"}],"about":[{"href":"http:\/\/www.24baires.com\/index.php?rest_route=\/wp\/v2\/types\/post"}],"author":[{"embeddable":true,"href":"http:\/\/www.24baires.com\/index.php?rest_route=\/wp\/v2\/users\/8"}],"replies":[{"embeddable":true,"href":"http:\/\/www.24baires.com\/index.php?rest_route=%2Fwp%2Fv2%2Fcomments&post=57607"}],"version-history":[{"count":1,"href":"http:\/\/www.24baires.com\/index.php?rest_route=\/wp\/v2\/posts\/57607\/revisions"}],"predecessor-version":[{"id":57608,"href":"http:\/\/www.24baires.com\/index.php?rest_route=\/wp\/v2\/posts\/57607\/revisions\/57608"}],"wp:attachment":[{"href":"http:\/\/www.24baires.com\/index.php?rest_route=%2Fwp%2Fv2%2Fmedia&parent=57607"}],"wp:term":[{"taxonomy":"category","embeddable":true,"href":"http:\/\/www.24baires.com\/index.php?rest_route=%2Fwp%2Fv2%2Fcategories&post=57607"},{"taxonomy":"post_tag","embeddable":true,"href":"http:\/\/www.24baires.com\/index.php?rest_route=%2Fwp%2Fv2%2Ftags&post=57607"}],"curies":[{"name":"wp","href":"https:\/\/api.w.org\/{rel}","templated":true}]}}