{"id":57568,"date":"2014-11-23T12:00:08","date_gmt":"2014-11-23T15:00:08","guid":{"rendered":"http:\/\/www.24baires.com\/?p=57568"},"modified":"2014-11-23T12:09:27","modified_gmt":"2014-11-23T15:09:27","slug":"perez-acuso-a-massa-de-contratar-experto-en-campanas-sucias","status":"publish","type":"post","link":"http:\/\/www.24baires.com\/?p=57568","title":{"rendered":"P\u00e9rez acus\u00f3 a Massa de contratar experto \u00aben campa\u00f1as sucias\u00bb"},"content":{"rendered":"<p><img data-recalc-dims=\"1\" loading=\"lazy\" decoding=\"async\" class=\"aligncenter size-full wp-image-30148\" src=\"https:\/\/i0.wp.com\/www.24baires.com\/wp-content\/uploads\/2013\/08\/massa.png?resize=560%2C240\" alt=\"massa\" width=\"560\" height=\"240\" srcset=\"https:\/\/i0.wp.com\/www.24baires.com\/wp-content\/uploads\/2013\/08\/massa.png?w=560 560w, https:\/\/i0.wp.com\/www.24baires.com\/wp-content\/uploads\/2013\/08\/massa.png?resize=300%2C128 300w\" sizes=\"auto, (max-width: 560px) 100vw, 560px\" \/>El jefe de Gabinete bonaerense, Alberto P\u00e9rez, acus\u00f3 al diputado y precandidato presidencial Sergio Massa de haber contratado un asesor espa\u00f1ol \u00abexperto en campa\u00f1as sucias\u00bb y pidi\u00f3 \u00abrespeto\u00bb entre los distintos candidatos del Frente para la Victoria (FpV) de cara a elecciones de 2015.<!--more--><\/p>\n<p>\u00abCuando vos contrat\u00e1s expertos en campa\u00f1a sucia, calculo que lo deb\u00e9s hacer para hacer una campa\u00f1a sucia. Antonio Sola, este espa\u00f1ol que contrat\u00f3 Sergio Massa, es un experto en campa\u00f1as sucias, espero que no lo use para eso\u00bb, apunt\u00f3 P\u00e9rez, quien dijo que electorado \u00abno tiene que esperar nunca\u00bb ese tipo de estrategia de Scioli.<\/p>\n<p>P\u00e9rez, quien se\u00f1al\u00f3 que \u00abpor ahora\u00bb no va a haber un lanzamiento de la campa\u00f1a de Daniel Scioli y que el acto de diciembre en el estadio Luna Park \u00abes de gesti\u00f3n\u00bb, se\u00f1al\u00f3 que no hubo di\u00e1logo con la presidenta Cristina Fern\u00e1ndez sobre la postulaci\u00f3n del gobernador para sucederla al frente del Ejecutivo.<\/p>\n<p>\u00abNuestra postura es clara: somos parte de un proyecto pol\u00edtico que hace once a\u00f1os que gobierna la Argentina\u00bb, sentenci\u00f3 el funcionario en una entrevista con el diario Tiempo Argentino y sostuvo que el gobernador va a \u00abprofundizar el modelo\u00bb si llega al m\u00e1ximo cargo. Y defendi\u00f3 la pertenencia de Scioli al FpV, al manifestar que \u00aben los \u00faltimos once a\u00f1os ha defendido fuertemente las pol\u00edticas nacionales\u00bb.<\/p>\n<p>&nbsp;<\/p>\n<p>&nbsp;<\/p>\n<p>&nbsp;<\/p>\n<p>&nbsp;<\/p>\n<p>&nbsp;<\/p>\n<p>&nbsp;<\/p>\n<p>&nbsp;<\/p>\n<p>&nbsp;<\/p>\n<p>&nbsp;<\/p>\n<p>&nbsp;<\/p>\n<p>&nbsp;<\/p>\n<p>&nbsp;<\/p>\n<p>&nbsp;<\/p>\n<p>&nbsp;<\/p>\n<p>&nbsp;<\/p>\n<p>&nbsp;<\/p>\n<p>&nbsp;<\/p>\n<p>&nbsp;<\/p>\n<p>&nbsp;<\/p>\n<p>&nbsp;<\/p>\n<p>&nbsp;<\/p>\n","protected":false},"excerpt":{"rendered":"<p>El jefe de Gabinete bonaerense, Alberto P\u00e9rez, acus\u00f3 al diputado y precandidato presidencial Sergio Massa de haber contratado un asesor espa\u00f1ol \u00abexperto en campa\u00f1as sucias\u00bb y pidi\u00f3 \u00abrespeto\u00bb entre los distintos candidatos del Frente para la Victoria (FpV) de cara a elecciones de 2015.<\/p>\n","protected":false},"author":4,"featured_media":0,"comment_status":"open","ping_status":"open","sticky":false,"template":"","format":"standard","meta":{"_jetpack_newsletter_access":"","_jetpack_dont_email_post_to_subs":false,"_jetpack_newsletter_tier_id":0,"_jetpack_memberships_contains_paywalled_content":false,"_jetpack_memberships_contains_paid_content":false,"footnotes":""},"categories":[51],"tags":[],"class_list":["post-57568","post","type-post","status-publish","format-standard","hentry","category-politica"],"jetpack_shortlink":"https:\/\/wp.me\/p2JWE0-eYw","jetpack-related-posts":[{"id":112493,"url":"http:\/\/www.24baires.com\/?p=112493","url_meta":{"origin":57568,"position":0},"title":"Kicillof cruz\u00f3 a Macri y denunci\u00f3 \u00abuna campa\u00f1a sucia\u00bb del Presidente","author":"AF","date":"14\/10\/2019","format":false,"excerpt":"El candidato a gobernador de Buenos Aires por el Frente de Todos asegur\u00f3 que no le contestar\u00e1 al jefe de Estado, quien lo acus\u00f3 de abogar por una \"narcocapacitaci\u00f3n\" en las escuelas. Axel Kicillof se hizo eco de las palabras del presidente Mauricio Macri, quien lo acus\u00f3 de planear \"poner\u2026","rel":"","context":"En \u00abPol\u00edtica\u00bb","block_context":{"text":"Pol\u00edtica","link":"http:\/\/www.24baires.com\/?cat=51"},"img":{"alt_text":"","src":"https:\/\/i0.wp.com\/www.24baires.com\/wp-content\/uploads\/2019\/10\/kicillof-capa%C3%B1a.jpg?resize=350%2C200","width":350,"height":200,"srcset":"https:\/\/i0.wp.com\/www.24baires.com\/wp-content\/uploads\/2019\/10\/kicillof-capa%C3%B1a.jpg?resize=350%2C200 1x, https:\/\/i0.wp.com\/www.24baires.com\/wp-content\/uploads\/2019\/10\/kicillof-capa%C3%B1a.jpg?resize=525%2C300 1.5x"},"classes":[]},{"id":74519,"url":"http:\/\/www.24baires.com\/?p=74519","url_meta":{"origin":57568,"position":1},"title":"Scioli: \u00abEl balotaje es una final entre dos proyectos de pa\u00eds\u00bb","author":"GB","date":"02\/11\/2015","format":false,"excerpt":"El candidato del FpV asegur\u00f3 que \"el balotaje es una final entre dos proyectos de pa\u00eds\" e insisti\u00f3 en su agenda de campa\u00f1a basada en la promoci\u00f3n del trabajo, las pymes y el 82% m\u00f3vil para jubilaciones m\u00ednimas. Scioli monopoliz\u00f3 la agenda de campa\u00f1a de cara al balotaje ya que\u2026","rel":"","context":"En \u00abElecciones 2015\u00bb","block_context":{"text":"Elecciones 2015","link":"http:\/\/www.24baires.com\/?cat=74"},"img":{"alt_text":"scioli intendentes","src":"https:\/\/i0.wp.com\/www.24baires.com\/wp-content\/uploads\/2015\/11\/scioli-intendentes.jpg?resize=350%2C200","width":350,"height":200,"srcset":"https:\/\/i0.wp.com\/www.24baires.com\/wp-content\/uploads\/2015\/11\/scioli-intendentes.jpg?resize=350%2C200 1x, https:\/\/i0.wp.com\/www.24baires.com\/wp-content\/uploads\/2015\/11\/scioli-intendentes.jpg?resize=525%2C300 1.5x"},"classes":[]},{"id":101122,"url":"http:\/\/www.24baires.com\/?p=101122","url_meta":{"origin":57568,"position":2},"title":"Indagar\u00e1n a Scioli por irregularidades en la construcci\u00f3n de las UPA 24","author":"AF","date":"17\/03\/2018","format":false,"excerpt":"El ex gobernador Daniel Scioli y quien fuera su ministro de Salud, Alejandro Collia, fueron imputados y citados a prestar declaraci\u00f3n indagatoria en el marco de una causa que investiga presuntas irregularidades en la adjudicaci\u00f3n de ocho Unidades de Pronta Atenci\u00f3n (UPA 24) para las que se destinaron m\u00e1s de\u2026","rel":"","context":"En \u00abJUDICIALES\u00bb","block_context":{"text":"JUDICIALES","link":"http:\/\/www.24baires.com\/?cat=68"},"img":{"alt_text":"","src":"https:\/\/i0.wp.com\/www.24baires.com\/wp-content\/uploads\/2014\/05\/Daniel-Scioli.jpg?resize=350%2C200","width":350,"height":200,"srcset":"https:\/\/i0.wp.com\/www.24baires.com\/wp-content\/uploads\/2014\/05\/Daniel-Scioli.jpg?resize=350%2C200 1x, https:\/\/i0.wp.com\/www.24baires.com\/wp-content\/uploads\/2014\/05\/Daniel-Scioli.jpg?resize=525%2C300 1.5x"},"classes":[]},{"id":71842,"url":"http:\/\/www.24baires.com\/?p=71842","url_meta":{"origin":57568,"position":3},"title":"Niembro decidi\u00f3 no renunciar a su candidatura","author":"GB","date":"08\/09\/2015","format":false,"excerpt":"El periodista deportivo y candidato a diputado del PRO en Provincia, Fernando Niembro, consider\u00f3 a Radio 10 que la denuncia por supuestas contrataciones irregulares forma parte de una \"campa\u00f1a sucia\" que se hace contra \u00e9l y recalc\u00f3 que no va a renunciar a su candidatura. \"No tengo nada que ocultar\",\u2026","rel":"","context":"En \u00abElecciones 2015\u00bb","block_context":{"text":"Elecciones 2015","link":"http:\/\/www.24baires.com\/?cat=74"},"img":{"alt_text":"niembro","src":"https:\/\/i0.wp.com\/www.24baires.com\/wp-content\/uploads\/2015\/09\/niembro.jpg?resize=350%2C200","width":350,"height":200,"srcset":"https:\/\/i0.wp.com\/www.24baires.com\/wp-content\/uploads\/2015\/09\/niembro.jpg?resize=350%2C200 1x, https:\/\/i0.wp.com\/www.24baires.com\/wp-content\/uploads\/2015\/09\/niembro.jpg?resize=525%2C300 1.5x"},"classes":[]},{"id":28239,"url":"http:\/\/www.24baires.com\/?p=28239","url_meta":{"origin":57568,"position":4},"title":"Para D\u00edaz P\u00e9rez, el massismo es \u201cun proyecto pol\u00edtico fantasma\u201d","author":"Grupo Sierra","date":"14\/07\/2013","format":false,"excerpt":"El intendente de Lan\u00fas advirti\u00f3\u00a0 que el l\u00edder del Frente Renovador, Sergio Massa, no define claramente en qu\u00e9 consiste su propuesta electoral porque \u201cnos tiene preparada una sorpresa muy triste para la Argentina\u201d. Lo compar\u00f3 con Carlos Menem y calific\u00f3 de \u201cespeculadores\u201d a los jefes comunales que se pasaron a\u2026","rel":"","context":"En \u00abPol\u00edtica\u00bb","block_context":{"text":"Pol\u00edtica","link":"http:\/\/www.24baires.com\/?cat=51"},"img":{"alt_text":"","src":"https:\/\/i0.wp.com\/www.24baires.com\/wp-content\/uploads\/2013\/07\/diaz-perez.jpg?resize=350%2C200","width":350,"height":200,"srcset":"https:\/\/i0.wp.com\/www.24baires.com\/wp-content\/uploads\/2013\/07\/diaz-perez.jpg?resize=350%2C200 1x, https:\/\/i0.wp.com\/www.24baires.com\/wp-content\/uploads\/2013\/07\/diaz-perez.jpg?resize=525%2C300 1.5x"},"classes":[]},{"id":54354,"url":"http:\/\/www.24baires.com\/?p=54354","url_meta":{"origin":57568,"position":5},"title":"Massa invit\u00f3 al \u00abcreador de Twitter\u00bb pero pas\u00f3 un papel\u00f3n","author":"Grupo Sierra","date":"26\/09\/2014","format":false,"excerpt":"El diputado nacional, Sergio Massa, encabez\u00f3 una jornada en Tigre bautizada \u201cgobierno inteligente\u201d donde se reunir\u00eda con los fundadores de Twitter, Skype y Netflix. Sin embargo, a partir de un comunicado se conoci\u00f3 ue los co-creadores no eran tales. Papel\u00f3n y cargadas para el precandidato a presidente. Massa, en el\u2026","rel":"","context":"En \u00abPol\u00edtica\u00bb","block_context":{"text":"Pol\u00edtica","link":"http:\/\/www.24baires.com\/?cat=51"},"img":{"alt_text":"massa otra","src":"https:\/\/i0.wp.com\/www.24baires.com\/wp-content\/uploads\/2013\/06\/massa-otra.jpg?resize=350%2C200","width":350,"height":200,"srcset":"https:\/\/i0.wp.com\/www.24baires.com\/wp-content\/uploads\/2013\/06\/massa-otra.jpg?resize=350%2C200 1x, https:\/\/i0.wp.com\/www.24baires.com\/wp-content\/uploads\/2013\/06\/massa-otra.jpg?resize=525%2C300 1.5x"},"classes":[]}],"jetpack_sharing_enabled":true,"jetpack_likes_enabled":true,"jetpack_featured_media_url":"","_links":{"self":[{"href":"http:\/\/www.24baires.com\/index.php?rest_route=\/wp\/v2\/posts\/57568","targetHints":{"allow":["GET"]}}],"collection":[{"href":"http:\/\/www.24baires.com\/index.php?rest_route=\/wp\/v2\/posts"}],"about":[{"href":"http:\/\/www.24baires.com\/index.php?rest_route=\/wp\/v2\/types\/post"}],"author":[{"embeddable":true,"href":"http:\/\/www.24baires.com\/index.php?rest_route=\/wp\/v2\/users\/4"}],"replies":[{"embeddable":true,"href":"http:\/\/www.24baires.com\/index.php?rest_route=%2Fwp%2Fv2%2Fcomments&post=57568"}],"version-history":[{"count":1,"href":"http:\/\/www.24baires.com\/index.php?rest_route=\/wp\/v2\/posts\/57568\/revisions"}],"predecessor-version":[{"id":57569,"href":"http:\/\/www.24baires.com\/index.php?rest_route=\/wp\/v2\/posts\/57568\/revisions\/57569"}],"wp:attachment":[{"href":"http:\/\/www.24baires.com\/index.php?rest_route=%2Fwp%2Fv2%2Fmedia&parent=57568"}],"wp:term":[{"taxonomy":"category","embeddable":true,"href":"http:\/\/www.24baires.com\/index.php?rest_route=%2Fwp%2Fv2%2Fcategories&post=57568"},{"taxonomy":"post_tag","embeddable":true,"href":"http:\/\/www.24baires.com\/index.php?rest_route=%2Fwp%2Fv2%2Ftags&post=57568"}],"curies":[{"name":"wp","href":"https:\/\/api.w.org\/{rel}","templated":true}]}}