{"id":57554,"date":"2014-11-22T19:48:18","date_gmt":"2014-11-22T22:48:18","guid":{"rendered":"http:\/\/www.24baires.com\/?p=57554"},"modified":"2014-11-22T19:48:18","modified_gmt":"2014-11-22T22:48:18","slug":"pro-y-carrio-un-solo-corazon","status":"publish","type":"post","link":"http:\/\/www.24baires.com\/?p=57554","title":{"rendered":"Pro y Carri\u00f3, un solo coraz\u00f3n"},"content":{"rendered":"<p><img data-recalc-dims=\"1\" loading=\"lazy\" decoding=\"async\" class=\"aligncenter size-full wp-image-51890\" src=\"https:\/\/i0.wp.com\/www.24baires.com\/wp-content\/uploads\/2014\/08\/macri-carri%C3%B3.jpg?resize=560%2C326\" alt=\"macri carri\u00f3\" width=\"560\" height=\"326\" srcset=\"https:\/\/i0.wp.com\/www.24baires.com\/wp-content\/uploads\/2014\/08\/macri-carri%C3%B3.jpg?w=560 560w, https:\/\/i0.wp.com\/www.24baires.com\/wp-content\/uploads\/2014\/08\/macri-carri%C3%B3.jpg?resize=300%2C174 300w\" sizes=\"auto, (max-width: 560px) 100vw, 560px\" \/>Tanto el l\u00edder del espacio, Mauricio Macri, como Laura Alonso, Guillermo Montenegro o Federico Sturzenegger, dieron se\u00f1ales de acercamiento a la diputada.<!--more--><\/p>\n<p>Tras su abrupta salida del Frente UNEN y de cara a un posible acercamiento, se multiplican los elogios del PRO hacia la diputada Elisa Carri\u00f3.<\/p>\n<p>Por un lado, el l\u00edder del espacio, Mauricio Macri, afirm\u00f3 desde C\u00f3rdoba: \u00abNo creo que sea tiempo de alianzas, sino de convergencias. S\u00ed estamos sumando, hay que armar una avenida ancha para aquellos que se quieran incorporar. Esto en C\u00f3rdoba se inici\u00f3 hace un a\u00f1o. Es un sentimiento nacional en el que se comparten valores con el eje en hacer y armar equipos\u00bb.<\/p>\n<p>\u00abHay un instrumento maravilloso, que son las PASO para encontrar un espacio de mayor convergencia, sin perder la identidad de cada uno\u00bb, sostuvo Macri, y volvi\u00f3 a dejar la puerta abierta.<\/p>\n<p>Los elogios hacia Carri\u00f3 tambi\u00e9n vinieron desde la diputada Laura Alonso, quien ahora ve con buenos ojos la posible llegada hacia un punto en com\u00fan entre ambos espacios.<\/p>\n<p>Tambi\u00e9n la senadora nacional Gabriela Michetti insisti\u00f3 en remarcar la necesidad de lograr \u00abalguna posibilidad de encuentro\u00bb entre dirigentes pol\u00edticos de la oposici\u00f3n con miras a las elecciones de 2015.<\/p>\n<p>Michetti indic\u00f3 en ese sentido que a nivel nacional \u00abse puede pensar en alg\u00fan sistema por el que le ofrezcamos a la gente una alternativa de mayor representaci\u00f3n que la del PRO solito\u00bb.<\/p>\n<p>Otro de los que se sum\u00f3 a esta lluvia de elogios fue el diputado Federico Sturzenegger, quien dijo que hay que \u00abtener una visi\u00f3n amplia de aquellos que traen una visi\u00f3n muy \u00e9tica y de mucha garant\u00eda de la pol\u00edtica, algo que es positivo\u00bb.<\/p>\n<p>Del mismo modo lo hizo el ministro de Justicia y Seguridad porte\u00f1o, Guillermo Montenegro, quien sostuvo que \u00abconf\u00eda\u00bb en Carri\u00f3 \u00absi entiende la misma visi\u00f3n pol\u00edtica que tenemos para la construcci\u00f3n del futuro de nuestro pa\u00eds\u00bb.<\/p>\n<p>&nbsp;<\/p>\n<p>&nbsp;<\/p>\n<p>&nbsp;<\/p>\n","protected":false},"excerpt":{"rendered":"<p>Tanto el l\u00edder del espacio, Mauricio Macri, como Laura Alonso, Guillermo Montenegro o Federico Sturzenegger, dieron se\u00f1ales de acercamiento a la diputada.<\/p>\n","protected":false},"author":11,"featured_media":0,"comment_status":"open","ping_status":"open","sticky":false,"template":"","format":"standard","meta":{"_jetpack_newsletter_access":"","_jetpack_dont_email_post_to_subs":false,"_jetpack_newsletter_tier_id":0,"_jetpack_memberships_contains_paywalled_content":false,"_jetpack_memberships_contains_paid_content":false,"footnotes":""},"categories":[51],"tags":[],"class_list":["post-57554","post","type-post","status-publish","format-standard","hentry","category-politica"],"jetpack_shortlink":"https:\/\/wp.me\/p2JWE0-eYi","jetpack-related-posts":[{"id":101129,"url":"http:\/\/www.24baires.com\/?p=101129","url_meta":{"origin":57554,"position":0},"title":"Alfons\u00edn quiere sacar al radicalismo de Cambiemos y armar un nuevo frente","author":"GB","date":"18\/03\/2018","format":false,"excerpt":"El ex diputado de la Uni\u00f3n C\u00edvica Radical Ricardo Alfons\u00edn pretende que el hist\u00f3rico partido rompa sus alianzas con Cambiemos y arme un nuevo frente progresista con el GEN y el Partido Socialista. El ex diputado y dirigente radical Ricardo Alfons\u00edn afirm\u00f3 hoy a NA que para 2019 la UCR\u2026","rel":"","context":"En \u00abPol\u00edtica\u00bb","block_context":{"text":"Pol\u00edtica","link":"http:\/\/www.24baires.com\/?cat=51"},"img":{"alt_text":"","src":"https:\/\/i0.wp.com\/www.24baires.com\/wp-content\/uploads\/2013\/09\/alfonsin.jpg?resize=350%2C200","width":350,"height":200,"srcset":"https:\/\/i0.wp.com\/www.24baires.com\/wp-content\/uploads\/2013\/09\/alfonsin.jpg?resize=350%2C200 1x, https:\/\/i0.wp.com\/www.24baires.com\/wp-content\/uploads\/2013\/09\/alfonsin.jpg?resize=525%2C300 1.5x"},"classes":[]},{"id":41909,"url":"http:\/\/www.24baires.com\/?p=41909","url_meta":{"origin":57554,"position":1},"title":"Cantado: peligra la uni\u00f3n entre Solanas, Carri\u00f3, Macri y Juez","author":"Grupo Sierra","date":"11\/03\/2014","format":false,"excerpt":"Si bien los sectores del panradicalismo, el socialismo y Proyecto Sur aspiran a aglutinar todas las alianzas distritales en un frente nacional, las diferencias est\u00e1n haciendo peligrar el acuerdo. Por un ladro Elisa Carri\u00f3 viene realiz\u00e1ndole gui\u00f1os a Mauricio Macri, pero Fernando \"Pino\" Solanas rechaz\u00f3 sumar al PRO. Por otro\u2026","rel":"","context":"En \u00abPol\u00edtica\u00bb","block_context":{"text":"Pol\u00edtica","link":"http:\/\/www.24baires.com\/?cat=51"},"img":{"alt_text":"","src":"https:\/\/i0.wp.com\/www.24baires.com\/wp-content\/uploads\/2014\/03\/pino.jpg?resize=350%2C200","width":350,"height":200,"srcset":"https:\/\/i0.wp.com\/www.24baires.com\/wp-content\/uploads\/2014\/03\/pino.jpg?resize=350%2C200 1x, https:\/\/i0.wp.com\/www.24baires.com\/wp-content\/uploads\/2014\/03\/pino.jpg?resize=525%2C300 1.5x"},"classes":[]},{"id":57637,"url":"http:\/\/www.24baires.com\/?p=57637","url_meta":{"origin":57554,"position":2},"title":"Desde el PRO aseguran que Macri no descarta sumar a Lilita Carri\u00f3","author":"AF","date":"25\/11\/2014","format":false,"excerpt":"El jefe de Gabinete porte\u00f1o, Horacio Rodr\u00edguez Larreta, puso este martes reparo ante la posibilidad de sumar al PRO a la diputada de la Coalici\u00f3n C\u00edvica. \"No estamos sumando a Carri\u00f3, Mauricio lo \u00fanico que dijo es que no lo descartaba\", repas\u00f3 al aclarar lo manifestado pro el l\u00edder del\u2026","rel":"","context":"En \u00abPol\u00edtica\u00bb","block_context":{"text":"Pol\u00edtica","link":"http:\/\/www.24baires.com\/?cat=51"},"img":{"alt_text":"carri\u00f3","src":"https:\/\/i0.wp.com\/www.24baires.com\/wp-content\/uploads\/2014\/04\/carri%C3%B3.jpg?resize=350%2C200","width":350,"height":200,"srcset":"https:\/\/i0.wp.com\/www.24baires.com\/wp-content\/uploads\/2014\/04\/carri%C3%B3.jpg?resize=350%2C200 1x, https:\/\/i0.wp.com\/www.24baires.com\/wp-content\/uploads\/2014\/04\/carri%C3%B3.jpg?resize=525%2C300 1.5x"},"classes":[]},{"id":56957,"url":"http:\/\/www.24baires.com\/?p=56957","url_meta":{"origin":57554,"position":3},"title":"\u00bfSe viene la delantera Macri-Sanz-Carri\u00f3?","author":"Grupo Sierra","date":"11\/11\/2014","format":false,"excerpt":"A trav\u00e9s de su cuenta de Facebook, el l\u00edder del PRO abri\u00f3 el juego y dej\u00f3 abierta una posible b\u00fasqueda de alianzas de cara a las pr\u00f3ximas elecciones. \"Somos muchos los que queremos un cambio verdadero; veo esa vocaci\u00f3n en Sanz y Carri\u00f3\", afirm\u00f3. A trav\u00e9s de un breve mensaje\u2026","rel":"","context":"En \u00abElecciones 2015\u00bb","block_context":{"text":"Elecciones 2015","link":"http:\/\/www.24baires.com\/?cat=74"},"img":{"alt_text":"","src":"https:\/\/i0.wp.com\/www.24baires.com\/wp-content\/uploads\/2014\/11\/macri-carrio-sanz.jpg?resize=350%2C200","width":350,"height":200,"srcset":"https:\/\/i0.wp.com\/www.24baires.com\/wp-content\/uploads\/2014\/11\/macri-carrio-sanz.jpg?resize=350%2C200 1x, https:\/\/i0.wp.com\/www.24baires.com\/wp-content\/uploads\/2014\/11\/macri-carrio-sanz.jpg?resize=525%2C300 1.5x"},"classes":[]},{"id":108185,"url":"http:\/\/www.24baires.com\/?p=108185","url_meta":{"origin":57554,"position":4},"title":"Cambiemos al rojo vivo: cruces violentos entre Carri\u00f3 y Marcos Pe\u00f1a","author":"AF","date":"15\/05\/2019","format":false,"excerpt":"La diputada cuestion\u00f3 con dureza a Frigerio y Bullrich tras la derrota en C\u00f3rdoba. Solo reconoci\u00f3 a Rodr\u00edguez Larreta y Vidal. En Cambiemos siguieron comiendo facturas. Pases de factura. La l\u00edder de la Coalici\u00f3n C\u00edvica, Elisa Carri\u00f3, respondi\u00f3 al Gobierno por el malestar con sus cr\u00edticas tras la elecci\u00f3n de\u2026","rel":"","context":"En \u00abPol\u00edtica\u00bb","block_context":{"text":"Pol\u00edtica","link":"http:\/\/www.24baires.com\/?cat=51"},"img":{"alt_text":"","src":"https:\/\/i0.wp.com\/www.24baires.com\/wp-content\/uploads\/2019\/05\/carrio-pe%C3%B1a.jpg?resize=350%2C200","width":350,"height":200,"srcset":"https:\/\/i0.wp.com\/www.24baires.com\/wp-content\/uploads\/2019\/05\/carrio-pe%C3%B1a.jpg?resize=350%2C200 1x, https:\/\/i0.wp.com\/www.24baires.com\/wp-content\/uploads\/2019\/05\/carrio-pe%C3%B1a.jpg?resize=525%2C300 1.5x"},"classes":[]},{"id":61188,"url":"http:\/\/www.24baires.com\/?p=61188","url_meta":{"origin":57554,"position":5},"title":"\u00abLa gente sacar\u00e1 sus conclusiones\u00bb, dijo Scioli sobre el acuerdo Macri-Carri\u00f3","author":"GB","date":"03\/02\/2015","format":false,"excerpt":"El gobernador bonaerense se refiri\u00f3 as\u00ed al acuerdo electoral entre el titular del PRO, Mauricio Macri, y la diputada Elisa Carri\u00f3. El s\u00e1bado pasado, el jefe de Gobierno porte\u00f1o confirm\u00f3 en Facebook que la diputada de la Coalici\u00f3n C\u00edvica, ex UNEN, competir\u00e1 en las primarias. El gobernador bonaerense, Daniel Scioli,\u2026","rel":"","context":"En \u00abPol\u00edtica\u00bb","block_context":{"text":"Pol\u00edtica","link":"http:\/\/www.24baires.com\/?cat=51"},"img":{"alt_text":"scioli 1","src":"https:\/\/i0.wp.com\/www.24baires.com\/wp-content\/uploads\/2015\/01\/scioli-1.jpg?resize=350%2C200","width":350,"height":200,"srcset":"https:\/\/i0.wp.com\/www.24baires.com\/wp-content\/uploads\/2015\/01\/scioli-1.jpg?resize=350%2C200 1x, https:\/\/i0.wp.com\/www.24baires.com\/wp-content\/uploads\/2015\/01\/scioli-1.jpg?resize=525%2C300 1.5x"},"classes":[]}],"jetpack_sharing_enabled":true,"jetpack_likes_enabled":true,"jetpack_featured_media_url":"","_links":{"self":[{"href":"http:\/\/www.24baires.com\/index.php?rest_route=\/wp\/v2\/posts\/57554","targetHints":{"allow":["GET"]}}],"collection":[{"href":"http:\/\/www.24baires.com\/index.php?rest_route=\/wp\/v2\/posts"}],"about":[{"href":"http:\/\/www.24baires.com\/index.php?rest_route=\/wp\/v2\/types\/post"}],"author":[{"embeddable":true,"href":"http:\/\/www.24baires.com\/index.php?rest_route=\/wp\/v2\/users\/11"}],"replies":[{"embeddable":true,"href":"http:\/\/www.24baires.com\/index.php?rest_route=%2Fwp%2Fv2%2Fcomments&post=57554"}],"version-history":[{"count":1,"href":"http:\/\/www.24baires.com\/index.php?rest_route=\/wp\/v2\/posts\/57554\/revisions"}],"predecessor-version":[{"id":57555,"href":"http:\/\/www.24baires.com\/index.php?rest_route=\/wp\/v2\/posts\/57554\/revisions\/57555"}],"wp:attachment":[{"href":"http:\/\/www.24baires.com\/index.php?rest_route=%2Fwp%2Fv2%2Fmedia&parent=57554"}],"wp:term":[{"taxonomy":"category","embeddable":true,"href":"http:\/\/www.24baires.com\/index.php?rest_route=%2Fwp%2Fv2%2Fcategories&post=57554"},{"taxonomy":"post_tag","embeddable":true,"href":"http:\/\/www.24baires.com\/index.php?rest_route=%2Fwp%2Fv2%2Ftags&post=57554"}],"curies":[{"name":"wp","href":"https:\/\/api.w.org\/{rel}","templated":true}]}}